{"id":10535,"date":"2025-10-19T04:00:00","date_gmt":"2025-10-19T07:00:00","guid":{"rendered":"https:\/\/noticiasregionais.com.br\/?p=10535"},"modified":"2025-10-19T04:00:00","modified_gmt":"2025-10-19T07:00:00","slug":"infogripe-casos-de-srag-por-covid-19-aumentam-em-cinco-estados","status":"publish","type":"post","link":"https:\/\/noticiasregionais.com.br\/?p=10535","title":{"rendered":"InfoGripe: casos de SRAG por Covid-19 aumentam em cinco estados"},"content":{"rendered":"<p>\t\t\t\t\t\t\t\t\t\t<audio controls class=\"b61_audio_player\" data-noticia=\"85314\" src=\"https:\/\/brasil61.com\/rails\/active_storage\/blobs\/eyJfcmFpbHMiOnsibWVzc2FnZSI6IkJBaHBBNEN2QXc9PSIsImV4cCI6bnVsbCwicHVyIjoiYmxvYl9pZCJ9fQ==--e48029e0390bd1e3d7c2c71b3cf2751692beee68\/BRAS2514962A\"><\/audio><\/p>\n<p>A \u00faltima atualiza\u00e7\u00e3o do <a href=\"https:\/\/agencia.fiocruz.br\/infogripe-casos-graves-de-influenza-e-covid-19-aumentam-em-alguns-estados\" target=\"_blank\" rel=\"noopener\">Boletim InfoGripe da Fiocruz<\/a>, divulgada nesta quinta-feira (16), aponta <strong>avan\u00e7o dos casos de S\u00edndrome Respirat\u00f3ria Aguda Grave (SRAG) causados por <a href=\"https:\/\/www.gov.br\/saude\/pt-br\/assuntos\/saude-de-a-a-z\/c\/covid-19\" target=\"_blank\" rel=\"noopener\">Covid-19<\/a><\/strong> em cinco estados:<\/p>\n<ul>\n<li>Bahia<\/li>\n<li>Paran\u00e1<\/li>\n<li>Rio Grande do Sul<\/li>\n<li>Santa Catarina<\/li>\n<li>S\u00e3o Paulo<\/li>\n<\/ul>\n<p>O <strong>levantamento epidemiol\u00f3gico<\/strong> tamb\u00e9m <strong>indica a continuidade do crescimento de casos de SRAG por <a href=\"https:\/\/www.gov.br\/saude\/pt-br\/assuntos\/saude-de-a-a-z\/g\/gripe-influenza\" target=\"_blank\" rel=\"noopener\">influenza A<\/a> <\/strong>em <a href=\"https:\/\/goias.gov.br\/\" target=\"_blank\" rel=\"noopener\"><strong>Goi\u00e1s<\/strong><\/a><b>\u00a0<\/b>e <a href=\"https:\/\/sp.gov.br\/sp\" target=\"_blank\" rel=\"noopener\"><strong>S\u00e3o Paulo<\/strong><\/a>. No entanto, n\u00e3o h\u00e1 impacto significativo nas hospitaliza\u00e7\u00f5es. A an\u00e1lise \u00e9 referente \u00e0 Semana epidemiol\u00f3gica (SE) 41, de 5 a 11 de outubro.<\/p>\n<h2>Faixas et\u00e1rias mais afetadas<\/h2>\n<p>Em rela\u00e7\u00e3o \u00e0s faixas et\u00e1rias mais afetadas, o <a href=\"https:\/\/www.es.gov.br\/\" target=\"_blank\" rel=\"noopener\"><strong>Esp\u00edrito Santo<\/strong><\/a> se destaca como o <strong>\u00fanico estado onde os casos de SRAG\u00a0por Covid-19 entre idosos permanecem est\u00e1veis<\/strong> \u2014 embora ainda em n\u00edveis elevados para a regi\u00e3o.<\/p>\n<p>A pesquisa tamb\u00e9m aponta que <strong>a incid\u00eancia da SRAG pela doen\u00e7a \u00e9 mais alta entre crian\u00e7as de at\u00e9 dois anos<\/strong>, enquanto a <strong>mortalidade continua predominante entre os idosos<\/strong>.<\/p>\n<p>Diante desse cen\u00e1rio, o <a href=\"https:\/\/www.gov.br\/saude\/pt-br\" target=\"_blank\" rel=\"noopener\">Minist\u00e9rio da Sa\u00fade<\/a> realiza <strong>neste s\u00e1bado (18) o<\/strong> <strong><a href=\"https:\/\/www.gov.br\/saude\/pt-br\/assuntos\/noticias\/2025\/outubro\/ministerio-da-saude-promove-dia-d-para-atualizar-caderneta-de-vacinacao-de-criancas-e-adolescentes\" target=\"_blank\" rel=\"noopener\">Dia D de mobiliza\u00e7\u00e3o nacional pela vacina\u00e7\u00e3o<\/a><\/strong>, com o objetivo de refor\u00e7ar a import\u00e2ncia da imuniza\u00e7\u00e3o e conter o avan\u00e7o de casos graves de SRAG.<\/p>\n<p>A pesquisadora Tatiana Portella, do Programa de Computa\u00e7\u00e3o Cient\u00edfica da <a href=\"https:\/\/fiocruz.br\/\" target=\"_blank\" rel=\"noopener\">Fiocruz<\/a> e do InfoGripe, destaca que<strong> pessoas pertencentes aos grupos de risco devem manter a carteira de vacina\u00e7\u00e3o atualizada<\/strong>.<\/p>\n<p>\u201cA gente pede para que as pessoas dos grupos de risco verifiquem se est\u00e3o em dia com a vacina\u00e7\u00e3o contra o v\u00edrus, lembrando que idosos precisam tomar doses de refor\u00e7o a cada seis meses, enquanto que os outros grupos, como imunocomprometidos, que s\u00e3o tamb\u00e9m grupos de risco, precisam tomar doses de refor\u00e7o uma vez ao ano\u201d, ressalta Portella.<\/p>\n<h2>Incid\u00eancia<\/h2>\n<p>As \u00faltimas quatro semanas epidemiol\u00f3gicas apontam que o rinov\u00edrus \u00e9 o v\u00edrus mais detectado entre os casos positivos, seguido por influenza A e covid-19.<\/p>\n<table>\n<tbody>\n<tr>\n<th>V\u00edrus<\/th>\n<th>Preval\u00eancia (%)<\/th>\n<\/tr>\n<tr>\n<td>Rinov\u00edrus<\/td>\n<td>39,8%<\/td>\n<\/tr>\n<tr>\n<td>Influenza A<\/td>\n<td>20,1%<\/td>\n<\/tr>\n<tr>\n<td>Sars-CoV-2 (Covid-19)<\/td>\n<td>16,2%<\/td>\n<\/tr>\n<tr>\n<td>V\u00edrus Sincicial Respirat\u00f3rio (VSR)<\/td>\n<td>9,1%<\/td>\n<\/tr>\n<tr>\n<td>Influenza B<\/td>\n<td>2%<\/td>\n<\/tr>\n<\/tbody>\n<\/table>\n<p><a href=\"https:\/\/agencia.fiocruz.br\/infogripe-casos-graves-de-influenza-e-covid-19-aumentam-em-alguns-estados\" target=\"_blank\" rel=\"noopener\"><span style=\"font-size:10px\"><em>Fonte: Fiocruz<\/em><\/span><\/a><\/p>\n<p>Em rela\u00e7\u00e3o aos \u00f3bitos registrados no mesmo per\u00edodo, a Covid-19 aparece como a principal causa, seguida pelo rinov\u00edrus e pela influenza A.<\/p>\n<table>\n<tbody>\n<tr>\n<th>V\u00edrus<\/th>\n<th>Preval\u00eancia (%)<\/th>\n<\/tr>\n<tr>\n<td>Sars-CoV-2 (Covid-19)<\/td>\n<td>51,5%<\/td>\n<\/tr>\n<tr>\n<td>Rinov\u00edrus<\/td>\n<td>21,4%<\/td>\n<\/tr>\n<tr>\n<td>Influenza A<\/td>\n<td>15,5%<\/td>\n<\/tr>\n<tr>\n<td>V\u00edrus Sincicial Respirat\u00f3rio (VSR)<\/td>\n<td>6,8%<\/td>\n<\/tr>\n<tr>\n<td>Influenza B<\/td>\n<td>2,9%<\/td>\n<\/tr>\n<\/tbody>\n<\/table>\n<p><a href=\"https:\/\/agencia.fiocruz.br\/infogripe-casos-graves-de-influenza-e-covid-19-aumentam-em-alguns-estados\" target=\"_blank\" rel=\"noopener\"><span style=\"font-size:10px\"><em>Fonte: Fiocruz<\/em><\/span><\/a><\/p>\n<h2>Ano epidemiol\u00f3gico<\/h2>\n<p>Ao longo do ano epidemiol\u00f3gico de 2025, o v\u00edrus sincicial respirat\u00f3rio (VSR) \u00e9 o agente mais detectado entre os casos com resultado laboratorial positivo, seguido por rinov\u00edrus e influenza A.<\/p>\n<table>\n<tbody>\n<tr>\n<th>V\u00edrus<\/th>\n<th>Preval\u00eancia (%)<\/th>\n<\/tr>\n<tr>\n<td>V\u00edrus Sincicial Respirat\u00f3rio (VSR)<\/td>\n<td>42,1%<\/td>\n<\/tr>\n<tr>\n<td>Rinov\u00edrus<\/td>\n<td>27,4%<\/td>\n<\/tr>\n<tr>\n<td>Influenza A<\/td>\n<td>23,3%<\/td>\n<\/tr>\n<tr>\n<td>Sars-CoV-2 (Covid-19)<\/td>\n<td>7,9%<\/td>\n<\/tr>\n<tr>\n<td>Influenza B<\/td>\n<td>1,2%<\/td>\n<\/tr>\n<\/tbody>\n<\/table>\n<p><a href=\"https:\/\/agencia.fiocruz.br\/infogripe-casos-graves-de-influenza-e-covid-19-aumentam-em-alguns-estados\" target=\"_blank\" rel=\"noopener\"><span style=\"font-size:10px\"><em>Fonte: Fiocruz<\/em><\/span><\/a><\/p>\n<p>No mesmo recorte temporal, j\u00e1 foram contabilizadas mais de 11 mil mortes. Desse total, 51,6% tiveram confirma\u00e7\u00e3o laboratorial para algum v\u00edrus respirat\u00f3rio, com destaque para a influenza A, principal agente identificado.<\/p>\n<table>\n<tbody>\n<tr>\n<th>V\u00edrus<\/th>\n<th>Preval\u00eancia (%)<\/th>\n<\/tr>\n<tr>\n<td>Influenza A<\/td>\n<td>50,3%<\/td>\n<\/tr>\n<tr>\n<td>Sars-CoV-2 (Covid-19)<\/td>\n<td>23%<\/td>\n<\/tr>\n<tr>\n<td>Rinov\u00edrus<\/td>\n<td>14%<\/td>\n<\/tr>\n<tr>\n<td>V\u00edrus Sincicial Respirat\u00f3rio (VSR)<\/td>\n<td>11,8%<\/td>\n<\/tr>\n<tr>\n<td>Influenza B<\/td>\n<td>1,8%<\/td>\n<\/tr>\n<\/tbody>\n<\/table>\n<p><a href=\"https:\/\/agencia.fiocruz.br\/infogripe-casos-graves-de-influenza-e-covid-19-aumentam-em-alguns-estados\" target=\"_blank\" rel=\"noopener\"><span style=\"font-size:10px\"><em>Fonte: Fiocruz<\/em><\/span><\/a><\/p>\n<p><strong>VEJA MAIS:<\/strong><\/p>\n<ul>\n<li><a href=\"https:\/\/brasil61.com\/n\/vacina-para-hpv-reduz-em-ate-58-os-casos-de-cancer-do-colo-do-utero-no-brasil-bras2514912\" target=\"_blank\" rel=\"noopener\">Vacina para HPV reduz em at\u00e9 58% os casos de c\u00e2ncer do colo do \u00fatero no Brasil<\/a><\/li>\n<li><a href=\"https:\/\/brasil61.com\/n\/governo-lanca-fundo-de-r-20-bilhoes-para-modernizar-rede-publica-de-saude-bras2514942\" target=\"_blank\" rel=\"noopener\">Governo lan\u00e7a fundo de R$ 20 bilh\u00f5es para modernizar rede p\u00fablica de sa\u00fade<\/a><\/li>\n<\/ul>\n<p>\t\t\t\t\t\t\t\t\t<img decoding=\"async\" src=\"https:\/\/brasil61.com\/api\/v1\/serve_pixel\/22254\/85314\" alt=\"Pixel Brasil 61\" class=\"b61_pixel\" width=\"0\" height=\"0\"><\/p>\n<div class=\"br61_backlink\">\n<p>\n\t\t\t\tFonte: <a href=\"https:\/\/brasil61.com\/infogripe-casos-de-srag-por-covid-19-aumentam-em-cinco-estados-bras2514962\" title=\"Artigo Original: InfoGripe: casos de SRAG por Covid-19 aumentam em cinco estados\" target=\"_blank\" rel=\"noopener\">Brasil 61<\/a>\n\t\t\t<\/p>\n<\/p><\/div>\n<input type=\"hidden\" id=\"baseurl\" value=\"https:\/\/noticiasregionais.com.br\"><input type=\"hidden\" id=\"audio_nonce\" value=\"533fbb67b1\">","protected":false},"excerpt":{"rendered":"<p>Estudo epidemiol\u00f3gico tamb\u00e9m indica alta nas incid\u00eancias por influenza A em SP e GO; Covid-19 lidera os \u00f3bitos por SRAG nas \u00faltimas quatro semanas, com 51,5%<\/p>\n","protected":false},"author":1,"featured_media":10536,"comment_status":"","ping_status":"open","sticky":false,"template":"","format":"standard","meta":{"sfsi_plus_gutenberg_text_before_share":"","sfsi_plus_gutenberg_show_text_before_share":"","sfsi_plus_gutenberg_icon_type":"","sfsi_plus_gutenberg_icon_alignemt":"","sfsi_plus_gutenburg_max_per_row":"","footnotes":""},"categories":[8],"tags":[],"class_list":["post-10535","post","type-post","status-publish","format-standard","has-post-thumbnail","hentry","category-brasil"],"_links":{"self":[{"href":"https:\/\/noticiasregionais.com.br\/index.php?rest_route=\/wp\/v2\/posts\/10535","targetHints":{"allow":["GET"]}}],"collection":[{"href":"https:\/\/noticiasregionais.com.br\/index.php?rest_route=\/wp\/v2\/posts"}],"about":[{"href":"https:\/\/noticiasregionais.com.br\/index.php?rest_route=\/wp\/v2\/types\/post"}],"author":[{"embeddable":true,"href":"https:\/\/noticiasregionais.com.br\/index.php?rest_route=\/wp\/v2\/users\/1"}],"replies":[{"embeddable":true,"href":"https:\/\/noticiasregionais.com.br\/index.php?rest_route=%2Fwp%2Fv2%2Fcomments&post=10535"}],"version-history":[{"count":0,"href":"https:\/\/noticiasregionais.com.br\/index.php?rest_route=\/wp\/v2\/posts\/10535\/revisions"}],"wp:featuredmedia":[{"embeddable":true,"href":"https:\/\/noticiasregionais.com.br\/index.php?rest_route=\/wp\/v2\/media\/10536"}],"wp:attachment":[{"href":"https:\/\/noticiasregionais.com.br\/index.php?rest_route=%2Fwp%2Fv2%2Fmedia&parent=10535"}],"wp:term":[{"taxonomy":"category","embeddable":true,"href":"https:\/\/noticiasregionais.com.br\/index.php?rest_route=%2Fwp%2Fv2%2Fcategories&post=10535"},{"taxonomy":"post_tag","embeddable":true,"href":"https:\/\/noticiasregionais.com.br\/index.php?rest_route=%2Fwp%2Fv2%2Ftags&post=10535"}],"curies":[{"name":"wp","href":"https:\/\/api.w.org\/{rel}","templated":true}]}}