{"id":10545,"date":"2025-10-20T04:15:00","date_gmt":"2025-10-20T07:15:00","guid":{"rendered":"https:\/\/noticiasregionais.com.br\/?p=10545"},"modified":"2025-10-20T04:15:00","modified_gmt":"2025-10-20T07:15:00","slug":"soja-e-trigo-confira-as-cotacoes-de-preco-para-esta-segunda-feira-20","status":"publish","type":"post","link":"https:\/\/noticiasregionais.com.br\/?p=10545","title":{"rendered":"Soja e trigo: confira as cota\u00e7\u00f5es de pre\u00e7o para esta segunda-feira (20)"},"content":{"rendered":"<p>\t\t\t\t\t\t\t\t\t\t<audio controls class=\"b61_audio_player\" data-noticia=\"85325\" src=\"https:\/\/brasil61.com\/rails\/active_storage\/blobs\/eyJfcmFpbHMiOnsibWVzc2FnZSI6IkJBaHBBNGl2QXc9PSIsImV4cCI6bnVsbCwicHVyIjoiYmxvYl9pZCJ9fQ==--f67ae727db70095a3f0f921ffbe7e941ba72d703\/PAGR255872A\"><\/audio><\/p>\n<p>A saca de 60 kg da soja, nesta segunda-feira (20), registra alta\u00a0no interior do Paran\u00e1 e no litoral do estado, em Paranagu\u00e1. Na primeira regi\u00e3o, o gr\u00e3o \u00e9 negociado a R$ 133,56, enquanto no litoral a cota\u00e7\u00e3o chega a\u00a0R$ 138,77.<\/p>\n<h3>INDICADOR DA SOJA CEPEA\/ESALQ &#8211; PARAN\u00c1<\/h3>\n<table>\n<thead>\n<tr>\n<th>Data<\/th>\n<th>Valor R$*<\/th>\n<th>Var.\/Dia<\/th>\n<th>Var.\/M\u00eas<\/th>\n<th>Valor US$*<\/th>\n<\/tr>\n<\/thead>\n<tbody>\n<tr>\n<td>17\/10\/2025<\/td>\n<td>133,56<\/td>\n<td>0,45%<\/td>\n<td>3,63%<\/td>\n<td>24,71<\/td>\n<\/tr>\n<tr>\n<td>16\/10\/2025<\/td>\n<td>132,96<\/td>\n<td>-0,20%<\/td>\n<td>3,17%<\/td>\n<td>24,41<\/td>\n<\/tr>\n<tr>\n<td>15\/10\/2025<\/td>\n<td>133,23<\/td>\n<td>-0,05%<\/td>\n<td>3,38%<\/td>\n<td>24,41<\/td>\n<\/tr>\n<tr>\n<td>14\/10\/2025<\/td>\n<td>133,29<\/td>\n<td>-0,11%<\/td>\n<td>3,42%<\/td>\n<td>24,38<\/td>\n<\/tr>\n<tr>\n<td>13\/10\/2025<\/td>\n<td>133,44<\/td>\n<td>0,57%<\/td>\n<td>3,54%<\/td>\n<td>24,45<\/td>\n<\/tr>\n<\/tbody>\n<\/table>\n<h3 dir=\"ltr\">INDICADOR DA SOJA CEPEA\/ESALQ &#8211; PARANAGU\u00c1<\/h3>\n<table>\n<thead>\n<tr>\n<th>Data<\/th>\n<th>Valor R$*<\/th>\n<th>Var.\/Dia<\/th>\n<th>Var.\/M\u00eas<\/th>\n<th>Valor US$*<\/th>\n<\/tr>\n<\/thead>\n<tbody>\n<tr>\n<td>17\/10\/2025<\/td>\n<td>138,77<\/td>\n<td>0,43%<\/td>\n<td>3,85%<\/td>\n<td>25,67<\/td>\n<\/tr>\n<tr>\n<td>16\/10\/2025<\/td>\n<td>138,17<\/td>\n<td>-0,07%<\/td>\n<td>3,41%<\/td>\n<td>25,37<\/td>\n<\/tr>\n<tr>\n<td>15\/10\/2025<\/td>\n<td>138,26<\/td>\n<td>0,00%<\/td>\n<td>3,47%<\/td>\n<td>25,34<\/td>\n<\/tr>\n<tr>\n<td>14\/10\/2025<\/td>\n<td>138,26<\/td>\n<td>0,11%<\/td>\n<td>3,47%<\/td>\n<td>25,30<\/td>\n<\/tr>\n<tr>\n<td>13\/10\/2025<\/td>\n<td>138,11<\/td>\n<td>0,67%<\/td>\n<td>3,36%<\/td>\n<td>25,30<\/td>\n<\/tr>\n<\/tbody>\n<\/table>\n<h2>Trigo<\/h2>\n<p>O pre\u00e7o do trigo apresenta alta de 0,30% no Paran\u00e1 e a tonelada \u00e9 negociada a R$ 1.211,63. E no Rio Grande do Sul, a tonelada do gr\u00e3o registra desvaloriza\u00e7\u00e3o de 0,45%, sendo cotada a R$ 1.111,42.<\/p>\n<h3>PRE\u00c7O M\u00c9DIO DO TRIGO CEPEA\/ESALQ &#8211; PARAN\u00c1<\/h3>\n<table>\n<thead>\n<tr>\n<th>Data<\/th>\n<th>Valor R$\/t*<\/th>\n<th>Var.\/Dia<\/th>\n<th>Var.\/M\u00eas<\/th>\n<th>Valor US$\/t*<\/th>\n<\/tr>\n<\/thead>\n<tbody>\n<tr>\n<td>17\/10\/2025<\/td>\n<td>1.211,63<\/td>\n<td>0,30%<\/td>\n<td>-3,91%<\/td>\n<td>224,13<\/td>\n<\/tr>\n<tr>\n<td>16\/10\/2025<\/td>\n<td>1.207,95<\/td>\n<td>-1,96%<\/td>\n<td>-4,20%<\/td>\n<td>221,77<\/td>\n<\/tr>\n<tr>\n<td>15\/10\/2025<\/td>\n<td>1.232,09<\/td>\n<td>-0,03%<\/td>\n<td>-2,28%<\/td>\n<td>225,78<\/td>\n<\/tr>\n<tr>\n<td>14\/10\/2025<\/td>\n<td>1.232,51<\/td>\n<td>0,23%<\/td>\n<td>-2,25%<\/td>\n<td>225,49<\/td>\n<\/tr>\n<tr>\n<td>13\/10\/2025<\/td>\n<td>1.229,73<\/td>\n<td>-0,72%<\/td>\n<td>-2,47%<\/td>\n<td>225,31<\/td>\n<\/tr>\n<\/tbody>\n<\/table>\n<p>PRE\u00c7O M\u00c9DIO DO TRIGO CEPEA\/ESALQ &#8211; RIO GRANDE DO SUL<\/p>\n<table>\n<thead>\n<tr>\n<th>Data<\/th>\n<th>Valor R$\/t*<\/th>\n<th>Var.\/Dia<\/th>\n<th>Var.\/M\u00eas<\/th>\n<th>Valor US$\/t*<\/th>\n<\/tr>\n<\/thead>\n<tbody>\n<tr>\n<td>17\/10\/2025<\/td>\n<td>1.111,42<\/td>\n<td>-0,45%<\/td>\n<td>-9,34%<\/td>\n<td>205,59<\/td>\n<\/tr>\n<tr>\n<td>16\/10\/2025<\/td>\n<td>1.116,48<\/td>\n<td>-0,63%<\/td>\n<td>-8,92%<\/td>\n<td>204,97<\/td>\n<\/tr>\n<tr>\n<td>15\/10\/2025<\/td>\n<td>1.123,56<\/td>\n<td>-2,47%<\/td>\n<td>-8,35%<\/td>\n<td>205,89<\/td>\n<\/tr>\n<tr>\n<td>14\/10\/2025<\/td>\n<td>1.152,02<\/td>\n<td>0,19%<\/td>\n<td>-6,02%<\/td>\n<td>210,76<\/td>\n<\/tr>\n<tr>\n<td>13\/10\/2025<\/td>\n<td>1.149,79<\/td>\n<td>-0,94%<\/td>\n<td>-6,21%<\/td>\n<td>210,66<\/td>\n<\/tr>\n<\/tbody>\n<\/table>\n<p>Os dados s\u00e3o do <a href=\"https:\/\/www.cepea.org.br\/br\/indicador\/trigo.aspx\" target=\"_blank\" rel=\"noopener\">Cepea<\/a>.<\/p>\n<h2>O que \u00e9 uma saca de soja ou de trigo? Entenda a unidade de medida no mercado de gr\u00e3os<\/h2>\n<p>A saca de soja e a saca de trigo s\u00e3o as principais unidades de comercializa\u00e7\u00e3o de gr\u00e3os no Brasil. Cada saca equivale a 60 quilos, padr\u00e3o adotado por \u00f3rg\u00e3os oficiais como a Companhia Nacional de Abastecimento (Conab), o Minist\u00e9rio da Agricultura (MAPA) e o Centro de Estudos Avan\u00e7ados em Economia Aplicada (Cepea).<\/p>\n<p>Esse formato padronizado facilita o com\u00e9rcio da soja e do trigo, al\u00e9m de permitir um acompanhamento mais preciso das cota\u00e7\u00f5es e varia\u00e7\u00f5es de pre\u00e7os no mercado nacional.<br \/>\n\u00a0<\/p>\n<p>\t\t\t\t\t\t\t\t\t<img decoding=\"async\" src=\"https:\/\/brasil61.com\/api\/v1\/serve_pixel\/22254\/85325\" alt=\"Pixel Brasil 61\" class=\"b61_pixel\" width=\"0\" height=\"0\"><\/p>\n<div class=\"br61_backlink\">\n<p>\n\t\t\t\tFonte: <a href=\"https:\/\/brasil61.com\/soja-e-trigo-confira-as-cotacoes-de-preco-para-esta-segunda-feira-20-pagr255872\" title=\"Artigo Original: Soja e trigo: confira as cota\u00e7\u00f5es de pre\u00e7o para esta segunda-feira (20)\" target=\"_blank\" rel=\"noopener\">Brasil 61<\/a>\n\t\t\t<\/p>\n<\/p><\/div>\n<input type=\"hidden\" id=\"baseurl\" value=\"https:\/\/noticiasregionais.com.br\"><input type=\"hidden\" id=\"audio_nonce\" value=\"5c13e0637f\">","protected":false},"excerpt":{"rendered":"<p>Cota\u00e7\u00f5es da soja sobem em Paranagu\u00e1; trigo registra queda no Rio Grande do Sul<\/p>\n","protected":false},"author":1,"featured_media":10546,"comment_status":"","ping_status":"open","sticky":false,"template":"","format":"standard","meta":{"sfsi_plus_gutenberg_text_before_share":"","sfsi_plus_gutenberg_show_text_before_share":"","sfsi_plus_gutenberg_icon_type":"","sfsi_plus_gutenberg_icon_alignemt":"","sfsi_plus_gutenburg_max_per_row":"","footnotes":""},"categories":[8],"tags":[],"class_list":["post-10545","post","type-post","status-publish","format-standard","has-post-thumbnail","hentry","category-brasil"],"_links":{"self":[{"href":"https:\/\/noticiasregionais.com.br\/index.php?rest_route=\/wp\/v2\/posts\/10545","targetHints":{"allow":["GET"]}}],"collection":[{"href":"https:\/\/noticiasregionais.com.br\/index.php?rest_route=\/wp\/v2\/posts"}],"about":[{"href":"https:\/\/noticiasregionais.com.br\/index.php?rest_route=\/wp\/v2\/types\/post"}],"author":[{"embeddable":true,"href":"https:\/\/noticiasregionais.com.br\/index.php?rest_route=\/wp\/v2\/users\/1"}],"replies":[{"embeddable":true,"href":"https:\/\/noticiasregionais.com.br\/index.php?rest_route=%2Fwp%2Fv2%2Fcomments&post=10545"}],"version-history":[{"count":0,"href":"https:\/\/noticiasregionais.com.br\/index.php?rest_route=\/wp\/v2\/posts\/10545\/revisions"}],"wp:featuredmedia":[{"embeddable":true,"href":"https:\/\/noticiasregionais.com.br\/index.php?rest_route=\/wp\/v2\/media\/10546"}],"wp:attachment":[{"href":"https:\/\/noticiasregionais.com.br\/index.php?rest_route=%2Fwp%2Fv2%2Fmedia&parent=10545"}],"wp:term":[{"taxonomy":"category","embeddable":true,"href":"https:\/\/noticiasregionais.com.br\/index.php?rest_route=%2Fwp%2Fv2%2Fcategories&post=10545"},{"taxonomy":"post_tag","embeddable":true,"href":"https:\/\/noticiasregionais.com.br\/index.php?rest_route=%2Fwp%2Fv2%2Ftags&post=10545"}],"curies":[{"name":"wp","href":"https:\/\/api.w.org\/{rel}","templated":true}]}}