{"id":10553,"date":"2025-10-20T14:00:00","date_gmt":"2025-10-20T17:00:00","guid":{"rendered":"https:\/\/noticiasregionais.com.br\/?p=10553"},"modified":"2025-10-20T14:00:00","modified_gmt":"2025-10-20T17:00:00","slug":"macrorregionalizacao-ministerio-da-saude-redefine-distribuicao-de-orgaos-para-transplantes","status":"publish","type":"post","link":"https:\/\/noticiasregionais.com.br\/?p=10553","title":{"rendered":"Macrorregionaliza\u00e7\u00e3o: Minist\u00e9rio da Sa\u00fade redefine distribui\u00e7\u00e3o de \u00f3rg\u00e3os para transplantes"},"content":{"rendered":"<p>\t\t\t\t\t\t\t\t\t\t<audio controls class=\"b61_audio_player\" data-noticia=\"85127\" src=\"https:\/\/brasil61.com\/rails\/active_storage\/blobs\/eyJfcmFpbHMiOnsibWVzc2FnZSI6IkJBaHBBL0NwQXc9PSIsImV4cCI6bnVsbCwicHVyIjoiYmxvYl9pZCJ9fQ==--1e39fbb55fe631c79a4b564719386ffd21a105ce\/PDMS252965A\"><\/audio><\/p>\n<p>O <a href=\"https:\/\/www.gov.br\/saude\/pt-br\" target=\"_blank\" rel=\"noopener\">Minist\u00e9rio da Sa\u00fade<\/a> apresentou uma <strong>nova estrat\u00e9gia para distribuir \u00f3rg\u00e3os destinados a transplantes no Brasil<\/strong>. <strong>A proposta redefine as \u00e1reas de aloca\u00e7\u00e3o e estabelece prioridade para o envio entre estados da mesma regi\u00e3o geogr\u00e1fica<\/strong>. Caso n\u00e3o exista receptor compat\u00edvel na regi\u00e3o, o \u00f3rg\u00e3o passa para a lista nacional.<\/p>\n<p>Desde 1997, os \u00f3rg\u00e3os circulam entre grupos de estados de diferentes regi\u00f5es, conforme a malha a\u00e9rea dispon\u00edvel na \u00e9poca. S\u00e3o Paulo, por exemplo, integra uma macrorregi\u00e3o que inclui estados do Norte e Centro-Oeste, por concentrar voos regulares para essas \u00e1reas.<\/p>\n<p>Com a amplia\u00e7\u00e3o dos programas de transplantes e a diversifica\u00e7\u00e3o dos voos, inclusive com apoio da <a href=\"https:\/\/www.fab.mil.br\/\" target=\"_blank\" rel=\"noopener\">For\u00e7a A\u00e9rea Brasileira (FAB)<\/a>, a pasta prop\u00f4s uma nova redistribui\u00e7\u00e3o. <strong>A iniciativa respeita as rotas a\u00e9reas atuais e garante maior rapidez no transporte dos \u00f3rg\u00e3os at\u00e9 os hospitais<\/strong>.<\/p>\n<p>Durante o lan\u00e7amento da <a href=\"https:\/\/www.gov.br\/saude\/pt-br\/campanhas-da-saude\/2024\/doacao-de-orgaos\" target=\"_blank\" rel=\"noopener\">campanha de incentivo \u00e0 doa\u00e7\u00e3o de \u00f3rg\u00e3os\u00a0\u201cVoc\u00ea diz sim, o Brasil inteiro agradece\u201d<\/a>, a coordenadora-geral do <a href=\"https:\/\/www.gov.br\/saude\/pt-br\/composicao\/saes\/snt\" target=\"_blank\" rel=\"noopener\">Sistema Nacional de Transplantes (SNT)<\/a>, Patr\u00edcia Freire, destacou a mudan\u00e7a na distribui\u00e7\u00e3o regional.<\/p>\n<p>\u201cQuem conhece a legisla\u00e7\u00e3o de transplante sabe que os estados, por exemplo, da regi\u00e3o Centro-Oeste, Norte e S\u00e3o Paulo, formavam uma regi\u00e3o s\u00f3. Com a nova macrorregionaliza\u00e7\u00e3o, cada um no seu quadrado agora. Nordeste com Nordeste, Sudeste com Sudeste, Centro-Oeste com Centro-Oeste. Pretendemos otimizar a log\u00edstica de transporte a\u00e9reo e tamb\u00e9m priorizar os doentes da regi\u00e3o onde os doadores s\u00e3o identificados\u201d.<\/p>\n<p>A nova organiza\u00e7\u00e3o <strong>amplia as oportunidades de transplantes em regi\u00f5es que registram menor n\u00famero de procedimentos<\/strong> e promove a equidade no acesso \u00e0 sa\u00fade.\u00a0Segundo o ministro da Sa\u00fade, Alexandre Padilha,\u00a0\u201ca\u00a0nova distribui\u00e7\u00e3o macrorregional tamb\u00e9m vai contribuir para que a gente desconcentre a realiza\u00e7\u00e3o dos transplantes no pa\u00eds\u201d.<\/p>\n<p>Com a atualiza\u00e7\u00e3o do Regulamento T\u00e9cnico do SNT, <strong>os estados passam a integrar macrorregi\u00f5es alinhadas \u00e0 geografia e \u00e0 log\u00edstica atual<\/strong>, o que favorece o aproveitamento dos \u00f3rg\u00e3os e acelera o atendimento aos pacientes.\u00a0<\/p>\n<p>Converse com sua fam\u00edlia e seja um doador. Para mais informa\u00e7\u00f5es, acesse o site gov.br\/saude\/pt-br.<\/p>\n<p>\t\t\t\t\t\t\t\t\t<img decoding=\"async\" src=\"https:\/\/brasil61.com\/api\/v1\/serve_pixel\/22254\/85127\" alt=\"Pixel Brasil 61\" class=\"b61_pixel\" width=\"0\" height=\"0\"><\/p>\n<div class=\"br61_backlink\">\n<p>\n\t\t\t\tFonte: <a href=\"https:\/\/brasil61.com\/macrorregionalizacao-ministerio-da-saude-redefine-distribuicao-de-orgaos-para-transplantes-pdms252965\" title=\"Artigo Original:  Macrorregionaliza\u00e7\u00e3o: Minist\u00e9rio da Sa\u00fade redefine distribui\u00e7\u00e3o de \u00f3rg\u00e3os para transplantes\" target=\"_blank\" rel=\"noopener\">Brasil 61<\/a>\n\t\t\t<\/p>\n<\/p><\/div>\n<input type=\"hidden\" id=\"baseurl\" value=\"https:\/\/noticiasregionais.com.br\"><input type=\"hidden\" id=\"audio_nonce\" value=\"5c13e0637f\">","protected":false},"excerpt":{"rendered":"<p>Iniciativa respeita as rotas a\u00e9reas atuais e garante maior rapidez no transporte dos \u00f3rg\u00e3os at\u00e9 os hospitais<\/p>\n","protected":false},"author":1,"featured_media":10554,"comment_status":"","ping_status":"open","sticky":false,"template":"","format":"standard","meta":{"sfsi_plus_gutenberg_text_before_share":"","sfsi_plus_gutenberg_show_text_before_share":"","sfsi_plus_gutenberg_icon_type":"","sfsi_plus_gutenberg_icon_alignemt":"","sfsi_plus_gutenburg_max_per_row":"","footnotes":""},"categories":[8],"tags":[],"class_list":["post-10553","post","type-post","status-publish","format-standard","has-post-thumbnail","hentry","category-brasil"],"_links":{"self":[{"href":"https:\/\/noticiasregionais.com.br\/index.php?rest_route=\/wp\/v2\/posts\/10553","targetHints":{"allow":["GET"]}}],"collection":[{"href":"https:\/\/noticiasregionais.com.br\/index.php?rest_route=\/wp\/v2\/posts"}],"about":[{"href":"https:\/\/noticiasregionais.com.br\/index.php?rest_route=\/wp\/v2\/types\/post"}],"author":[{"embeddable":true,"href":"https:\/\/noticiasregionais.com.br\/index.php?rest_route=\/wp\/v2\/users\/1"}],"replies":[{"embeddable":true,"href":"https:\/\/noticiasregionais.com.br\/index.php?rest_route=%2Fwp%2Fv2%2Fcomments&post=10553"}],"version-history":[{"count":0,"href":"https:\/\/noticiasregionais.com.br\/index.php?rest_route=\/wp\/v2\/posts\/10553\/revisions"}],"wp:featuredmedia":[{"embeddable":true,"href":"https:\/\/noticiasregionais.com.br\/index.php?rest_route=\/wp\/v2\/media\/10554"}],"wp:attachment":[{"href":"https:\/\/noticiasregionais.com.br\/index.php?rest_route=%2Fwp%2Fv2%2Fmedia&parent=10553"}],"wp:term":[{"taxonomy":"category","embeddable":true,"href":"https:\/\/noticiasregionais.com.br\/index.php?rest_route=%2Fwp%2Fv2%2Fcategories&post=10553"},{"taxonomy":"post_tag","embeddable":true,"href":"https:\/\/noticiasregionais.com.br\/index.php?rest_route=%2Fwp%2Fv2%2Ftags&post=10553"}],"curies":[{"name":"wp","href":"https:\/\/api.w.org\/{rel}","templated":true}]}}