{"id":10557,"date":"2025-10-21T04:20:00","date_gmt":"2025-10-21T07:20:00","guid":{"rendered":"https:\/\/noticiasregionais.com.br\/?p=10557"},"modified":"2025-10-21T04:20:00","modified_gmt":"2025-10-21T07:20:00","slug":"governo-federal-lanca-o-programa-reforma-casa-brasil","status":"publish","type":"post","link":"https:\/\/noticiasregionais.com.br\/?p=10557","title":{"rendered":"Governo federal lan\u00e7a o programa Reforma Casa Brasil"},"content":{"rendered":"<p>\t\t\t\t\t\t\t\t\t\t<audio controls class=\"b61_audio_player\" data-noticia=\"85342\" src=\"https:\/\/brasil61.com\/rails\/active_storage\/blobs\/eyJfcmFpbHMiOnsibWVzc2FnZSI6IkJBaHBBMFd3QXc9PSIsImV4cCI6bnVsbCwicHVyIjoiYmxvYl9pZCJ9fQ==--42b08fb2b7946f6d8cdc2c9732ddeac2e9912691\/BRAS2514973A\"><\/audio><\/p>\n<p>O Governo Federal acaba de lan\u00e7ar o <strong>programa Reforma Casa Brasil<\/strong>, desenvolvido pelos <strong>minist\u00e9rios das Cidades e da Fazenda<\/strong> e em parceria com a <strong>Caixa<\/strong>. O programa,\u00a0que facilita cr\u00e9dito para a melhoria de moradias em todo o Brasil, foi concebido para <strong>atender fam\u00edlias que possuem im\u00f3veis com danos estruturais ou que necessitem de adequa\u00e7\u00e3o<\/strong>. Apesar da prioridade para propriedades residenciais, as linhas de cr\u00e9dito podem contemplar im\u00f3veis de uso misto.<\/p>\n<h2>Tipos de adequa\u00e7\u00f5es previstas no programa<\/h2>\n<ul>\n<li>Telhados danificados;<\/li>\n<li>Pisos comprometidos;<\/li>\n<li>Instala\u00e7\u00f5es el\u00e9tricas ou hidr\u00e1ulicas prec\u00e1rias;<\/li>\n<li>Falta de acessibilidade;<\/li>\n<li>Necessidade de amplia\u00e7\u00e3o.<\/li>\n<\/ul>\n<p>O programa contar\u00e1 com <strong>R$ 30 bilh\u00f5es do Fundo Social<\/strong>\u00a0em linhas de cr\u00e9dito, voltadas a fam\u00edlias com renda de <strong>at\u00e9 R$ 9.600<\/strong>. A Caixa tamb\u00e9m disponibilizar\u00e1 <strong>R$ 10 bilh\u00f5es do Sistema Brasileiro de Poupan\u00e7a e Empr\u00e9stimo (SBPE)<\/strong> para rendas superiores a esse limite, totalizando R$ 40 bilh\u00f5es em cr\u00e9dito habitacional. A <strong>meta inicial<\/strong> <strong>\u00e9 1,5 milh\u00e3o de contrata\u00e7\u00f5es<\/strong>.<\/p>\n<p>Os recursos podem ser utilizados para\u00a0compra de materiais, pagamento de m\u00e3o de obra e servi\u00e7os t\u00e9cnicos, como projetos e acompanhamento de obras. A opera\u00e7\u00e3o ser\u00e1 simplificada e digital, iniciada pelo site da Caixa ou aplicativo do banco, <strong>a partir de 3 de novembro<\/strong>\u00a0deste ano.\u00a0<\/p>\n<p>\t\t\t\t\t\t\t\t\t<img decoding=\"async\" src=\"https:\/\/brasil61.com\/api\/v1\/serve_pixel\/22254\/85342\" alt=\"Pixel Brasil 61\" class=\"b61_pixel\" width=\"0\" height=\"0\"><\/p>\n<div class=\"br61_backlink\">\n<p>\n\t\t\t\tFonte: <a href=\"https:\/\/brasil61.com\/governo-federal-lanca-o-programa-reforma-casa-brasil-bras2514973\" title=\"Artigo Original: Governo federal lan\u00e7a o programa Reforma Casa Brasil\" target=\"_blank\" rel=\"noopener\">Brasil 61<\/a>\n\t\t\t<\/p>\n<\/p><\/div>\n<input type=\"hidden\" id=\"baseurl\" value=\"https:\/\/noticiasregionais.com.br\"><input type=\"hidden\" id=\"audio_nonce\" value=\"5c13e0637f\">","protected":false},"excerpt":{"rendered":"<p>Objetivo \u00e9 atender fam\u00edlias com moradias com problemas estruturais ou de adequa\u00e7\u00e3o<\/p>\n","protected":false},"author":1,"featured_media":10558,"comment_status":"","ping_status":"open","sticky":false,"template":"","format":"standard","meta":{"sfsi_plus_gutenberg_text_before_share":"","sfsi_plus_gutenberg_show_text_before_share":"","sfsi_plus_gutenberg_icon_type":"","sfsi_plus_gutenberg_icon_alignemt":"","sfsi_plus_gutenburg_max_per_row":"","footnotes":""},"categories":[8],"tags":[],"class_list":["post-10557","post","type-post","status-publish","format-standard","has-post-thumbnail","hentry","category-brasil"],"_links":{"self":[{"href":"https:\/\/noticiasregionais.com.br\/index.php?rest_route=\/wp\/v2\/posts\/10557","targetHints":{"allow":["GET"]}}],"collection":[{"href":"https:\/\/noticiasregionais.com.br\/index.php?rest_route=\/wp\/v2\/posts"}],"about":[{"href":"https:\/\/noticiasregionais.com.br\/index.php?rest_route=\/wp\/v2\/types\/post"}],"author":[{"embeddable":true,"href":"https:\/\/noticiasregionais.com.br\/index.php?rest_route=\/wp\/v2\/users\/1"}],"replies":[{"embeddable":true,"href":"https:\/\/noticiasregionais.com.br\/index.php?rest_route=%2Fwp%2Fv2%2Fcomments&post=10557"}],"version-history":[{"count":0,"href":"https:\/\/noticiasregionais.com.br\/index.php?rest_route=\/wp\/v2\/posts\/10557\/revisions"}],"wp:featuredmedia":[{"embeddable":true,"href":"https:\/\/noticiasregionais.com.br\/index.php?rest_route=\/wp\/v2\/media\/10558"}],"wp:attachment":[{"href":"https:\/\/noticiasregionais.com.br\/index.php?rest_route=%2Fwp%2Fv2%2Fmedia&parent=10557"}],"wp:term":[{"taxonomy":"category","embeddable":true,"href":"https:\/\/noticiasregionais.com.br\/index.php?rest_route=%2Fwp%2Fv2%2Fcategories&post=10557"},{"taxonomy":"post_tag","embeddable":true,"href":"https:\/\/noticiasregionais.com.br\/index.php?rest_route=%2Fwp%2Fv2%2Ftags&post=10557"}],"curies":[{"name":"wp","href":"https:\/\/api.w.org\/{rel}","templated":true}]}}