{"id":10559,"date":"2025-10-21T04:00:00","date_gmt":"2025-10-21T07:00:00","guid":{"rendered":"https:\/\/noticiasregionais.com.br\/?p=10559"},"modified":"2025-10-21T04:00:00","modified_gmt":"2025-10-21T07:00:00","slug":"soja-e-trigo-hoje-confira-as-cotacoes-para-terca-21","status":"publish","type":"post","link":"https:\/\/noticiasregionais.com.br\/?p=10559","title":{"rendered":"Soja e trigo hoje: confira as cota\u00e7\u00f5es para ter\u00e7a (21)"},"content":{"rendered":"<p>\t\t\t\t\t\t\t\t\t\t<audio controls class=\"b61_audio_player\" data-noticia=\"85366\" src=\"https:\/\/brasil61.com\/rails\/active_storage\/blobs\/eyJfcmFpbHMiOnsibWVzc2FnZSI6IkJBaHBBMGF3QXc9PSIsImV4cCI6bnVsbCwicHVyIjoiYmxvYl9pZCJ9fQ==--143c99f7641be25ea6e9e977daf6931e36bceeb8\/PAGR255878A\"><\/audio><\/p>\n<p>O valor da saca de 60 kg da <strong>soja <\/strong>abre esta ter\u00e7a-feira (21) em <strong>baixa\u00a0<\/strong>tanto no interior do Paran\u00e1 quanto no litoral do estado, em Paranagu\u00e1.\u00a0<\/p>\n<p>Na primeira regi\u00e3o, o gr\u00e3o teve <strong>desvaloriza\u00e7\u00e3o de 0,41%<\/strong> e \u00e9 negociado a <strong>R$ 133,01<\/strong>; na segunda, o\u00a0<strong>ajuste <\/strong>foi <strong>de 0,18%<\/strong>, com a mercadoria cotada a <strong>R$ 138,52<\/strong>.<\/p>\n<p><strong>INDICADOR DA SOJA CEPEA\/ESALQ &#8211; PARAN\u00c1<\/strong><\/p>\n<table>\n<tbody>\n<tr>\n<th>Data<\/th>\n<th>Valor R$<\/th>\n<th>Var.\/Dia<\/th>\n<th>Var.\/M\u00eas<\/th>\n<th>Valor US$<\/th>\n<\/tr>\n<tr>\n<td>20\/10\/2025<\/td>\n<td>133,01<\/td>\n<td>-0,41%<\/td>\n<td>3,20%<\/td>\n<td>24,75<\/td>\n<\/tr>\n<tr>\n<td>17\/10\/2025<\/td>\n<td>133,56<\/td>\n<td>0,45%<\/td>\n<td>3,63%<\/td>\n<td>24,71<\/td>\n<\/tr>\n<tr>\n<td>16\/10\/2025<\/td>\n<td>132,96<\/td>\n<td>-0,20%<\/td>\n<td>3,17%<\/td>\n<td>24,41<\/td>\n<\/tr>\n<tr>\n<td>15\/10\/2025<\/td>\n<td>133,23<\/td>\n<td>-0,05%<\/td>\n<td>3,38%<\/td>\n<td>24,41<\/td>\n<\/tr>\n<tr>\n<td>14\/10\/2025<\/td>\n<td>133,29<\/td>\n<td>-0,11%<\/td>\n<td>3,42%<\/td>\n<td>24,38<\/td>\n<\/tr>\n<\/tbody>\n<\/table>\n<p><strong>INDICADOR DA SOJA CEPEA\/ESALQ &#8211; PARANAGU\u00c1<\/strong><\/p>\n<table>\n<thead>\n<tr>\n<th>Data<\/th>\n<th>Valor R$<\/th>\n<th>Var.\/Dia<\/th>\n<th>Var.\/M\u00eas<\/th>\n<th>Valor US$<\/th>\n<\/tr>\n<\/thead>\n<tbody>\n<tr>\n<td>20\/10\/2025<\/td>\n<td>138,52<\/td>\n<td>-0,18%<\/td>\n<td>3,67%<\/td>\n<td>25,78<\/td>\n<\/tr>\n<tr>\n<td>17\/10\/2025<\/td>\n<td>138,77<\/td>\n<td>0,43%<\/td>\n<td>3,85%<\/td>\n<td>25,67<\/td>\n<\/tr>\n<tr>\n<td>16\/10\/2025<\/td>\n<td>138,17<\/td>\n<td>-0,07%<\/td>\n<td>3,41%<\/td>\n<td>25,37<\/td>\n<\/tr>\n<tr>\n<td>15\/10\/2025<\/td>\n<td>138,26<\/td>\n<td>0,00%<\/td>\n<td>3,47%<\/td>\n<td>25,34<\/td>\n<\/tr>\n<tr>\n<td>14\/10\/2025<\/td>\n<td>138,26<\/td>\n<td>0,11%<\/td>\n<td>3,47%<\/td>\n<td>25,30<\/td>\n<\/tr>\n<\/tbody>\n<\/table>\n<h2>Trigo<\/h2>\n<p>O pre\u00e7o do <strong>trigo<\/strong>, por sua vez, registra <strong>desvaloriza\u00e7\u00e3o de 0,54% no Paran\u00e1 <\/strong>e<strong>\u00a0desvaloriza\u00e7\u00e3o de 0,18% no Rio Grande do Sul<\/strong>.<strong>\u00a0<\/strong>No primeiro estado, a tonelada\u00a0\u00e9 vendida a<strong> R$ 1.205,06<\/strong>, enquanto no segundo \u00e9 comercializada a<strong> R$ 1.109,39<\/strong>.<\/p>\n<p><strong>PRE\u00c7O M\u00c9DIO DO TRIGO CEPEA\/ESALQ &#8211; PARAN\u00c1<\/strong><\/p>\n<table>\n<tbody>\n<tr>\n<th>Data<\/th>\n<th>Valor R$\/t<\/th>\n<th>Var.\/Dia<\/th>\n<th>Var.\/M\u00eas<\/th>\n<th>Valor US$\/t<\/th>\n<\/tr>\n<tr>\n<td>20\/10\/2025<\/td>\n<td>1.205,06<\/td>\n<td>-0,54%<\/td>\n<td>-4,43%<\/td>\n<td>224,28<\/td>\n<\/tr>\n<tr>\n<td>17\/10\/2025<\/td>\n<td>1.211,63<\/td>\n<td>0,30%<\/td>\n<td>-3,91%<\/td>\n<td>224,13<\/td>\n<\/tr>\n<tr>\n<td>16\/10\/2025<\/td>\n<td>1.207,95<\/td>\n<td>-1,96%<\/td>\n<td>-4,20%<\/td>\n<td>221,77<\/td>\n<\/tr>\n<tr>\n<td>15\/10\/2025<\/td>\n<td>1.232,09<\/td>\n<td>-0,03%<\/td>\n<td>-2,28%<\/td>\n<td>225,78<\/td>\n<\/tr>\n<tr>\n<td>14\/10\/2025<\/td>\n<td>1.232,51<\/td>\n<td>0,23%<\/td>\n<td>-2,25%<\/td>\n<td>225,49<\/td>\n<\/tr>\n<\/tbody>\n<\/table>\n<p><strong>PRE\u00c7O M\u00c9DIO DO TRIGO CEPEA\/ESALQ &#8211; RIO GRANDE DO SUL<\/strong><\/p>\n<table>\n<tbody>\n<tr>\n<th>Data<\/th>\n<th>Valor R$\/t<\/th>\n<th>Var.\/Dia<\/th>\n<th>Var.\/M\u00eas<\/th>\n<th>Valor US$\/t<\/th>\n<\/tr>\n<tr>\n<td>20\/10\/2025<\/td>\n<td>1.109,39<\/td>\n<td>-0,18%<\/td>\n<td>-9,50%<\/td>\n<td>206,47<\/td>\n<\/tr>\n<tr>\n<td>17\/10\/2025<\/td>\n<td>1.111,42<\/td>\n<td>-0,45%<\/td>\n<td>-9,34%<\/td>\n<td>205,59<\/td>\n<\/tr>\n<tr>\n<td>16\/10\/2025<\/td>\n<td>1.116,48<\/td>\n<td>-0,63%<\/td>\n<td>-8,92%<\/td>\n<td>204,97<\/td>\n<\/tr>\n<tr>\n<td>15\/10\/2025<\/td>\n<td>1.123,56<\/td>\n<td>-2,47%<\/td>\n<td>-8,35%<\/td>\n<td>205,89<\/td>\n<\/tr>\n<tr>\n<td>14\/10\/2025<\/td>\n<td>1.152,02<\/td>\n<td>0,19%<\/td>\n<td>-6,02%<\/td>\n<td>210,76<\/td>\n<\/tr>\n<\/tbody>\n<\/table>\n<p>Os valores s\u00e3o do <a href=\"http:\/\/www.cepea.org.br\" target=\"_blank\" rel=\"noopener\">Cepea<\/a>.<\/p>\n<h2>O que \u00e9 uma saca de soja ou de trigo? Entenda a unidade de medida no mercado de gr\u00e3os<\/h2>\n<p>A saca de soja e a saca de trigo s\u00e3o as principais unidades de comercializa\u00e7\u00e3o de gr\u00e3os no Brasil. Cada saca equivale a 60 quilos, padr\u00e3o adotado por \u00f3rg\u00e3os oficiais como a <strong>Companhia Nacional de Abastecimento (<a href=\"https:\/\/www.gov.br\/conab\/pt-br\" target=\"_blank\" rel=\"noopener\">Conab<\/a>)<\/strong>, o<strong> Minist\u00e9rio da Agricultura (<a href=\"http:\/\/www.gov.br\/agricultura\/pt-br\" target=\"_blank\" rel=\"noopener\">MAPA<\/a>)<\/strong> e o<strong> Centro de Estudos Avan\u00e7ados em Economia Aplicada (<a href=\"http:\/\/www.cepea.org.br\" target=\"_blank\" rel=\"noopener\">Cepea<\/a>)<\/strong>.<\/p>\n<p>Esse formato padronizado facilita o com\u00e9rcio da soja e do trigo, al\u00e9m de permitir um acompanhamento mais preciso das cota\u00e7\u00f5es e varia\u00e7\u00f5es de pre\u00e7os no mercado nacional.<\/p>\n<p>\t\t\t\t\t\t\t\t\t<img decoding=\"async\" src=\"https:\/\/brasil61.com\/api\/v1\/serve_pixel\/22254\/85366\" alt=\"Pixel Brasil 61\" class=\"b61_pixel\" width=\"0\" height=\"0\"><\/p>\n<div class=\"br61_backlink\">\n<p>\n\t\t\t\tFonte: <a href=\"https:\/\/brasil61.com\/soja-e-trigo-hoje-confira-as-cotacoes-para-terca-21-pagr255878\" title=\"Artigo Original: Soja e trigo hoje: confira as cota\u00e7\u00f5es para ter\u00e7a (21)\" target=\"_blank\" rel=\"noopener\">Brasil 61<\/a>\n\t\t\t<\/p>\n<\/p><\/div>\n<input type=\"hidden\" id=\"baseurl\" value=\"https:\/\/noticiasregionais.com.br\"><input type=\"hidden\" id=\"audio_nonce\" value=\"5c13e0637f\">","protected":false},"excerpt":{"rendered":"<p>A soja apresenta baixa no Paran\u00e1 e em Paranagu\u00e1; o trigo, por sua vez, aponta queda no Rio Grande do Sul e alta no Paran\u00e1<\/p>\n","protected":false},"author":1,"featured_media":10560,"comment_status":"","ping_status":"open","sticky":false,"template":"","format":"standard","meta":{"sfsi_plus_gutenberg_text_before_share":"","sfsi_plus_gutenberg_show_text_before_share":"","sfsi_plus_gutenberg_icon_type":"","sfsi_plus_gutenberg_icon_alignemt":"","sfsi_plus_gutenburg_max_per_row":"","footnotes":""},"categories":[8],"tags":[],"class_list":["post-10559","post","type-post","status-publish","format-standard","has-post-thumbnail","hentry","category-brasil"],"_links":{"self":[{"href":"https:\/\/noticiasregionais.com.br\/index.php?rest_route=\/wp\/v2\/posts\/10559","targetHints":{"allow":["GET"]}}],"collection":[{"href":"https:\/\/noticiasregionais.com.br\/index.php?rest_route=\/wp\/v2\/posts"}],"about":[{"href":"https:\/\/noticiasregionais.com.br\/index.php?rest_route=\/wp\/v2\/types\/post"}],"author":[{"embeddable":true,"href":"https:\/\/noticiasregionais.com.br\/index.php?rest_route=\/wp\/v2\/users\/1"}],"replies":[{"embeddable":true,"href":"https:\/\/noticiasregionais.com.br\/index.php?rest_route=%2Fwp%2Fv2%2Fcomments&post=10559"}],"version-history":[{"count":0,"href":"https:\/\/noticiasregionais.com.br\/index.php?rest_route=\/wp\/v2\/posts\/10559\/revisions"}],"wp:featuredmedia":[{"embeddable":true,"href":"https:\/\/noticiasregionais.com.br\/index.php?rest_route=\/wp\/v2\/media\/10560"}],"wp:attachment":[{"href":"https:\/\/noticiasregionais.com.br\/index.php?rest_route=%2Fwp%2Fv2%2Fmedia&parent=10559"}],"wp:term":[{"taxonomy":"category","embeddable":true,"href":"https:\/\/noticiasregionais.com.br\/index.php?rest_route=%2Fwp%2Fv2%2Fcategories&post=10559"},{"taxonomy":"post_tag","embeddable":true,"href":"https:\/\/noticiasregionais.com.br\/index.php?rest_route=%2Fwp%2Fv2%2Ftags&post=10559"}],"curies":[{"name":"wp","href":"https:\/\/api.w.org\/{rel}","templated":true}]}}