{"id":10563,"date":"2025-10-21T04:10:00","date_gmt":"2025-10-21T07:10:00","guid":{"rendered":"https:\/\/noticiasregionais.com.br\/?p=10563"},"modified":"2025-10-21T04:10:00","modified_gmt":"2025-10-21T07:10:00","slug":"boi-gordo-hoje-confira-as-cotacoes-para-esta-terca-feira-21","status":"publish","type":"post","link":"https:\/\/noticiasregionais.com.br\/?p=10563","title":{"rendered":"Boi gordo hoje: confira as cota\u00e7\u00f5es para esta ter\u00e7a-feira (21)"},"content":{"rendered":"<p>\t\t\t\t\t\t\t\t\t\t<audio controls class=\"b61_audio_player\" data-noticia=\"85350\" src=\"https:\/\/brasil61.com\/rails\/active_storage\/blobs\/eyJfcmFpbHMiOnsibWVzc2FnZSI6IkJBaHBBMGl3QXc9PSIsImV4cCI6bnVsbCwicHVyIjoiYmxvYl9pZCJ9fQ==--970f8057b8043e00b521b603dba275556518333c\/PAGR255875A\"><\/audio><\/p>\n<p>O pre\u00e7o do <strong>boi gordo<\/strong> registra <strong>alta de 2,01%<\/strong> nesta ter\u00e7a (21)\u00a0e a arroba \u00e9 negociada a<strong> R$ 310,20<\/strong>, no estado de S\u00e3o Paulo.<\/p>\n<p><strong>INDICADOR DO BOI GORDO CEPEA\/ESALQ<\/strong><\/p>\n<table>\n<tbody>\n<tr>\n<th>Data<\/th>\n<th>Valor R$<\/th>\n<th>Var.\/Dia<\/th>\n<th>Var.\/M\u00eas<\/th>\n<th>Valor US$<\/th>\n<\/tr>\n<tr>\n<td>20\/10\/2025<\/td>\n<td>310,20<\/td>\n<td>0,16%<\/td>\n<td>2,01%<\/td>\n<td>57,73<\/td>\n<\/tr>\n<tr>\n<td>17\/10\/2025<\/td>\n<td>309,70<\/td>\n<td>0,18%<\/td>\n<td>1,84%<\/td>\n<td>57,29<\/td>\n<\/tr>\n<tr>\n<td>16\/10\/2025<\/td>\n<td>309,15<\/td>\n<td>0,00%<\/td>\n<td>1,66%<\/td>\n<td>56,65<\/td>\n<\/tr>\n<tr>\n<td>15\/10\/2025<\/td>\n<td>309,15<\/td>\n<td>0,15%<\/td>\n<td>1,66%<\/td>\n<td>56,65<\/td>\n<\/tr>\n<tr>\n<td>14\/10\/2025<\/td>\n<td>308,70<\/td>\n<td>0,13%<\/td>\n<td>1,51%<\/td>\n<td>56,48<\/td>\n<\/tr>\n<\/tbody>\n<\/table>\n<h2>Pre\u00e7o do frango congelado e resfriado<\/h2>\n<p>Nos atacados da Grande S\u00e3o Paulo, S\u00e3o Jos\u00e9 do Rio Preto e Descalvado, os pre\u00e7os do <strong>frango congelado<\/strong> apresentaram <strong>alta de 0,37%\u00a0<\/strong>e do <strong>frango resfriado<\/strong>\u00a0sofreram<strong> <\/strong>uma<strong>\u00a0valoriza\u00e7\u00e3o d<\/strong><strong>e 0,24%<\/strong>. A primeira mercadoria \u00e9 vendida a<strong> R$ 8,24<\/strong>, enquanto a segunda \u00e9 comercializada a <strong>R$ 8,26<\/strong>.<\/p>\n<p><strong>PRE\u00c7OS DO FRANGO CONGELADO CEPEA\/ESALQ &#8211; ESTADO SP\u00a0<\/strong><\/p>\n<table>\n<tbody>\n<tr>\n<th>Data<\/th>\n<th>Valor R$<\/th>\n<th>Var.\/Dia<\/th>\n<th>Var.\/M\u00eas<\/th>\n<\/tr>\n<tr>\n<td>20\/10\/2025<\/td>\n<td>8,24<\/td>\n<td>0,37%<\/td>\n<td>3,13%<\/td>\n<\/tr>\n<tr>\n<td>17\/10\/2025<\/td>\n<td>8,21<\/td>\n<td>-0,61%<\/td>\n<td>2,75%<\/td>\n<\/tr>\n<tr>\n<td>16\/10\/2025<\/td>\n<td>8,26<\/td>\n<td>0,85%<\/td>\n<td>3,38%<\/td>\n<\/tr>\n<tr>\n<td>15\/10\/2025<\/td>\n<td>8,19<\/td>\n<td>0,00%<\/td>\n<td>2,50%<\/td>\n<\/tr>\n<tr>\n<td>14\/10\/2025<\/td>\n<td>8,19<\/td>\n<td>-0,12%<\/td>\n<td>2,50%<\/td>\n<\/tr>\n<\/tbody>\n<\/table>\n<p><strong>PRE\u00c7OS DO FRANGO RESFRIADO CEPEA\/ESALQ &#8211; ESTADO SP<\/strong><\/p>\n<table>\n<tbody>\n<tr>\n<th>Data<\/th>\n<th>Valor R$<\/th>\n<th>Var.\/Dia<\/th>\n<th>Var.\/M\u00eas<\/th>\n<\/tr>\n<tr>\n<td>20\/10\/2025<\/td>\n<td>8,26<\/td>\n<td>0,24%<\/td>\n<td>1,35%<\/td>\n<\/tr>\n<tr>\n<td>17\/10\/2025<\/td>\n<td>8,24<\/td>\n<td>-0,48%<\/td>\n<td>1,10%<\/td>\n<\/tr>\n<tr>\n<td>16\/10\/2025<\/td>\n<td>8,28<\/td>\n<td>0,73%<\/td>\n<td>1,60%<\/td>\n<\/tr>\n<tr>\n<td>15\/10\/2025<\/td>\n<td>8,22<\/td>\n<td>0,12%<\/td>\n<td>0,86%<\/td>\n<\/tr>\n<tr>\n<td>14\/10\/2025<\/td>\n<td>8,21<\/td>\n<td>-0,12%<\/td>\n<td>0,74%<\/td>\n<\/tr>\n<\/tbody>\n<\/table>\n<h2>Pre\u00e7o da carca\u00e7a su\u00edna especial e su\u00edno vivo<\/h2>\n<p>A <strong>carca\u00e7a su\u00edna especial <\/strong>aponta<strong>\u00a0recuo de 1,03%<\/strong>\u00a0no pre\u00e7o, sendo negociada a <strong>R$ 12,45\u00a0<\/strong>por quilo nos atacados da Grande S\u00e3o Paulo.\u00a0<\/p>\n<p><strong>PRE\u00c7OS DA CARCA\u00c7A SU\u00cdNA ESPECIAL (R$\/kg)<\/strong><\/p>\n<table>\n<tbody>\n<tr>\n<th>Data<\/th>\n<th>M\u00e9dia<\/th>\n<th>Var.\/Dia<\/th>\n<th>Var.\/M\u00eas<\/th>\n<\/tr>\n<tr>\n<td>20\/10\/2025<\/td>\n<td>12,45<\/td>\n<td>-1,03%<\/td>\n<td>-3,94%<\/td>\n<\/tr>\n<tr>\n<td>17\/10\/2025<\/td>\n<td>12,58<\/td>\n<td>0,00%<\/td>\n<td>-2,93%<\/td>\n<\/tr>\n<tr>\n<td>16\/10\/2025<\/td>\n<td>12,58<\/td>\n<td>0,00%<\/td>\n<td>-2,93%<\/td>\n<\/tr>\n<tr>\n<td>15\/10\/2025<\/td>\n<td>12,58<\/td>\n<td>0,00%<\/td>\n<td>-2,93%<\/td>\n<\/tr>\n<tr>\n<td>14\/10\/2025<\/td>\n<td>12,58<\/td>\n<td>-0,63%<\/td>\n<td>-2,93%<\/td>\n<\/tr>\n<\/tbody>\n<\/table>\n<p>O pre\u00e7o do<strong> su\u00edno vivo<\/strong> registra <strong>estabilidade somente em S\u00e3o Paulo e Santa Catarina;<\/strong>\u00a0nos estados do\u00a0<strong>Paran\u00e1 e Rio Grande do Sul<\/strong>\u00a0h\u00e1 uma <strong>valoriza\u00e7\u00e3o de 0,36% e 0,48%<\/strong>, respectivamente. Em\u00a0<strong>Minas Gerais<\/strong>\u00a0h\u00e1 uma\u00a0<strong>queda de 0,24%<\/strong>. As mercadorias variam entre\u00a0<strong>R$ 8,23\u00a0<\/strong>e<strong> R$8,75<\/strong>.<\/p>\n<p><strong>INDICADOR DO SU\u00cdNO VIVO CEPEA\/ESALQ (R$\/kg)\u00a0<\/strong><\/p>\n<table>\n<tbody>\n<tr>\n<th>Data<\/th>\n<th>Estado<\/th>\n<th>Valor R$<\/th>\n<th>Var.\/Dia<\/th>\n<th>Var.\/M\u00eas<\/th>\n<\/tr>\n<tr>\n<td>20\/10\/2025<\/td>\n<td>MG &#8211; posto<\/td>\n<td>8,23<\/td>\n<td>-0,24%<\/td>\n<td>-0,24%<\/td>\n<\/tr>\n<tr>\n<td>20\/10\/2025<\/td>\n<td>PR &#8211; a retirar<\/td>\n<td>8,47<\/td>\n<td>0,36%<\/td>\n<td>-1,28%<\/td>\n<\/tr>\n<tr>\n<td>20\/10\/2025<\/td>\n<td>RS &#8211; a retirar<\/td>\n<td>8,35<\/td>\n<td>0,48%<\/td>\n<td>-0,60%<\/td>\n<\/tr>\n<tr>\n<td>20\/10\/2025<\/td>\n<td>SC &#8211; a retirar<\/td>\n<td>8,30<\/td>\n<td>0,00%<\/td>\n<td>0,61%<\/td>\n<\/tr>\n<tr>\n<td>20\/10\/2025<\/td>\n<td>SP &#8211; posto<\/td>\n<td>8,75<\/td>\n<td>0,00%<\/td>\n<td>-1,80%<\/td>\n<\/tr>\n<\/tbody>\n<\/table>\n<p>Os valores s\u00e3o do <a href=\"http:\/\/www.cepea.org.br\" target=\"_blank\" rel=\"noopener\"><strong>Cepea<\/strong><\/a>.<\/p>\n<h2>O que \u00e9 o boi gordo? Entenda o termo do mercado bovino<\/h2>\n<p>O <strong>boi gordo \u00e9 o bovino macho pronto para o abate, com peso m\u00ednimo de 16 arrobas l\u00edquidas de carca\u00e7a (aproximadamente 240 kg) e at\u00e9 42 meses de idade<\/strong>. Atende aos padr\u00f5es do mercado nacional e internacional, incluindo exporta\u00e7\u00f5es para Europa, China e cota Hilton.<\/p>\n<h2>Diferen\u00e7as entre frango congelado e frango resfriado<\/h2>\n<p>O<strong> frango congelado passa por congelamento r\u00e1pido, com temperaturas abaixo de -12\u00b0C<\/strong>, garantindo maior vida \u00fatil para armazenamento e transporte a longas dist\u00e2ncias. J\u00e1 o<strong> frango resfriado \u00e9 mantido entre 0\u00b0C e 4\u00b0C, com validade de 5 a 7 dias<\/strong>, oferecendo textura e sabor mais pr\u00f3ximos do fresco, ideal para consumidores exigentes e restaurantes.<\/p>\n<p>\t\t\t\t\t\t\t\t\t<img decoding=\"async\" src=\"https:\/\/brasil61.com\/api\/v1\/serve_pixel\/22254\/85350\" alt=\"Pixel Brasil 61\" class=\"b61_pixel\" width=\"0\" height=\"0\"><\/p>\n<div class=\"br61_backlink\">\n<p>\n\t\t\t\tFonte: <a href=\"https:\/\/brasil61.com\/boi-gordo-hoje-confira-as-cotacoes-para-esta-terca-feira-21-pagr255875\" title=\"Artigo Original: Boi gordo hoje: confira as cota\u00e7\u00f5es para esta ter\u00e7a-feira (21)\" target=\"_blank\" rel=\"noopener\">Brasil 61<\/a>\n\t\t\t<\/p>\n<\/p><\/div>\n<input type=\"hidden\" id=\"baseurl\" value=\"https:\/\/noticiasregionais.com.br\"><input type=\"hidden\" id=\"audio_nonce\" value=\"5c13e0637f\">","protected":false},"excerpt":{"rendered":"<p>O pre\u00e7o do su\u00edno vivo apresenta estabilidade em SP e SC; Frango congelado e resfriado e carca\u00e7a su\u00edna especial apresentam reajuste no valor da mercadoria<\/p>\n","protected":false},"author":1,"featured_media":10564,"comment_status":"","ping_status":"open","sticky":false,"template":"","format":"standard","meta":{"sfsi_plus_gutenberg_text_before_share":"","sfsi_plus_gutenberg_show_text_before_share":"","sfsi_plus_gutenberg_icon_type":"","sfsi_plus_gutenberg_icon_alignemt":"","sfsi_plus_gutenburg_max_per_row":"","footnotes":""},"categories":[8],"tags":[],"class_list":["post-10563","post","type-post","status-publish","format-standard","has-post-thumbnail","hentry","category-brasil"],"_links":{"self":[{"href":"https:\/\/noticiasregionais.com.br\/index.php?rest_route=\/wp\/v2\/posts\/10563","targetHints":{"allow":["GET"]}}],"collection":[{"href":"https:\/\/noticiasregionais.com.br\/index.php?rest_route=\/wp\/v2\/posts"}],"about":[{"href":"https:\/\/noticiasregionais.com.br\/index.php?rest_route=\/wp\/v2\/types\/post"}],"author":[{"embeddable":true,"href":"https:\/\/noticiasregionais.com.br\/index.php?rest_route=\/wp\/v2\/users\/1"}],"replies":[{"embeddable":true,"href":"https:\/\/noticiasregionais.com.br\/index.php?rest_route=%2Fwp%2Fv2%2Fcomments&post=10563"}],"version-history":[{"count":0,"href":"https:\/\/noticiasregionais.com.br\/index.php?rest_route=\/wp\/v2\/posts\/10563\/revisions"}],"wp:featuredmedia":[{"embeddable":true,"href":"https:\/\/noticiasregionais.com.br\/index.php?rest_route=\/wp\/v2\/media\/10564"}],"wp:attachment":[{"href":"https:\/\/noticiasregionais.com.br\/index.php?rest_route=%2Fwp%2Fv2%2Fmedia&parent=10563"}],"wp:term":[{"taxonomy":"category","embeddable":true,"href":"https:\/\/noticiasregionais.com.br\/index.php?rest_route=%2Fwp%2Fv2%2Fcategories&post=10563"},{"taxonomy":"post_tag","embeddable":true,"href":"https:\/\/noticiasregionais.com.br\/index.php?rest_route=%2Fwp%2Fv2%2Ftags&post=10563"}],"curies":[{"name":"wp","href":"https:\/\/api.w.org\/{rel}","templated":true}]}}