{"id":1063,"date":"2023-11-06T20:02:45","date_gmt":"2023-11-06T23:02:45","guid":{"rendered":"https:\/\/noticiasregionais.com.br\/?p=1063"},"modified":"2023-11-06T20:02:48","modified_gmt":"2023-11-06T23:02:48","slug":"inscricoes-para-concurso-da-policia-militar-de-sp-comecam-nesta-segunda-feira-6","status":"publish","type":"post","link":"https:\/\/noticiasregionais.com.br\/?p=1063","title":{"rendered":"Inscri\u00e7\u00f5es para concurso da Pol\u00edcia Militar de SP come\u00e7am nesta segunda-feira (6)"},"content":{"rendered":"\n<p class=\"has-text-align-center\"><strong>Concurso tem 2.700 vagas para soldado 2\u00aa classe; prazo vai at\u00e9 20 de dezembro<\/strong><\/p>\n\n\n\n<p>Come\u00e7am nesta segunda-feira (6), a partir das 10h, as inscri\u00e7\u00f5es do concurso p\u00fablico para a contrata\u00e7\u00e3o de 2.700 soldados de 2\u00aa Classe da Pol\u00edcia Militar. A abertura do edital foi publicada no Di\u00e1rio Oficial na \u00faltima ter\u00e7a-feira (31). As inscri\u00e7\u00f5es devem ser feitas exclusivamente no site da&nbsp;<a href=\"https:\/\/www.vunesp.com.br\/\" target=\"_blank\" rel=\"noreferrer noopener\">Vunesp<\/a>, organizadora do concurso, at\u00e9 20 de dezembro.<\/p>\n\n\n\n<p>Para participar, os candidatos devem ter entre 17 e 30 anos \u2013 exceto para quem j\u00e1 pertence aos quadros da PM \u2013 e estar em dia com as obriga\u00e7\u00f5es eleitorais e militares. As mulheres precisam ter altura m\u00ednima de 1,55 metro e os homens, de 1,60 m.<\/p>\n\n\n\n<p>A remunera\u00e7\u00e3o b\u00e1sica inicial para o cargo de soldado 2\u00aa classe PM \u00e9 de R$ 4.852,21 \u2013 incluindo sal\u00e1rio-base e Regime Especial de Trabalho Policial (RETP).<\/p>\n\n\n\n<p>A \u00edntegra do edital est\u00e1 dispon\u00edvel nas p\u00e1ginas 204 a 208 do caderno Executivo \u2013 Se\u00e7\u00e3o III, na parte de Concursos P\u00fablicos do Di\u00e1rio Oficial.<\/p>\n\n\n\n<p><strong>Terceiro concurso<\/strong><\/p>\n\n\n\n<p>Este \u00e9 o terceiro concurso p\u00fablico com vagas para refor\u00e7ar o efetivo da Pol\u00edcia Militar da atual gest\u00e3o. Em maio e junho foram abertos dois concursos, com 2.700 vagas para soldados 2\u00aa classe e 200 vagas para alunos-oficiais.<\/p>\n\n\n\n<p>Al\u00e9m disso, em outubro foram autorizadas mais 200 vagas de alunos-oficiais para um novo edital.<\/p>\n<input type=\"hidden\" id=\"baseurl\" value=\"https:\/\/noticiasregionais.com.br\"><input type=\"hidden\" id=\"audio_nonce\" value=\"533fbb67b1\">","protected":false},"excerpt":{"rendered":"<p>Concurso tem 2.700 vagas para soldado 2\u00aa classe; prazo vai at\u00e9 20 de dezembro Come\u00e7am nesta segunda-feira (6), a partir&hellip;<\/p>\n","protected":false},"author":1,"featured_media":1064,"comment_status":"closed","ping_status":"open","sticky":false,"template":"","format":"standard","meta":{"sfsi_plus_gutenberg_text_before_share":"","sfsi_plus_gutenberg_show_text_before_share":"","sfsi_plus_gutenberg_icon_type":"","sfsi_plus_gutenberg_icon_alignemt":"","sfsi_plus_gutenburg_max_per_row":"","footnotes":""},"categories":[6,10,1],"tags":[],"class_list":["post-1063","post","type-post","status-publish","format-standard","has-post-thumbnail","hentry","category-sao_paulo","category-destaques","category-noticias"],"_links":{"self":[{"href":"https:\/\/noticiasregionais.com.br\/index.php?rest_route=\/wp\/v2\/posts\/1063","targetHints":{"allow":["GET"]}}],"collection":[{"href":"https:\/\/noticiasregionais.com.br\/index.php?rest_route=\/wp\/v2\/posts"}],"about":[{"href":"https:\/\/noticiasregionais.com.br\/index.php?rest_route=\/wp\/v2\/types\/post"}],"author":[{"embeddable":true,"href":"https:\/\/noticiasregionais.com.br\/index.php?rest_route=\/wp\/v2\/users\/1"}],"replies":[{"embeddable":true,"href":"https:\/\/noticiasregionais.com.br\/index.php?rest_route=%2Fwp%2Fv2%2Fcomments&post=1063"}],"version-history":[{"count":1,"href":"https:\/\/noticiasregionais.com.br\/index.php?rest_route=\/wp\/v2\/posts\/1063\/revisions"}],"predecessor-version":[{"id":1065,"href":"https:\/\/noticiasregionais.com.br\/index.php?rest_route=\/wp\/v2\/posts\/1063\/revisions\/1065"}],"wp:featuredmedia":[{"embeddable":true,"href":"https:\/\/noticiasregionais.com.br\/index.php?rest_route=\/wp\/v2\/media\/1064"}],"wp:attachment":[{"href":"https:\/\/noticiasregionais.com.br\/index.php?rest_route=%2Fwp%2Fv2%2Fmedia&parent=1063"}],"wp:term":[{"taxonomy":"category","embeddable":true,"href":"https:\/\/noticiasregionais.com.br\/index.php?rest_route=%2Fwp%2Fv2%2Fcategories&post=1063"},{"taxonomy":"post_tag","embeddable":true,"href":"https:\/\/noticiasregionais.com.br\/index.php?rest_route=%2Fwp%2Fv2%2Ftags&post=1063"}],"curies":[{"name":"wp","href":"https:\/\/api.w.org\/{rel}","templated":true}]}}