{"id":1071,"date":"2023-11-07T07:17:28","date_gmt":"2023-11-07T10:17:28","guid":{"rendered":"https:\/\/noticiasregionais.com.br\/?p=1071"},"modified":"2023-11-07T07:17:39","modified_gmt":"2023-11-07T10:17:39","slug":"regioes-sul-e-sudeste-concentram-focos-de-influenza-aviaria-no-brasil","status":"publish","type":"post","link":"https:\/\/noticiasregionais.com.br\/?p=1071","title":{"rendered":"Regi\u00f5es Sul e Sudeste concentram focos de influenza avi\u00e1ria no Brasil"},"content":{"rendered":"\n<p class=\"has-text-align-center\"><strong>Em uma \u00fanica praia, 50 mam\u00edferos marinhos foram encontrados mortos no Rio Grande do Sul<\/strong><\/p>\n\n\n\n<p>Os casos de influenza avi\u00e1ria no Brasil acendem um alerta para o assunto, principalmente porque no in\u00edcio deste ano a Organiza\u00e7\u00e3o Pan-Americana da Sa\u00fade (OPAS\/OMS) emitiu uma nota sobre surtos de influenza avi\u00e1ria de alta patogenicidade (IAAP) em aves nos pa\u00edses das Am\u00e9ricas.&nbsp;<\/p>\n\n\n\n<p>No m\u00eas de outubro, 50 mam\u00edferos marinhos foram encontrados mortos em uma praia no munic\u00edpio de Santa Vit\u00f3ria do Palmar, no Rio Grande do Sul.&nbsp;<\/p>\n\n\n\n<p>No territ\u00f3rio nacional, o primeiro caso foi detectado em uma ave silvestre, no dia 15 de maio de 2023. At\u00e9 o momento, s\u00e3o 138 focos de IAAP, a maioria no sul e sudeste do pa\u00eds, segundo o Minist\u00e9rio da Agricultura e Pecu\u00e1ria.&nbsp;<\/p>\n\n\n\n<p>Lideram a lista as cidades de Vila Velha (ES), que contabiliza sete casos; Itanha\u00e9m (SP), Santos (SP) e S\u00e3o Jo\u00e3o da Barra (RJ), com seis registros cada; e S\u00e3o Sebasti\u00e3o (SP), com cinco.&nbsp;<\/p>\n\n\n\n<p>No entanto, o MAPA, que acompanha a situa\u00e7\u00e3o periodicamente, afirma que n\u00e3o h\u00e1 comprometimento na condi\u00e7\u00e3o do Brasil como pa\u00eds livre de IAAP para o com\u00e9rcio, j\u00e1 que a maioria dos animais infectados s\u00e3o classificados como silvestres e foram confirmados apenas tr\u00eas focos por aves de subsist\u00eancia &#8211; criadas para consumo pr\u00f3prio.&nbsp;<\/p>\n\n\n\n<p>As aves migrat\u00f3rias, respons\u00e1veis por trazer a doen\u00e7a para o pa\u00eds e infectar os animais marinhos, s\u00e3o hospedeiras naturais que contribuem para o ciclo de vida do v\u00edrus e muitas vezes s\u00e3o assintom\u00e1ticas.&nbsp;<\/p>\n\n\n\n<p>O professor de medicina veterin\u00e1ria da Universidade de Bras\u00edlia (UnB) Cristiano Barros de Melo refor\u00e7a que os registros preocupam do ponto de vista da popula\u00e7\u00e3o animal, mas que em um primeiro momento n\u00e3o significa um risco para o pa\u00eds. \u201cAqui no Brasil nunca tivemos esse agente infeccioso, ent\u00e3o o pa\u00eds se preparou para contornar esse problema da melhor forma\u201d, analisa.&nbsp;<\/p>\n\n\n\n<p>Ele alerta ainda que quem encontrar um mam\u00edfero marinho doente ou morto n\u00e3o deve ter contato com o animal de forma alguma. \u201cMesmo com a apar\u00eancia saud\u00e1vel, esse mam\u00edfero pode estar contaminado e passar para humanos e bichos de estima\u00e7\u00e3o. O que deve ser feito imediatamente \u00e9 informar os \u00f3rg\u00e3os competentes da cidade para que seja realizado um estudo e diagn\u00f3stico\u201d, complementa.&nbsp;<\/p>\n\n\n\n<p>Outras medidas preventivas s\u00e3o necess\u00e1rias para evitar que a doen\u00e7a se espalhe, como explica a m\u00e9dica veterin\u00e1ria Dandara Franco. \u201cNo \u00e2mbito agr\u00edcola, tem que pensar em medidas de biosseguran\u00e7a para limitar o contato entre as aves de produ\u00e7\u00e3o e silvestres. No ambiente domiciliar, para quem tem pets, \u00e9 recomend\u00e1vel mant\u00ea-los dentro de casa, evitar voos livres e fazer o check-up peri\u00f3dico com um profissional especializado\u201d, recomenda. &nbsp;<\/p>\n\n\n\n<p>O Minist\u00e9rio da Agricultura destaca ainda que o consumo de carnes e ovos n\u00e3o traz risco para a sa\u00fade e, at\u00e9 o momento, n\u00e3o foi registrado nenhum caso da doen\u00e7a em seres humanos e que infec\u00e7\u00f5es em pessoas s\u00e3o ocorr\u00eancias raras.<br>&nbsp;<\/p>\n\n\n\n<p>Fonte: <a href=\"https:\/\/brasil61.com\/n\/regioes-sul-e-sudeste-concentram-focos-de-influenza-aviaria-no-brasil-bras2310037\" target=\"_blank\" rel=\"noreferrer noopener\">Brasil 61<\/a><\/p>\n<input type=\"hidden\" id=\"baseurl\" value=\"https:\/\/noticiasregionais.com.br\"><input type=\"hidden\" id=\"audio_nonce\" value=\"3cdc555a10\">","protected":false},"excerpt":{"rendered":"<p>Em uma \u00fanica praia, 50 mam\u00edferos marinhos foram encontrados mortos no Rio Grande do Sul Os casos de influenza avi\u00e1ria&hellip;<\/p>\n","protected":false},"author":1,"featured_media":1072,"comment_status":"closed","ping_status":"open","sticky":false,"template":"","format":"standard","meta":{"sfsi_plus_gutenberg_text_before_share":"","sfsi_plus_gutenberg_show_text_before_share":"","sfsi_plus_gutenberg_icon_type":"","sfsi_plus_gutenberg_icon_alignemt":"","sfsi_plus_gutenburg_max_per_row":"","footnotes":""},"categories":[8,12,1],"tags":[],"class_list":["post-1071","post","type-post","status-publish","format-standard","has-post-thumbnail","hentry","category-brasil","category-capa","category-noticias"],"_links":{"self":[{"href":"https:\/\/noticiasregionais.com.br\/index.php?rest_route=\/wp\/v2\/posts\/1071","targetHints":{"allow":["GET"]}}],"collection":[{"href":"https:\/\/noticiasregionais.com.br\/index.php?rest_route=\/wp\/v2\/posts"}],"about":[{"href":"https:\/\/noticiasregionais.com.br\/index.php?rest_route=\/wp\/v2\/types\/post"}],"author":[{"embeddable":true,"href":"https:\/\/noticiasregionais.com.br\/index.php?rest_route=\/wp\/v2\/users\/1"}],"replies":[{"embeddable":true,"href":"https:\/\/noticiasregionais.com.br\/index.php?rest_route=%2Fwp%2Fv2%2Fcomments&post=1071"}],"version-history":[{"count":1,"href":"https:\/\/noticiasregionais.com.br\/index.php?rest_route=\/wp\/v2\/posts\/1071\/revisions"}],"predecessor-version":[{"id":1073,"href":"https:\/\/noticiasregionais.com.br\/index.php?rest_route=\/wp\/v2\/posts\/1071\/revisions\/1073"}],"wp:featuredmedia":[{"embeddable":true,"href":"https:\/\/noticiasregionais.com.br\/index.php?rest_route=\/wp\/v2\/media\/1072"}],"wp:attachment":[{"href":"https:\/\/noticiasregionais.com.br\/index.php?rest_route=%2Fwp%2Fv2%2Fmedia&parent=1071"}],"wp:term":[{"taxonomy":"category","embeddable":true,"href":"https:\/\/noticiasregionais.com.br\/index.php?rest_route=%2Fwp%2Fv2%2Fcategories&post=1071"},{"taxonomy":"post_tag","embeddable":true,"href":"https:\/\/noticiasregionais.com.br\/index.php?rest_route=%2Fwp%2Fv2%2Ftags&post=1071"}],"curies":[{"name":"wp","href":"https:\/\/api.w.org\/{rel}","templated":true}]}}