{"id":10736,"date":"2025-09-30T16:08:00","date_gmt":"2025-09-30T19:08:00","guid":{"rendered":"https:\/\/noticiasregionais.com.br\/?p=10736"},"modified":"2025-09-30T16:08:00","modified_gmt":"2025-09-30T19:08:00","slug":"jornada-nacional-de-inovacao-da-industria-florianopolis-sc-recebe-encontro-regional-sul-dias-1o-e-2-de-outubro","status":"publish","type":"post","link":"https:\/\/noticiasregionais.com.br\/?p=10736","title":{"rendered":"Jornada Nacional de Inova\u00e7\u00e3o da Ind\u00fastria: Florian\u00f3polis (SC) recebe encontro regional Sul dias 1\u00ba e 2 de outubro"},"content":{"rendered":"<p><!--StartFragment -->A <a href=\"https:\/\/jornadanacionaldeinovacao.com.br\/\" target=\"_blank\" rel=\"noopener\"><strong>Jornada Nacional de Inova\u00e7\u00e3o da Ind\u00fastria<\/strong><\/a> chega, dia 1\u00ba de outubro, a Florian\u00f3polis (SC), para o primeiro encontro regional da iniciativa promovida pela Confedera\u00e7\u00e3o Nacional da Ind\u00fastria (<a href=\"https:\/\/cni.portaldaindustria.com.br\/pt\/\" target=\"_blank\" rel=\"noopener\"><strong>CNI<\/strong><\/a>), em parceria com o Servi\u00e7o Brasileiro de Apoio \u00e0s Micro e Pequenas Empresas (<a href=\"https:\/\/sebrae.com.br\/sites\/PortalSebrae\/\" target=\"_blank\" rel=\"noopener\"><strong>Sebrae<\/strong><\/a>).<\/p>\n<p>O evento ocorrer\u00e1 dias 1\u00ba e 2 de outubro, na sede da Federa\u00e7\u00e3o das Ind\u00fastrias do Estado de Santa Catarina (<a href=\"https:\/\/fiesc.com.br\/\" target=\"_blank\" rel=\"noopener\"><strong>FIESC<\/strong><\/a>), e marcar\u00e1 a etapa de integra\u00e7\u00e3o dos resultados j\u00e1 levantados em encontros estaduais da regi\u00e3o Sul.<\/p>\n<p>O encontro regional reunir\u00e1 empres\u00e1rios, pesquisadores, startups, representantes do setor p\u00fablico e institui\u00e7\u00f5es parceiras para organizar os resultados dos pain\u00e9is realizados no Paran\u00e1, em Santa Catarina e no Rio Grande do Sul. A ideia \u00e9 consolidar os principais desafios e oportunidades da ind\u00fastria, com foco em inova\u00e7\u00e3o, sustentabilidade e digitaliza\u00e7\u00e3o.<\/p>\n<p>Para a especialista de Inova\u00e7\u00e3o da CNI, Marilene Castro, o evento ser\u00e1 um marco dentro da Jornada. \u201cO encontro regional \u00e9 uma etapa, um consolidado de tudo o que encontramos e das discuss\u00f5es feitas nos pain\u00e9is de cada um dos encontros estaduais, agrupando os principais desafios e oportunidades da ind\u00fastria. \u00c9 um espa\u00e7o de an\u00e1lise coletiva, onde os empres\u00e1rios, representantes do setor p\u00fablico, academia e institui\u00e7\u00f5es parceiras ajudam a identificar prioridades regionais para a transi\u00e7\u00e3o ecol\u00f3gica e digital. Ser\u00e1 um momento estrat\u00e9gico para projetar os aprendizados da regi\u00e3o Sul do Brasil\u201d, explica.<\/p>\n<p>Entre os temas previstos est\u00e3o transi\u00e7\u00e3o ecol\u00f3gica e digital, bioeconomia, intelig\u00eancia artificial, descarboniza\u00e7\u00e3o e transforma\u00e7\u00e3o dos modelos de neg\u00f3cios. Para o diretor de Inova\u00e7\u00e3o e Competitividade da FIESC, Jos\u00e9 Eduardo Fiates, a Jornada Nacional \u00e9 uma oportunidade estrat\u00e9gica para conectar o estado aos principais recursos e pol\u00edticas em desenvolvimento no pa\u00eds. \u201cAl\u00e9m disso, o tema focado em descarboniza\u00e7\u00e3o e transi\u00e7\u00e3o energ\u00e9tica agrega um fator positivo a mais, pois s\u00e3o fundamentais para a competitividade das empresas e grandes oportunidades de neg\u00f3cio para os pr\u00f3ximos anos.\u201d<\/p>\n<p>O resultado do encontro regional Sul servir\u00e1 de subs\u00eddio para estrat\u00e9gias empresariais, recomenda\u00e7\u00f5es de pol\u00edticas p\u00fablicas e para o 11\u00ba Congresso de Inova\u00e7\u00e3o da Ind\u00fastria, marcado para mar\u00e7o de 2026, em S\u00e3o Paulo.<\/p>\n<p>Al\u00e9m de consolidar as prioridades regionais, a expectativa \u00e9 de que o encontro fortale\u00e7a a participa\u00e7\u00e3o das empresas locais no <a href=\"https:\/\/www.premiodeinovacao.com.br\/\" target=\"_blank\" rel=\"noopener\"><strong>Pr\u00eamio Nacional de Inova\u00e7\u00e3o<\/strong><\/a>, ampliando o engajamento para o congresso. \u201cO Congresso de Inova\u00e7\u00e3o vai ser diferente dos dez que j\u00e1 aconteceram, porque refletir\u00e1 exatamente os desafios e as oportunidades que temos em cada estado brasileiro. E, com isso, pretendemos tamb\u00e9m trazer outras formas de cases, por meio do cadastramento de solu\u00e7\u00f5es na plataforma da jornada\u201d, completa Marilene Castro.<\/p>\n<h2>Deep techs<\/h2>\n<p>As deep techs \u2013 startups baseadas em inova\u00e7\u00e3o cient\u00edfica e tecnol\u00f3gica \u2013 t\u00eam destaque na Jornada Nacional de Inova\u00e7\u00e3o da Ind\u00fastria, pois s\u00e3o empresas baseadas em descobertas cient\u00edficas, com alto grau de inova\u00e7\u00e3o e potencial para transformar setores inteiros. <a href=\"https:\/\/imprensa.portaldaindustria.com.br\/posicionamentos\/cni-e-sebrae-lancam-a-jornada-nacional-de-inovacao-da-industria\/\" target=\"_blank\" rel=\"noopener\">O Brasil conta atualmente com mais de 20 mil startups.<\/a><\/p>\n<p>De acordo com o relat\u00f3rio <a href=\"https:\/\/imprensa.portaldaindustria.com.br\/posicionamentos\/cni-e-sebrae-lancam-a-jornada-nacional-de-inovacao-da-industria\/\" target=\"_blank\" rel=\"noopener\">Deep techs Brasil 2024, da Emerge, o Brasil conta com 875 startups desse ecossistema<\/a>, com a maioria localizada na regi\u00e3o Sudeste.<\/p>\n<p>A Jornada Nacional de Inova\u00e7\u00e3o da Ind\u00fastria come\u00e7ou em julho de 2025 e termina em mar\u00e7o de 2026, no 11\u00ba Congresso de Inova\u00e7\u00e3o da Ind\u00fastria. Neste per\u00edodo, o movimento itinerante percorrer\u00e1 as 27 Unidades da Federa\u00e7\u00e3o para conhecer novas tecnologias com identidade regional, promover di\u00e1logos e criar uma rede inova\u00e7\u00e3o no pa\u00eds.<\/p>\n<p><!--EndFragment --><\/p>\n<p>\t\t\t\t\t\t\t\t\t<img decoding=\"async\" src=\"https:\/\/brasil61.com\/api\/v1\/serve_pixel\/22254\/84921\" alt=\"Pixel Brasil 61\" class=\"b61_pixel\" width=\"0\" height=\"0\"><\/p>\n<div class=\"br61_backlink\">\n<p>\n\t\t\t\tFonte: <a href=\"https:\/\/brasil61.com\/jornada-nacional-de-inovacao-da-industria-florianopolis-sc-recebe-encontro-regional-sul-dias-1-e-2-de-outubro-pind254637\" title=\"Artigo Original: Jornada Nacional de Inova\u00e7\u00e3o da Ind\u00fastria: Florian\u00f3polis (SC) recebe encontro regional Sul dias 1\u00ba e 2 de outubro\" target=\"_blank\" rel=\"noopener\">Brasil 61<\/a>\n\t\t\t<\/p>\n<\/p><\/div>\n<input type=\"hidden\" id=\"baseurl\" value=\"https:\/\/noticiasregionais.com.br\"><input type=\"hidden\" id=\"audio_nonce\" value=\"5c13e0637f\">","protected":false},"excerpt":{"rendered":"<p>Evento vai reunir empres\u00e1rios, pesquisadores, representantes da ind\u00fastria e do setor p\u00fablico, nos dias 1 e 2 de outubro, para consolidar prioridades regionais em temas como transi\u00e7\u00e3o ecol\u00f3gica, digitaliza\u00e7\u00e3o e bioeconomia<\/p>\n","protected":false},"author":1,"featured_media":10737,"comment_status":"","ping_status":"open","sticky":false,"template":"","format":"standard","meta":{"sfsi_plus_gutenberg_text_before_share":"","sfsi_plus_gutenberg_show_text_before_share":"","sfsi_plus_gutenberg_icon_type":"","sfsi_plus_gutenberg_icon_alignemt":"","sfsi_plus_gutenburg_max_per_row":"","footnotes":""},"categories":[8],"tags":[],"class_list":["post-10736","post","type-post","status-publish","format-standard","has-post-thumbnail","hentry","category-brasil"],"_links":{"self":[{"href":"https:\/\/noticiasregionais.com.br\/index.php?rest_route=\/wp\/v2\/posts\/10736","targetHints":{"allow":["GET"]}}],"collection":[{"href":"https:\/\/noticiasregionais.com.br\/index.php?rest_route=\/wp\/v2\/posts"}],"about":[{"href":"https:\/\/noticiasregionais.com.br\/index.php?rest_route=\/wp\/v2\/types\/post"}],"author":[{"embeddable":true,"href":"https:\/\/noticiasregionais.com.br\/index.php?rest_route=\/wp\/v2\/users\/1"}],"replies":[{"embeddable":true,"href":"https:\/\/noticiasregionais.com.br\/index.php?rest_route=%2Fwp%2Fv2%2Fcomments&post=10736"}],"version-history":[{"count":0,"href":"https:\/\/noticiasregionais.com.br\/index.php?rest_route=\/wp\/v2\/posts\/10736\/revisions"}],"wp:featuredmedia":[{"embeddable":true,"href":"https:\/\/noticiasregionais.com.br\/index.php?rest_route=\/wp\/v2\/media\/10737"}],"wp:attachment":[{"href":"https:\/\/noticiasregionais.com.br\/index.php?rest_route=%2Fwp%2Fv2%2Fmedia&parent=10736"}],"wp:term":[{"taxonomy":"category","embeddable":true,"href":"https:\/\/noticiasregionais.com.br\/index.php?rest_route=%2Fwp%2Fv2%2Fcategories&post=10736"},{"taxonomy":"post_tag","embeddable":true,"href":"https:\/\/noticiasregionais.com.br\/index.php?rest_route=%2Fwp%2Fv2%2Ftags&post=10736"}],"curies":[{"name":"wp","href":"https:\/\/api.w.org\/{rel}","templated":true}]}}