{"id":10740,"date":"2025-10-31T14:38:00","date_gmt":"2025-10-31T17:38:00","guid":{"rendered":"https:\/\/noticiasregionais.com.br\/?p=10740"},"modified":"2025-10-31T14:38:00","modified_gmt":"2025-10-31T17:38:00","slug":"gestores-tem-ate-7-de-novembro-para-cadastrar-propostas-no-fiis-saude-e-financiar-obras-e-equipamentos-da-rede-publica","status":"publish","type":"post","link":"https:\/\/noticiasregionais.com.br\/?p=10740","title":{"rendered":"Gestores t\u00eam at\u00e9 7 de novembro para cadastrar propostas no FIIS-Sa\u00fade e financiar obras e equipamentos da rede p\u00fablica"},"content":{"rendered":"<\/p>\n<p>Gestores estaduais, municipais e do Distrito Federal podem cadastrar propostas no Fundo de Investimentos em Infraestrutura de Sa\u00fade (FIIS-Sa\u00fade), criado pelo governo federal para ampliar e modernizar a rede p\u00fablica de sa\u00fade em todo o pa\u00eds.<\/p>\n<p>O prazo para envio das cartas-consulta vai at\u00e9 7 de novembro de 2025.<\/p>\n<h2>Recursos dispon\u00edveis<\/h2>\n<p>O fundo disponibiliza R$ 20 bilh\u00f5es em financiamentos, sendo R$ 10 bilh\u00f5es liberados em 2025 e outros R$ 10 bilh\u00f5es em 2026.<\/p>\n<p>As condi\u00e7\u00f5es s\u00e3o diferenciadas, com juros abaixo das taxas de mercado e prazos de car\u00eancia estendidos, o que garante mais viabilidade para que os entes federados executem seus projetos de infraestrutura e aquisi\u00e7\u00e3o de equipamentos.<\/p>\n<h2>Como cadastrar propostas<\/h2>\n<p>O cadastro deve ser feito exclusivamente pelo sistema Transferegov.br.<\/p>\n<p>Confira o passo a passo:<\/p>\n<p>Acesse o sistema, selecione \u201cTransfer\u00eancias Discricion\u00e1rias e Legais\u201d e fa\u00e7a login com a conta gov.br.<\/p>\n<p>No menu, clique em \u201cPropostas\u201d e depois em \u201cSele\u00e7\u00e3o PAC\u201d. \u00c9 necess\u00e1rio ter perfil autorizado\u00a0como cadastrador de proposta, dirigente representante ou gestor do convenente.<\/p>\n<p>Clique em \u201cIncluir\u201d e preencha o formul\u00e1rio eletr\u00f4nico. No campo Programa, digite o c\u00f3digo 3600020250107 (FIIS-Sa\u00fade). Informe benefici\u00e1rio, CNPJ e o valor do financiamento.<\/p>\n<p>Caso a proposta complemente outra j\u00e1 cadastrada, indique essa informa\u00e7\u00e3o e relacione os munic\u00edpios beneficiados.<\/p>\n<p>Anexe os documentos exigidos pelo manual do programa. N\u00e3o \u00e9 necess\u00e1rio enviar projetos t\u00e9cnicos nesta fase.<\/p>\n<p>Ap\u00f3s revisar as informa\u00e7\u00f5es, envie a carta-consulta para an\u00e1lise t\u00e9cnica. O sistema gerar\u00e1 um n\u00famero de protocolo para acompanhamento.<\/p>\n<h2>Quem pode participar<\/h2>\n<p>Podem solicitar financiamento:<\/p>\n<ul>\n<li>\u00d3rg\u00e3os e entidades da administra\u00e7\u00e3o p\u00fablica direta e indireta de estados, munic\u00edpios e do Distrito Federal;<\/li>\n<li>Institui\u00e7\u00f5es filantr\u00f3picas;<\/li>\n<li>Sociedades de Prop\u00f3sito Espec\u00edfico (SPEs);<\/li>\n<li>Organiza\u00e7\u00f5es Sociais (OSs) com contratos vigentes com o SUS;<\/li>\n<li>Entidades privadas com contrato ativo de presta\u00e7\u00e3o de servi\u00e7os de sa\u00fade.<\/li>\n<\/ul>\n<p>Ser\u00e3o priorizadas propostas habilitadas no PAC Sele\u00e7\u00f5es 2023 e 2025, al\u00e9m de projetos de institui\u00e7\u00f5es participantes do programa Agora Tem Especialistas.<\/p>\n<h2>O que pode ser financiado<\/h2>\n<p>Os recursos do FIIS-Sa\u00fade poder\u00e3o ser aplicados em:<\/p>\n<ul>\n<li>Obras de constru\u00e7\u00e3o, amplia\u00e7\u00e3o e moderniza\u00e7\u00e3o de unidades de sa\u00fade;<\/li>\n<li>Aquisi\u00e7\u00e3o de equipamentos m\u00e9dicos e assistenciais;<\/li>\n<li>Compra de ve\u00edculos de transporte sanit\u00e1rio, como ambul\u00e2ncias, vans e embarca\u00e7\u00f5es.<\/li>\n<\/ul>\n<p>Reformas s\u00e3o permitidas apenas quando vinculadas \u00e0 instala\u00e7\u00e3o de equipamentos espec\u00edficos, como bunkers para aceleradores lineares, ou \u00e0 amplia\u00e7\u00e3o da capacidade instalada.<\/p>\n<p>As informa\u00e7\u00f5es s\u00e3o do Minist\u00e9rio da Sa\u00fade\u00a0<\/p>\n<p>\u00a0<\/p>\n<p>\t\t\t\t\t\t\t\t\t<img decoding=\"async\" src=\"https:\/\/brasil61.com\/api\/v1\/serve_pixel\/22254\/85569\" alt=\"Pixel Brasil 61\" class=\"b61_pixel\" width=\"0\" height=\"0\"><\/p>\n<div class=\"br61_backlink\">\n<p>\n\t\t\t\tFonte: <a href=\"https:\/\/brasil61.com\/gestores-tem-ate-7-de-novembro-para-cadastrar-propostas-no-fiis-saude-e-financiar-obras-e-equipamentos-da-rede-publica-bras2515049\" title=\"Artigo Original: Gestores t\u00eam at\u00e9 7 de novembro para cadastrar propostas no FIIS-Sa\u00fade e financiar obras e equipamentos da rede p\u00fablica\" target=\"_blank\" rel=\"noopener\">Brasil 61<\/a>\n\t\t\t<\/p>\n<\/p><\/div>\n<input type=\"hidden\" id=\"baseurl\" value=\"https:\/\/noticiasregionais.com.br\"><input type=\"hidden\" id=\"audio_nonce\" value=\"296231ceac\">","protected":false},"excerpt":{"rendered":"<p>Iniciativa do governo federal oferece R$ 20 bilh\u00f5es com juros reduzidos e prazos estendidos para ampliar e modernizar a rede p\u00fablica de sa\u00fade<\/p>\n","protected":false},"author":1,"featured_media":10741,"comment_status":"","ping_status":"open","sticky":false,"template":"","format":"standard","meta":{"sfsi_plus_gutenberg_text_before_share":"","sfsi_plus_gutenberg_show_text_before_share":"","sfsi_plus_gutenberg_icon_type":"","sfsi_plus_gutenberg_icon_alignemt":"","sfsi_plus_gutenburg_max_per_row":"","footnotes":""},"categories":[8],"tags":[],"class_list":["post-10740","post","type-post","status-publish","format-standard","has-post-thumbnail","hentry","category-brasil"],"_links":{"self":[{"href":"https:\/\/noticiasregionais.com.br\/index.php?rest_route=\/wp\/v2\/posts\/10740","targetHints":{"allow":["GET"]}}],"collection":[{"href":"https:\/\/noticiasregionais.com.br\/index.php?rest_route=\/wp\/v2\/posts"}],"about":[{"href":"https:\/\/noticiasregionais.com.br\/index.php?rest_route=\/wp\/v2\/types\/post"}],"author":[{"embeddable":true,"href":"https:\/\/noticiasregionais.com.br\/index.php?rest_route=\/wp\/v2\/users\/1"}],"replies":[{"embeddable":true,"href":"https:\/\/noticiasregionais.com.br\/index.php?rest_route=%2Fwp%2Fv2%2Fcomments&post=10740"}],"version-history":[{"count":0,"href":"https:\/\/noticiasregionais.com.br\/index.php?rest_route=\/wp\/v2\/posts\/10740\/revisions"}],"wp:featuredmedia":[{"embeddable":true,"href":"https:\/\/noticiasregionais.com.br\/index.php?rest_route=\/wp\/v2\/media\/10741"}],"wp:attachment":[{"href":"https:\/\/noticiasregionais.com.br\/index.php?rest_route=%2Fwp%2Fv2%2Fmedia&parent=10740"}],"wp:term":[{"taxonomy":"category","embeddable":true,"href":"https:\/\/noticiasregionais.com.br\/index.php?rest_route=%2Fwp%2Fv2%2Fcategories&post=10740"},{"taxonomy":"post_tag","embeddable":true,"href":"https:\/\/noticiasregionais.com.br\/index.php?rest_route=%2Fwp%2Fv2%2Ftags&post=10740"}],"curies":[{"name":"wp","href":"https:\/\/api.w.org\/{rel}","templated":true}]}}