{"id":10742,"date":"2025-10-31T14:46:00","date_gmt":"2025-10-31T17:46:00","guid":{"rendered":"https:\/\/noticiasregionais.com.br\/?p=10742"},"modified":"2025-10-31T14:46:00","modified_gmt":"2025-10-31T17:46:00","slug":"casos-de-srag-por-influenza-avancam-para-o-rio-de-janeiro-e-espirito-santo","status":"publish","type":"post","link":"https:\/\/noticiasregionais.com.br\/?p=10742","title":{"rendered":"Casos de SRAG por influenza avan\u00e7am para o Rio de Janeiro e Esp\u00edrito Santo"},"content":{"rendered":"<p>A nova edi\u00e7\u00e3o do Boletim InfoGripe, da Fiocruz, aponta para a manuten\u00e7\u00e3o do aumento do n\u00famero de casos graves de S\u00edndrome Respirat\u00f3ria Aguda Grave (SRAG) por influenza A em S\u00e3o Paulo e para o avan\u00e7o do v\u00edrus no Rio de Janeiro e Esp\u00edrito Santo.<\/p>\n<p>O estudo tamb\u00e9m mostra que Goi\u00e1s e o Distrito Federal, que registraram uma segunda onda at\u00edpica da doen\u00e7a, come\u00e7am a apresentar queda nos casos.<\/p>\n<p>A an\u00e1lise \u00e9 referente \u00e0 Semana Epidemiol\u00f3gica 43, per\u00edodo de 19 de agosto a 25 de outubro. O InfoGripe \u00e9 uma estrat\u00e9gia do Sistema \u00danico de Sa\u00fade (SUS) voltada ao monitoramento de casos de SRAG em todo o pa\u00eds.<\/p>\n<h2>Cen\u00e1rio nacional<\/h2>\n<p>Seis estados apresentam incid\u00eancia de S\u00edndrome Respirat\u00f3ria Aguda Grave (SRAG) em n\u00edvel de alerta, risco ou alto risco, com tend\u00eancia de crescimento: Acre, Esp\u00edrito Santo, Mato Grosso do Sul, Rio de Janeiro, Santa Catarina e Tocantins.<\/p>\n<p>A alta ocorre, principalmente, entre crian\u00e7as e adolescentes de at\u00e9 14 anos, impulsionada pelo rinov\u00edrus.<\/p>\n<p>No Esp\u00edrito Santo, o aumento dos casos tamb\u00e9m \u00e9 observado entre jovens e adultos de 15 a 49 anos, associado \u00e0 influenza A. J\u00e1 no Tocantins, h\u00e1 crescimento entre pessoas de 50 a 64 anos.<\/p>\n<p>As hospitaliza\u00e7\u00f5es por Covid-19 seguem em alta no Sul e em S\u00e3o Paulo, mas com incid\u00eancia ainda baixa. O Esp\u00edrito Santo \u00e9 o \u00fanico estado com incid\u00eancia moderada de casos graves por Covid-19, embora j\u00e1 apresente sinal de queda entre idosos.<\/p>\n<h2>V\u00edrus em circula\u00e7\u00e3o<\/h2>\n<p>Segundo a Fiocruz, o rinov\u00edrus tem impulsionado o aumento de casos de SRAG em crian\u00e7as no Acre, Mato Grosso do Sul, Esp\u00edrito Santo, Rio de Janeiro e Santa Catarina.<\/p>\n<p>O metapneumov\u00edrus tamb\u00e9m tem contribu\u00eddo para o crescimento de infec\u00e7\u00f5es em crian\u00e7as no Rio de Janeiro, Esp\u00edrito Santo e Santa Catarina, e o adenov\u00edrus em Mato Grosso do Sul.<\/p>\n<p>Nas quatro \u00faltimas semanas epidemiol\u00f3gicas, entre os casos positivos de SRAG, a preval\u00eancia foi de:<\/p>\n<ul>\n<li>22,5% de influenza A<\/li>\n<li>1,4% de influenza B<\/li>\n<li>7,2% de v\u00edrus sincicial respirat\u00f3rio (VSR)<\/li>\n<li>38,4% de rinov\u00edrus<\/li>\n<li>14,7% de Sars-CoV-2 (Covid-19)<\/li>\n<\/ul>\n<p>Entre os \u00f3bitos registrados, 44,9% foram causados por Covid-19, 27,5% por rinov\u00edrus e 20,2% por influenza A.<br \/>\nEm 2025, j\u00e1 foram notificados 200.652 casos de SRAG no pa\u00eds, sendo 105.721 (52,7%) com resultado laboratorial positivo para algum v\u00edrus respirat\u00f3rio.<\/p>\n<h2>Capitais em alerta<\/h2>\n<p>Cinco capitais apresentam n\u00edvel de atividade de SRAG em alerta, risco ou alto risco, com sinal de crescimento: Aracaju, Campo Grande, Florian\u00f3polis, Palmas e S\u00e3o Lu\u00eds.<\/p>\n<h2>Recomenda\u00e7\u00f5es<\/h2>\n<p>A Fiocruz refor\u00e7a a import\u00e2ncia da vacina\u00e7\u00e3o contra influenza e Covid-19, principalmente entre idosos, pessoas com comorbidades e imunocomprometidos.<\/p>\n<p>Em regi\u00f5es com aumento de casos, a orienta\u00e7\u00e3o \u00e9 manter o uso de m\u00e1scara em locais fechados e com aglomera\u00e7\u00e3o, al\u00e9m de refor\u00e7ar a testagem e o monitoramento de novos casos.<\/p>\n<p>As informa\u00e7\u00f5es s\u00e3o da FioCruz.<\/p>\n<p>\t\t\t\t\t\t\t\t\t<img decoding=\"async\" src=\"https:\/\/brasil61.com\/api\/v1\/serve_pixel\/22254\/85570\" alt=\"Pixel Brasil 61\" class=\"b61_pixel\" width=\"0\" height=\"0\"><\/p>\n<div class=\"br61_backlink\">\n<p>\n\t\t\t\tFonte: <a href=\"https:\/\/brasil61.com\/casos-de-srag-por-influenza-avancam-para-o-rio-de-janeiro-e-espirito-santo-bras2515050\" title=\"Artigo Original: Casos de SRAG por influenza avan\u00e7am para o Rio de Janeiro e Esp\u00edrito Santo\" target=\"_blank\" rel=\"noopener\">Brasil 61<\/a>\n\t\t\t<\/p>\n<\/p><\/div>\n<input type=\"hidden\" id=\"baseurl\" value=\"https:\/\/noticiasregionais.com.br\"><input type=\"hidden\" id=\"audio_nonce\" value=\"296231ceac\">","protected":false},"excerpt":{"rendered":"<p>Boletim InfoGripe da Fiocruz indica manuten\u00e7\u00e3o do aumento de casos graves de influenza A em S\u00e3o Paulo e avan\u00e7o do v\u00edrus em outros estados do Sudeste<\/p>\n","protected":false},"author":1,"featured_media":10743,"comment_status":"","ping_status":"open","sticky":false,"template":"","format":"standard","meta":{"sfsi_plus_gutenberg_text_before_share":"","sfsi_plus_gutenberg_show_text_before_share":"","sfsi_plus_gutenberg_icon_type":"","sfsi_plus_gutenberg_icon_alignemt":"","sfsi_plus_gutenburg_max_per_row":"","footnotes":""},"categories":[8],"tags":[],"class_list":["post-10742","post","type-post","status-publish","format-standard","has-post-thumbnail","hentry","category-brasil"],"_links":{"self":[{"href":"https:\/\/noticiasregionais.com.br\/index.php?rest_route=\/wp\/v2\/posts\/10742","targetHints":{"allow":["GET"]}}],"collection":[{"href":"https:\/\/noticiasregionais.com.br\/index.php?rest_route=\/wp\/v2\/posts"}],"about":[{"href":"https:\/\/noticiasregionais.com.br\/index.php?rest_route=\/wp\/v2\/types\/post"}],"author":[{"embeddable":true,"href":"https:\/\/noticiasregionais.com.br\/index.php?rest_route=\/wp\/v2\/users\/1"}],"replies":[{"embeddable":true,"href":"https:\/\/noticiasregionais.com.br\/index.php?rest_route=%2Fwp%2Fv2%2Fcomments&post=10742"}],"version-history":[{"count":0,"href":"https:\/\/noticiasregionais.com.br\/index.php?rest_route=\/wp\/v2\/posts\/10742\/revisions"}],"wp:featuredmedia":[{"embeddable":true,"href":"https:\/\/noticiasregionais.com.br\/index.php?rest_route=\/wp\/v2\/media\/10743"}],"wp:attachment":[{"href":"https:\/\/noticiasregionais.com.br\/index.php?rest_route=%2Fwp%2Fv2%2Fmedia&parent=10742"}],"wp:term":[{"taxonomy":"category","embeddable":true,"href":"https:\/\/noticiasregionais.com.br\/index.php?rest_route=%2Fwp%2Fv2%2Fcategories&post=10742"},{"taxonomy":"post_tag","embeddable":true,"href":"https:\/\/noticiasregionais.com.br\/index.php?rest_route=%2Fwp%2Fv2%2Ftags&post=10742"}],"curies":[{"name":"wp","href":"https:\/\/api.w.org\/{rel}","templated":true}]}}