{"id":10746,"date":"2025-10-31T17:14:00","date_gmt":"2025-10-31T20:14:00","guid":{"rendered":"https:\/\/noticiasregionais.com.br\/?p=10746"},"modified":"2025-10-31T17:14:00","modified_gmt":"2025-10-31T20:14:00","slug":"senado-aprova-mp-que-reformula-regras-do-setor-eletrico-e-abre-mercado-livre-para-consumidores","status":"publish","type":"post","link":"https:\/\/noticiasregionais.com.br\/?p=10746","title":{"rendered":"Senado aprova MP que reformula regras do setor el\u00e9trico e abre mercado livre para consumidores"},"content":{"rendered":"<p>O <strong>Senado aprovou<\/strong> nesta quinta-feira (30) a <strong><a href=\"https:\/\/www.congressonacional.leg.br\/materias\/medidas-provisorias\/-\/mpv\/169547\" target=\"_blank\" rel=\"noopener\">Medida Provis\u00f3ria (MP) 1.304\/2025<\/a><\/strong>, que <strong>estabelece novas diretrizes para o setor el\u00e9trico brasileiro<\/strong>. A proposta, originalmente voltada a conter o aumento das tarifas de energia, passou por amplas modifica\u00e7\u00f5es e <strong>segue para san\u00e7\u00e3o presidencial<\/strong>.<\/p>\n<p>Uma das <strong>principais mudan\u00e7as<\/strong> \u00e9 a <strong>abertura do mercado livre de energia<\/strong> (Ambiente de Contrata\u00e7\u00e3o Livre \u2013 ACL) <strong>para consumidores residenciais e comerciais<\/strong>. A medida permitir\u00e1 que os consumidores escolham os fornecedores de energia el\u00e9trica.<\/p>\n<p>O cronograma de implanta\u00e7\u00e3o ser\u00e1 escalonado:<\/p>\n<ul>\n<li><strong>Ind\u00fastrias e com\u00e9rcios:<\/strong> dois anos ap\u00f3s a san\u00e7\u00e3o;<\/li>\n<li><strong>Residenciais:<\/strong> tr\u00eas anos ap\u00f3s a san\u00e7\u00e3o.<\/li>\n<\/ul>\n<p>Antes disso, <strong>ser\u00e3o realizadas a\u00e7\u00f5es de conscientiza\u00e7\u00e3o e regulamenta\u00e7\u00e3o<\/strong> do Suprimento de \u00daltima Inst\u00e2ncia (SUI), que garante fornecimento emergencial em caso de fal\u00eancia ou inadimpl\u00eancia do fornecedor.<\/p>\n<p>O relator da MP, <a href=\"https:\/\/www25.senado.leg.br\/web\/senadores\/senador\/-\/perfil\/4994\" target=\"_blank\" rel=\"noopener\">senador Eduardo Braga<\/a> (MDB-AM), destacou:\u00a0\u201ca discuss\u00e3o foi longa na comiss\u00e3o, foram discutidos todos os aspectos. Fizemos aquilo que foi poss\u00edvel no regime de democracia e num regime de correla\u00e7\u00e3o de for\u00e7as: moderniza\u00e7\u00e3o, reestrutura\u00e7\u00e3o no setor, com compromisso de levar uma energia mais barata para o consumidor, reduzir a conta da CDE, fazer o reequil\u00edbrio do sistema e enfrentar as discuss\u00f5es\u00a0estrat\u00e9gicas do setor\u201d.<\/p>\n<h2>Subs\u00eddios e Conta de Desenvolvimento Energ\u00e9tico (CDE)<\/h2>\n<p>A proposta busca <strong>limitar o crescimento<\/strong> da Conta de Desenvolvimento Energ\u00e9tico (<a href=\"https:\/\/www.ccee.org.br\/mercado\/contas-setoriais\/conta-de-desenvolvimento-energetico-cde\" target=\"_blank\" rel=\"noopener\">CDE<\/a>), <strong>fundo que subsidia programas<\/strong> como a Tarifa Social de Energia El\u00e9trica e o Luz para Todos. O or\u00e7amento da CDE para 2025, aprovado pela Ag\u00eancia Nacional de Energia El\u00e9trica (<a href=\"https:\/\/www.gov.br\/aneel\/pt-br\" target=\"_blank\" rel=\"noopener\">Aneel<\/a>), \u00e9 de R$ 49,2 bilh\u00f5es, um aumento de 32,45% em rela\u00e7\u00e3o a 2024.<\/p>\n<p>O texto estabelece um teto para os recursos arrecadados via quotas pagas pelos consumidores, com corre\u00e7\u00e3o pela infla\u00e7\u00e3o a partir de 2027. Al\u00e9m disso, 100% da receita das outorgas de concess\u00e3o de hidrel\u00e9tricas ser\u00e1 destinada \u00e0 CDE nos pr\u00f3ximos sete anos, com aporte superior a R$ 15 bilh\u00f5es.<\/p>\n<h2>Royalties do petr\u00f3leo<\/h2>\n<p>A MP <strong>altera a metodologia de c\u00e1lculo dos royalties do petr\u00f3leo<\/strong>, que passar\u00e1 a <strong>considerar m\u00e9dias de cota\u00e7\u00f5es divulgadas por ag\u00eancias internacionais<\/strong>. Caso n\u00e3o haja dados dispon\u00edveis, ser\u00e1 utilizada metodologia prevista em legisla\u00e7\u00e3o ou decreto presidencial.<\/p>\n<p>A mudan\u00e7a pode elevar a arrecada\u00e7\u00e3o, mas tamb\u00e9m os custos de novos projetos. O governo sinalizou poss\u00edvel veto ao trecho, considerado pol\u00eamico por parlamentares.<\/p>\n<h2>PCHs<\/h2>\n<p>Foi <strong>mantida a contrata\u00e7\u00e3o de at\u00e9 4.900 MW de Pequenas Centrais Hidrel\u00e9tricas <\/strong>(PCHs) em leil\u00f5es de reserva de capacidade. Os contratos e investimentos ter\u00e3o corre\u00e7\u00e3o pelo INCC e IPCA, respectivamente. A <strong>contrata\u00e7\u00e3o compuls\u00f3ria de t\u00e9rmicas a g\u00e1s foi retirada do texto<\/strong>.<\/p>\n<h2>Incentivo \u00e0 tecnologia e armazenamento<\/h2>\n<p>A MP <strong>prev\u00ea isen\u00e7\u00e3o fiscal para sistemas de armazenamento de energia<\/strong> (BESS), com benef\u00edcios como:<\/p>\n<ul>\n<li>Isen\u00e7\u00e3o de IPI;<\/li>\n<li>Isen\u00e7\u00e3o de PIS\/Cofins;<\/li>\n<li>Redu\u00e7\u00e3o de imposto de importa\u00e7\u00e3o.<\/li>\n<\/ul>\n<p>A medida visa estimular novas tecnologias e reduzir desperd\u00edcios no Sistema Interligado Nacional (<a href=\"https:\/\/www.ana.gov.br\/sar\/sin\" target=\"_blank\" rel=\"noopener\">SIN<\/a>).<\/p>\n<h2>Gera\u00e7\u00e3o distribu\u00edda<\/h2>\n<p>A cobran\u00e7a de R$ 20 por 100 kWh sobre novos projetos de gera\u00e7\u00e3o distribu\u00edda, como sistemas solares em telhados, foi <strong>retirada do texto final<\/strong>. A medida havia sido sugerida para <strong>conter o crescimento acelerado do setor<\/strong>, considerado um risco \u00e0 estabilidade do sistema el\u00e9trico pelo Operador Nacional do Sistema El\u00e9trico (<a href=\"https:\/\/www.ons.org.br\/\" target=\"_blank\" rel=\"noopener\">ONS<\/a>).<\/p>\n<p>Al\u00e9m disso, foi <strong>aprovada a emenda que garante o ressarcimento por <em>curtailment<\/em><\/strong>, corte na produ\u00e7\u00e3o de energia e\u00f3lica e solar em situa\u00e7\u00f5es de excesso de oferta ou congestionamento da rede.\u00a0<\/p>\n<p>Com informa\u00e7\u00f5es da <a href=\"https:\/\/www12.senado.leg.br\/noticias\/materias\/2025\/10\/30\/senado-aprova-mp-do-setor-eletrico-com-abertura-do-mercado-livre-de-energia\" target=\"_blank\" rel=\"noopener\">Ag\u00eancia Senado<\/a><\/p>\n<p><strong>VEJA MAIS:<\/strong><\/p>\n<ul>\n<li><a href=\"https:\/\/brasil61.com\/n\/congresso-aprova-validade-permanente-para-beneficios-tributarios-no-ir-bras2515043\" target=\"_blank\" rel=\"noopener\">Congresso aprova validade permanente para benef\u00edcios tribut\u00e1rios no IR<\/a><\/li>\n<li><a href=\"https:\/\/brasil61.com\/n\/camara-retoma-votacoes-com-foco-no-ajuste-fiscal-e-em-medidas-de-impacto-popular-bras2515001\" target=\"_blank\" rel=\"noopener\">C\u00e2mara retoma vota\u00e7\u00f5es com foco no ajuste fiscal e em medidas de impacto popular<\/a><\/li>\n<\/ul>\n<p>\t\t\t\t\t\t\t\t\t<img decoding=\"async\" src=\"https:\/\/brasil61.com\/api\/v1\/serve_pixel\/22254\/85585\" alt=\"Pixel Brasil 61\" class=\"b61_pixel\" width=\"0\" height=\"0\"><\/p>\n<div class=\"br61_backlink\">\n<p>\n\t\t\t\tFonte: <a href=\"https:\/\/brasil61.com\/senado-aprova-mp-que-reformula-regras-do-setor-eletrico-e-abre-mercado-livre-para-consumidores-bras2515053\" title=\"Artigo Original: Senado aprova MP que reformula regras do setor el\u00e9trico e abre mercado livre para consumidores\" target=\"_blank\" rel=\"noopener\">Brasil 61<\/a>\n\t\t\t<\/p>\n<\/p><\/div>\n<input type=\"hidden\" id=\"baseurl\" value=\"https:\/\/noticiasregionais.com.br\"><input type=\"hidden\" id=\"audio_nonce\" value=\"5c13e0637f\">","protected":false},"excerpt":{"rendered":"<p>Texto final permite escolha de fornecedor por consumidores residenciais e comerciais, limita crescimento da CDE e incentiva tecnologias de armazenamento de energia<\/p>\n","protected":false},"author":1,"featured_media":10747,"comment_status":"","ping_status":"open","sticky":false,"template":"","format":"standard","meta":{"sfsi_plus_gutenberg_text_before_share":"","sfsi_plus_gutenberg_show_text_before_share":"","sfsi_plus_gutenberg_icon_type":"","sfsi_plus_gutenberg_icon_alignemt":"","sfsi_plus_gutenburg_max_per_row":"","footnotes":""},"categories":[8],"tags":[],"class_list":["post-10746","post","type-post","status-publish","format-standard","has-post-thumbnail","hentry","category-brasil"],"_links":{"self":[{"href":"https:\/\/noticiasregionais.com.br\/index.php?rest_route=\/wp\/v2\/posts\/10746","targetHints":{"allow":["GET"]}}],"collection":[{"href":"https:\/\/noticiasregionais.com.br\/index.php?rest_route=\/wp\/v2\/posts"}],"about":[{"href":"https:\/\/noticiasregionais.com.br\/index.php?rest_route=\/wp\/v2\/types\/post"}],"author":[{"embeddable":true,"href":"https:\/\/noticiasregionais.com.br\/index.php?rest_route=\/wp\/v2\/users\/1"}],"replies":[{"embeddable":true,"href":"https:\/\/noticiasregionais.com.br\/index.php?rest_route=%2Fwp%2Fv2%2Fcomments&post=10746"}],"version-history":[{"count":0,"href":"https:\/\/noticiasregionais.com.br\/index.php?rest_route=\/wp\/v2\/posts\/10746\/revisions"}],"wp:featuredmedia":[{"embeddable":true,"href":"https:\/\/noticiasregionais.com.br\/index.php?rest_route=\/wp\/v2\/media\/10747"}],"wp:attachment":[{"href":"https:\/\/noticiasregionais.com.br\/index.php?rest_route=%2Fwp%2Fv2%2Fmedia&parent=10746"}],"wp:term":[{"taxonomy":"category","embeddable":true,"href":"https:\/\/noticiasregionais.com.br\/index.php?rest_route=%2Fwp%2Fv2%2Fcategories&post=10746"},{"taxonomy":"post_tag","embeddable":true,"href":"https:\/\/noticiasregionais.com.br\/index.php?rest_route=%2Fwp%2Fv2%2Ftags&post=10746"}],"curies":[{"name":"wp","href":"https:\/\/api.w.org\/{rel}","templated":true}]}}