{"id":10748,"date":"2025-10-31T18:27:00","date_gmt":"2025-10-31T21:27:00","guid":{"rendered":"https:\/\/noticiasregionais.com.br\/?p=10748"},"modified":"2025-10-31T18:27:00","modified_gmt":"2025-10-31T21:27:00","slug":"estudo-do-ipea-aponta-custo-por-pessoa-para-universalizar-agua-e-esgoto-no-brasil","status":"publish","type":"post","link":"https:\/\/noticiasregionais.com.br\/?p=10748","title":{"rendered":"Estudo do Ipea aponta custo por pessoa para universalizar \u00e1gua e esgoto no Brasil"},"content":{"rendered":"<p>Um <strong>estudo<\/strong> do Instituto de Pesquisa Econ\u00f4mica Aplicada (<a href=\"https:\/\/www.ipea.gov.br\/portal\/\" target=\"_blank\" rel=\"noopener\">Ipea<\/a>) <strong>identificou os custos operacionais para universalizar os servi\u00e7os de \u00e1gua e esgoto com base na experi\u00eancia de 367 munic\u00edpios<\/strong> brasileiros considerados os mais eficientes e efetivos na presta\u00e7\u00e3o desses servi\u00e7os. Os <strong>valores variam de R$ 301 a R$ 394 por pessoa ao ano<\/strong>, a\u00a0<strong>depender do porte populacional<\/strong> das cidades.<\/p>\n<p>Os dados obtidos <strong>podem servir como refer\u00eancia para a estrutura\u00e7\u00e3o de contratos de concess\u00e3o e programas de universaliza\u00e7\u00e3o<\/strong>, conforme exigido pelo <a href=\"https:\/\/www.gov.br\/cidades\/pt-br\/assuntos\/saneamento\/marco-legal-do-saneamento\" target=\"_blank\" rel=\"noopener\">Novo Marco Legal do Saneamento<\/a> (Lei Federal n\u00ba 14.026\/2020).<\/p>\n<p>Os grupos de benchmarks incluem cidades localizadas em todas as cinco regi\u00f5es do pa\u00eds. <a href=\"https:\/\/sp.gov.br\/sp\" target=\"_blank\" rel=\"noopener\">S\u00e3o Paulo<\/a> e <a href=\"https:\/\/www.parana.pr.gov.br\/\" target=\"_blank\" rel=\"noopener\">Paran\u00e1<\/a> concentram a maior parte dos munic\u00edpios que atenderam aos crit\u00e9rios estabelecidos.<\/p>\n<table>\n<tbody>\n<tr>\n<th>Faixa Populacional<\/th>\n<th>Custo M\u00ednimo (R$)<\/th>\n<th>Custo M\u00e1ximo (R$)<\/th>\n<\/tr>\n<tr>\n<td>At\u00e9 10 mil habitantes<\/td>\n<td>313,05<\/td>\n<td>331,23<\/td>\n<\/tr>\n<tr>\n<td>De 10 a 50 mil habitantes<\/td>\n<td>300,89<\/td>\n<td>328,16<\/td>\n<\/tr>\n<tr>\n<td>De 50 a 250 mil habitantes<\/td>\n<td>313,92<\/td>\n<td>332,47<\/td>\n<\/tr>\n<tr>\n<td>Acima de 250 mil habitantes<\/td>\n<td>386,21<\/td>\n<td>393,93<\/td>\n<\/tr>\n<\/tbody>\n<\/table>\n<p><span style=\"font-size:10px\"><em><a href=\"https:\/\/www.ipea.gov.br\/portal\/categorias\/45-todas-as-noticias\/noticias\/16109-custo-para-universalizar-agua-e-esgoto-nos-municipios-mais-eficientes-do-pais-varia-de-r-301-a-r-394-por-pessoa\" target=\"_blank\" rel=\"noopener\">Fonte: Ipea<\/a><\/em><\/span><\/p>\n<p>A pesquisa utilizou a t\u00e9cnica de An\u00e1lise Envolt\u00f3ria de Dados e considerou informa\u00e7\u00f5es do Sistema Nacional de Informa\u00e7\u00e3o sobre Saneamento (<a href=\"https:\/\/www.gov.br\/cidades\/pt-br\/acesso-a-informacao\/acoes-e-programas\/saneamento\/snis\" target=\"_blank\" rel=\"noopener\">SNIS<\/a>), al\u00e9m dos n\u00edveis de cobertura e efici\u00eancia t\u00e9cnica dos prestadores.\u00a0<\/p>\n<p>Segundo o t\u00e9cnico de planejamento e pesquisa do Ipea, Fabiano Pompermayer, os dados levantados no estudo <strong>oferecem uma base para que gestores p\u00fablicos possam mensurar o impacto financeiro da universaliza\u00e7\u00e3o<\/strong> dos servi\u00e7os de \u00e1gua e esgoto. A partir dessas estimativas, \u00e9 poss\u00edvel identificar benchmarks de custo mais compat\u00edveis com as caracter\u00edsticas de cada munic\u00edpio.<\/p>\n<p>\u201cAs estimativas de investimentos e custos s\u00e3o essenciais para se auferir em quanto os usu\u00e1rios e contribuintes ser\u00e3o onerados para se universalizar os servi\u00e7os. Neste trabalho, indicamos benchmarks de custos operacionais que possam ser \u00fateis aos gestores, que ir\u00e3o escolher aqueles mais alinhados \u00e0 realidade do munic\u00edpio\u201d, destacou.<\/p>\n<h2>Plansab<\/h2>\n<p>O Plano Nacional de Saneamento B\u00e1sico (<a href=\"https:\/\/www.gov.br\/cidades\/pt-br\/acesso-a-informacao\/acoes-e-programas\/saneamento\/plano-nacional-de-saneamento-basico-plansab\" target=\"_blank\" rel=\"noopener\">Plansab<\/a>) estabelece como meta, <strong>at\u00e9 2033<\/strong>, que<strong> 99% dos domic\u00edlios brasileiros tenham acesso \u00e0 \u00e1gua pot\u00e1vel e 92% \u00e0 coleta e tratamento adequado de esgoto<\/strong>. No entanto, os dados de 2022 mostram que 95,6% das resid\u00eancias eram abastecidas com \u00e1gua e apenas 77,4% contavam com rede coletora de esgoto ou fossa s\u00e9ptica.<\/p>\n<p>Al\u00e9m da cobertura insuficiente, a qualidade dos servi\u00e7os apresenta desafios significativos. No mesmo per\u00edodo, <strong>37,8% da \u00e1gua pot\u00e1vel foi perdida durante a distribui\u00e7\u00e3o<\/strong>\u00a0e apenas 52,2% do esgoto coletado foi tratado de forma adequada, segundo o SNIS.<\/p>\n<p><strong>VEJA MAIS:<\/strong><\/p>\n<ul>\n<li><a href=\"https:\/\/brasil61.com\/n\/governo-abre-consulta-publica-para-revisar-o-plano-nacional-de-saneamento-bras2514982\" target=\"_blank\" rel=\"noopener\">Governo abre consulta p\u00fablica para revisar o Plano Nacional de Saneamento<\/a><\/li>\n<li><a href=\"https:\/\/brasil61.com\/n\/falta-de-saneamento-leva-mais-de-100-mil-criancas-a-internacao-em-2024-bras2514910\" target=\"_blank\" rel=\"noopener\">Falta de saneamento leva mais de 100 mil crian\u00e7as \u00e0 interna\u00e7\u00e3o em 2024<\/a><\/li>\n<\/ul>\n<p>\t\t\t\t\t\t\t\t\t<img decoding=\"async\" src=\"https:\/\/brasil61.com\/api\/v1\/serve_pixel\/22254\/85593\" alt=\"Pixel Brasil 61\" class=\"b61_pixel\" width=\"0\" height=\"0\"><\/p>\n<div class=\"br61_backlink\">\n<p>\n\t\t\t\tFonte: <a href=\"https:\/\/brasil61.com\/estudo-do-ipea-aponta-custo-por-pessoa-para-universalizar-agua-e-esgoto-no-brasil-bras2515057\" title=\"Artigo Original: Estudo do Ipea aponta custo por pessoa para universalizar \u00e1gua e esgoto no Brasil\" target=\"_blank\" rel=\"noopener\">Brasil 61<\/a>\n\t\t\t<\/p>\n<\/p><\/div>\n<input type=\"hidden\" id=\"baseurl\" value=\"https:\/\/noticiasregionais.com.br\"><input type=\"hidden\" id=\"audio_nonce\" value=\"5c13e0637f\">","protected":false},"excerpt":{"rendered":"<p>Levantamento com base em munic\u00edpios mais eficientes estima valores entre R$ 301 e R$ 394 ao ano por habitante; dados podem orientar pol\u00edticas p\u00fablicas e concess\u00f5es conforme o Novo Marco do Saneamento<\/p>\n","protected":false},"author":1,"featured_media":10749,"comment_status":"","ping_status":"open","sticky":false,"template":"","format":"standard","meta":{"sfsi_plus_gutenberg_text_before_share":"","sfsi_plus_gutenberg_show_text_before_share":"","sfsi_plus_gutenberg_icon_type":"","sfsi_plus_gutenberg_icon_alignemt":"","sfsi_plus_gutenburg_max_per_row":"","footnotes":""},"categories":[8],"tags":[],"class_list":["post-10748","post","type-post","status-publish","format-standard","has-post-thumbnail","hentry","category-brasil"],"_links":{"self":[{"href":"https:\/\/noticiasregionais.com.br\/index.php?rest_route=\/wp\/v2\/posts\/10748","targetHints":{"allow":["GET"]}}],"collection":[{"href":"https:\/\/noticiasregionais.com.br\/index.php?rest_route=\/wp\/v2\/posts"}],"about":[{"href":"https:\/\/noticiasregionais.com.br\/index.php?rest_route=\/wp\/v2\/types\/post"}],"author":[{"embeddable":true,"href":"https:\/\/noticiasregionais.com.br\/index.php?rest_route=\/wp\/v2\/users\/1"}],"replies":[{"embeddable":true,"href":"https:\/\/noticiasregionais.com.br\/index.php?rest_route=%2Fwp%2Fv2%2Fcomments&post=10748"}],"version-history":[{"count":0,"href":"https:\/\/noticiasregionais.com.br\/index.php?rest_route=\/wp\/v2\/posts\/10748\/revisions"}],"wp:featuredmedia":[{"embeddable":true,"href":"https:\/\/noticiasregionais.com.br\/index.php?rest_route=\/wp\/v2\/media\/10749"}],"wp:attachment":[{"href":"https:\/\/noticiasregionais.com.br\/index.php?rest_route=%2Fwp%2Fv2%2Fmedia&parent=10748"}],"wp:term":[{"taxonomy":"category","embeddable":true,"href":"https:\/\/noticiasregionais.com.br\/index.php?rest_route=%2Fwp%2Fv2%2Fcategories&post=10748"},{"taxonomy":"post_tag","embeddable":true,"href":"https:\/\/noticiasregionais.com.br\/index.php?rest_route=%2Fwp%2Fv2%2Ftags&post=10748"}],"curies":[{"name":"wp","href":"https:\/\/api.w.org\/{rel}","templated":true}]}}