{"id":10750,"date":"2025-10-31T15:19:00","date_gmt":"2025-10-31T18:19:00","guid":{"rendered":"https:\/\/noticiasregionais.com.br\/?p=10750"},"modified":"2025-10-31T15:19:00","modified_gmt":"2025-10-31T18:19:00","slug":"governadores-criam-consorcio-da-paz-para-unir-forcas-contra-o-crime-organizado","status":"publish","type":"post","link":"https:\/\/noticiasregionais.com.br\/?p=10750","title":{"rendered":"Governadores criam \u201cCons\u00f3rcio da Paz\u201d para unir for\u00e7as contra o crime organizado"},"content":{"rendered":"<p>\t\t\t\t\t\t\t\t\t\t<audio controls class=\"b61_audio_player\" data-noticia=\"85571\" src=\"https:\/\/brasil61.com\/rails\/active_storage\/blobs\/eyJfcmFpbHMiOnsibWVzc2FnZSI6IkJBaHBBenEzQXc9PSIsImV4cCI6bnVsbCwicHVyIjoiYmxvYl9pZCJ9fQ==--a248ad0e6b247cf62f17cced91084fb1575d4056\/BRAS2515051A\"><\/audio><\/p>\n<p>Governadores de sete estados anunciaram a cria\u00e7\u00e3o do \u201cCons\u00f3rcio da Paz\u201d, iniciativa que busca integrar esfor\u00e7os no combate ao crime organizado por meio da troca de informa\u00e7\u00f5es de intelig\u00eancia e do apoio m\u00fatuo em recursos financeiros e efetivos policiais.<\/p>\n<p>A proposta ganhou for\u00e7a ap\u00f3s a opera\u00e7\u00e3o realizada no Rio de Janeiro, no \u00faltimo dia 28, que deixou 121 mortos nos complexos do Alem\u00e3o e da Penha \u2014 entre eles, quatro policiais militares. O encontro que oficializou a cria\u00e7\u00e3o do grupo ocorreu no Pal\u00e1cio Guanabara, sede do governo fluminense.<\/p>\n<p>Participaram da reuni\u00e3o os governadores Cl\u00e1udio Castro (PL-RJ), Ronaldo Caiado (Uni\u00e3o Brasil-GO), Eduardo Riedel (PP-MS), Romeu Zema (Novo-MG), Jorginho Mello (PL-SC), Tarc\u00edsio de Freitas (Republicanos-SP) e a vice-governadora do Distrito Federal, Celina Le\u00e3o (PP). O Rio de Janeiro ser\u00e1 a sede inicial do cons\u00f3rcio e ficar\u00e1 respons\u00e1vel por conduzir o processo de formaliza\u00e7\u00e3o do grupo.<\/p>\n<h2>Opera\u00e7\u00e3o Conten\u00e7\u00e3o<\/h2>\n<p>Os governadores elogiaram os resultados da a\u00e7\u00e3o policial nos complexos da Penha e do Alem\u00e3o, que resultou na apreens\u00e3o de 93 fuzis. O principal alvo da opera\u00e7\u00e3o era Edgar Alves de Andrade, conhecido como Doca, apontado como l\u00edder do Comando Vermelho, mas ele n\u00e3o foi localizado.<\/p>\n<p>Durante o encontro, os chefes estaduais destacaram que o objetivo do cons\u00f3rcio \u00e9 promover a\u00e7\u00f5es conjuntas e efetivas de seguran\u00e7a p\u00fablica, sem politiza\u00e7\u00e3o. Entretanto, eles tamb\u00e9m manifestaram cr\u00edticas \u00e0 PEC da Seguran\u00e7a P\u00fablica, enviada pelo governo federal ao Congresso em abril de 2025.<\/p>\n<p><a href=\"https:\/\/brasil61.com\/n\/royalties-955-municipios-partilham-r-963-milhoes-referentes-a-contratos-de-concessao-e-cessao-onerosa-bras2515040\" target=\"_blank\" rel=\"noopener\">Royalties: 955 munic\u00edpios partilham R$ 963 milh\u00f5es, referentes a contratos de concess\u00e3o e cess\u00e3o onerosa<\/a><\/p>\n<p><a href=\"https:\/\/brasil61.com\/n\/mobilidade-urbana-187-projetos-devem-ampliar-e-modernizar-o-transporte-ate-2054-bras2515041\" target=\"_blank\" rel=\"noopener\">Mobilidade urbana: 187 projetos devem ampliar e modernizar o transporte at\u00e9 2054<\/a><\/p>\n<p>Entre os objetivos do projeto, est\u00e1 conceder status constitucional ao Sistema \u00danico de Seguran\u00e7a P\u00fablica (SUSP) e integra\u00e7\u00e3o entre for\u00e7as de seguran\u00e7a em todo o pa\u00eds.<\/p>\n<p>A PEC tamb\u00e9m determina que Uni\u00e3o seja a respons\u00e1vel por elaborar a pol\u00edtica nacional de seguran\u00e7a p\u00fablica. Nesse sentido, as diretrizes ser\u00e3o de observ\u00e2ncia obrigat\u00f3ria por parte dos entes federados, ouvido o Conselho Nacional de Seguran\u00e7a P\u00fablica e Defesa Social, integrado por representantes da Uni\u00e3o, dos estados, do Distrito Federal e dos munic\u00edpios. \u00a0<\/p>\n<h2>Escrit\u00f3rio emergencial\u00a0<\/h2>\n<p>No \u00faltimo dia 29 de outubro, o ministro da Justi\u00e7a e da Seguran\u00e7a P\u00fablica, Ricardo Lewandowski, e o governador fluminense Cl\u00e1udio Castro anunciaram a cria\u00e7\u00e3o de um escrit\u00f3rio emergencial com o objetivo de enfrentar o crime organizado no Rio de Janeiro. A ideia \u00e9 melhorar a integra\u00e7\u00e3o entre as das esferas de governo (federal e estadual).<\/p>\n<p>Em meio a esse contexto, o ministro anunciou que o governo federal vai refor\u00e7ar o efetivo da Pol\u00edcia Rodovi\u00e1ria Federal, com o envio de 50 novos agentes para atuar nas estradas, al\u00e9m de ampliar o n\u00famero de agentes de intelig\u00eancia no Rio de Janeiro e destinar peritos para apoiar as investiga\u00e7\u00f5es.<\/p>\n<p>A pedido do governador fluminense, o governo tamb\u00e9m autorizou a transfer\u00eancia de dez presos para penitenci\u00e1rias federais.<\/p>\n<p>\t\t\t\t\t\t\t\t\t<img decoding=\"async\" src=\"https:\/\/brasil61.com\/api\/v1\/serve_pixel\/22254\/85571\" alt=\"Pixel Brasil 61\" class=\"b61_pixel\" width=\"0\" height=\"0\"><\/p>\n<div class=\"br61_backlink\">\n<p>\n\t\t\t\tFonte: <a href=\"https:\/\/brasil61.com\/governadores-criam-consorcio-da-paz-para-unir-forcas-contra-o-crime-organizado-bras2515051\" title=\"Artigo Original: Governadores criam \u201cCons\u00f3rcio da Paz\u201d para unir for\u00e7as contra o crime organizado\" target=\"_blank\" rel=\"noopener\">Brasil 61<\/a>\n\t\t\t<\/p>\n<\/p><\/div>\n<input type=\"hidden\" id=\"baseurl\" value=\"https:\/\/noticiasregionais.com.br\"><input type=\"hidden\" id=\"audio_nonce\" value=\"296231ceac\">","protected":false},"excerpt":{"rendered":"<p>Iniciativa re\u00fane sete estados e o Distrito Federal para compartilhar intelig\u00eancia, recursos e efetivos policiais. Rio de Janeiro ser\u00e1 sede inicial do grupo<\/p>\n","protected":false},"author":1,"featured_media":10751,"comment_status":"","ping_status":"open","sticky":false,"template":"","format":"standard","meta":{"sfsi_plus_gutenberg_text_before_share":"","sfsi_plus_gutenberg_show_text_before_share":"","sfsi_plus_gutenberg_icon_type":"","sfsi_plus_gutenberg_icon_alignemt":"","sfsi_plus_gutenburg_max_per_row":"","footnotes":""},"categories":[8],"tags":[],"class_list":["post-10750","post","type-post","status-publish","format-standard","has-post-thumbnail","hentry","category-brasil"],"_links":{"self":[{"href":"https:\/\/noticiasregionais.com.br\/index.php?rest_route=\/wp\/v2\/posts\/10750","targetHints":{"allow":["GET"]}}],"collection":[{"href":"https:\/\/noticiasregionais.com.br\/index.php?rest_route=\/wp\/v2\/posts"}],"about":[{"href":"https:\/\/noticiasregionais.com.br\/index.php?rest_route=\/wp\/v2\/types\/post"}],"author":[{"embeddable":true,"href":"https:\/\/noticiasregionais.com.br\/index.php?rest_route=\/wp\/v2\/users\/1"}],"replies":[{"embeddable":true,"href":"https:\/\/noticiasregionais.com.br\/index.php?rest_route=%2Fwp%2Fv2%2Fcomments&post=10750"}],"version-history":[{"count":0,"href":"https:\/\/noticiasregionais.com.br\/index.php?rest_route=\/wp\/v2\/posts\/10750\/revisions"}],"wp:featuredmedia":[{"embeddable":true,"href":"https:\/\/noticiasregionais.com.br\/index.php?rest_route=\/wp\/v2\/media\/10751"}],"wp:attachment":[{"href":"https:\/\/noticiasregionais.com.br\/index.php?rest_route=%2Fwp%2Fv2%2Fmedia&parent=10750"}],"wp:term":[{"taxonomy":"category","embeddable":true,"href":"https:\/\/noticiasregionais.com.br\/index.php?rest_route=%2Fwp%2Fv2%2Fcategories&post=10750"},{"taxonomy":"post_tag","embeddable":true,"href":"https:\/\/noticiasregionais.com.br\/index.php?rest_route=%2Fwp%2Fv2%2Ftags&post=10750"}],"curies":[{"name":"wp","href":"https:\/\/api.w.org\/{rel}","templated":true}]}}