{"id":10756,"date":"2025-11-01T12:13:00","date_gmt":"2025-11-01T15:13:00","guid":{"rendered":"https:\/\/noticiasregionais.com.br\/?p=10756"},"modified":"2025-11-01T12:13:00","modified_gmt":"2025-11-01T15:13:00","slug":"reforma-seguranca-e-orcamento-os-temas-que-vao-agitar-o-congresso-em-novembro","status":"publish","type":"post","link":"https:\/\/noticiasregionais.com.br\/?p=10756","title":{"rendered":"Reforma, seguran\u00e7a e or\u00e7amento: os temas que v\u00e3o agitar o Congresso em novembro"},"content":{"rendered":"<p>O primeiro destaque \u00e9 a reforma tribut\u00e1ria, que ainda precisa de ajustes depois da tramita\u00e7\u00e3o entre Senado e C\u00e2mara. \u201cA reforma tribut\u00e1ria ainda tem pontos que precisam ser discutidos\u201d, avalia Eduardo Grin, cientista pol\u00edtico e professor da FGV.<\/p>\n<p>O governo tamb\u00e9m pressiona pela aprova\u00e7\u00e3o da isen\u00e7\u00e3o do Imposto de Renda, promessa importante para a classe m\u00e9dia \u2014 e que precisa ser votada ainda este ano para valer em 2026. Para o cientista pol\u00edtico, esse ser\u00e1 um dos debates mais sens\u00edveis.\u00a0<\/p>\n<p>\u201cA isen\u00e7\u00e3o do imposto de renda tamb\u00e9m vai precisar de aprova\u00e7\u00e3o, porque a C\u00e2mara mudou o projeto do Senado. E isso tem que ser aprovado ainda este ano pra valer no ano que vem\u201d, explica Grin.<\/p>\n<p>Outro ponto quente \u00e9 o or\u00e7amento de 2026, que entra em fase decisiva. Deputados e senadores querem garantir o pagamento das emendas parlamentares antes do per\u00edodo eleitoral, o que deve gerar nova disputa com o Planalto. \u201cO or\u00e7amento \u00e9 central porque interessa aos deputados aprovar logo a LDO e garantir suas emendas\u201d, destaca.<\/p>\n<p>Na \u00e1rea fiscal, o governo tenta avan\u00e7ar em projetos de taxa\u00e7\u00e3o de apostas online e fundos exclusivos, refor\u00e7ando o discurso de justi\u00e7a social e equil\u00edbrio das contas p\u00fablicas.<\/p>\n<h2>Seguran\u00e7a p\u00fablica e embates pol\u00edticos<\/h2>\n<p>Segundo Eduardo Grin, o tema da seguran\u00e7a p\u00fablica deve ganhar ainda mais espa\u00e7o. A CPI do Crime Organizado finalmente come\u00e7a a funcionar, embora o cientista acredite que os resultados ser\u00e3o limitados. J\u00e1 a PEC da Seguran\u00e7a, que trata da atua\u00e7\u00e3o das for\u00e7as policiais, deve voltar ao debate, mas enfrenta forte resist\u00eancia da bancada da bala e de governadores de direita.<\/p>\n<p>O governo tenta tamb\u00e9m avan\u00e7ar com medidas ligadas \u00e0 \u00e1rea social, como a MP que amplia o acesso a consultas e exames especializados pelo SUS, enquanto lida com poss\u00edveis derrubadas de vetos presidenciais em temas ambientais \u2014 entre eles, o licenciamento e a explora\u00e7\u00e3o de petr\u00f3leo na Margem Equatorial.<\/p>\n<p>Grin observa ainda que propostas de anistia e redu\u00e7\u00e3o de penas perderam for\u00e7a, sinalizando um recuo da extrema direita em torno de pautas associadas ao bolsonarismo.<\/p>\n<p>Por fim, o Congresso pode repercutir a proibi\u00e7\u00e3o da cobran\u00e7a por bagagens em avi\u00f5es, medida popular, mas criticada pelas companhias a\u00e9reas.<\/p>\n<p>Com tantas pautas simult\u00e2neas, Eduardo Grin resume: \u201cO pa\u00eds anda t\u00e3o din\u00e2mico que cada dia tem sua pr\u00f3pria agenda \u2014 e o Congresso segue tentando acompanh\u00e1-la.\u201d<\/p>\n<p>\t\t\t\t\t\t\t\t\t<img decoding=\"async\" src=\"https:\/\/brasil61.com\/api\/v1\/serve_pixel\/22254\/85603\" alt=\"Pixel Brasil 61\" class=\"b61_pixel\" width=\"0\" height=\"0\"><\/p>\n<div class=\"br61_backlink\">\n<p>\n\t\t\t\tFonte: <a href=\"https:\/\/brasil61.com\/reforma-seguranca-e-orcamento-os-temas-que-vao-agitar-o-congresso-em-novembro-bras2515061\" title=\"Artigo Original: Reforma, seguran\u00e7a e or\u00e7amento: os temas que v\u00e3o agitar o Congresso em novembro\" target=\"_blank\" rel=\"noopener\">Brasil 61<\/a>\n\t\t\t<\/p>\n<\/p><\/div>\n<input type=\"hidden\" id=\"baseurl\" value=\"https:\/\/noticiasregionais.com.br\"><input type=\"hidden\" id=\"audio_nonce\" value=\"533fbb67b1\">","protected":false},"excerpt":{"rendered":"<p>Eduardo Grin, cientista pol\u00edtico da FGV, aponta os principais assuntos que devem dominar as pr\u00f3ximas semanas em Bras\u00edlia<\/p>\n","protected":false},"author":1,"featured_media":10757,"comment_status":"","ping_status":"open","sticky":false,"template":"","format":"standard","meta":{"sfsi_plus_gutenberg_text_before_share":"","sfsi_plus_gutenberg_show_text_before_share":"","sfsi_plus_gutenberg_icon_type":"","sfsi_plus_gutenberg_icon_alignemt":"","sfsi_plus_gutenburg_max_per_row":"","footnotes":""},"categories":[8],"tags":[],"class_list":["post-10756","post","type-post","status-publish","format-standard","has-post-thumbnail","hentry","category-brasil"],"_links":{"self":[{"href":"https:\/\/noticiasregionais.com.br\/index.php?rest_route=\/wp\/v2\/posts\/10756","targetHints":{"allow":["GET"]}}],"collection":[{"href":"https:\/\/noticiasregionais.com.br\/index.php?rest_route=\/wp\/v2\/posts"}],"about":[{"href":"https:\/\/noticiasregionais.com.br\/index.php?rest_route=\/wp\/v2\/types\/post"}],"author":[{"embeddable":true,"href":"https:\/\/noticiasregionais.com.br\/index.php?rest_route=\/wp\/v2\/users\/1"}],"replies":[{"embeddable":true,"href":"https:\/\/noticiasregionais.com.br\/index.php?rest_route=%2Fwp%2Fv2%2Fcomments&post=10756"}],"version-history":[{"count":0,"href":"https:\/\/noticiasregionais.com.br\/index.php?rest_route=\/wp\/v2\/posts\/10756\/revisions"}],"wp:featuredmedia":[{"embeddable":true,"href":"https:\/\/noticiasregionais.com.br\/index.php?rest_route=\/wp\/v2\/media\/10757"}],"wp:attachment":[{"href":"https:\/\/noticiasregionais.com.br\/index.php?rest_route=%2Fwp%2Fv2%2Fmedia&parent=10756"}],"wp:term":[{"taxonomy":"category","embeddable":true,"href":"https:\/\/noticiasregionais.com.br\/index.php?rest_route=%2Fwp%2Fv2%2Fcategories&post=10756"},{"taxonomy":"post_tag","embeddable":true,"href":"https:\/\/noticiasregionais.com.br\/index.php?rest_route=%2Fwp%2Fv2%2Ftags&post=10756"}],"curies":[{"name":"wp","href":"https:\/\/api.w.org\/{rel}","templated":true}]}}