{"id":10766,"date":"2025-11-03T04:00:00","date_gmt":"2025-11-03T07:00:00","guid":{"rendered":"https:\/\/noticiasregionais.com.br\/?p=10766"},"modified":"2025-11-03T04:00:00","modified_gmt":"2025-11-03T07:00:00","slug":"boi-gordo-hoje-confira-as-cotacoes-para-esta-segunda-feira-3","status":"publish","type":"post","link":"https:\/\/noticiasregionais.com.br\/?p=10766","title":{"rendered":"Boi gordo hoje: confira as cota\u00e7\u00f5es para esta segunda-feira (3)"},"content":{"rendered":"<p>\t\t\t\t\t\t\t\t\t\t<audio controls class=\"b61_audio_player\" data-noticia=\"85599\" src=\"https:\/\/brasil61.com\/rails\/active_storage\/blobs\/eyJfcmFpbHMiOnsibWVzc2FnZSI6IkJBaHBBMWUzQXc9PSIsImV4cCI6bnVsbCwicHVyIjoiYmxvYl9pZCJ9fQ==--1fe1cd1cd35a58922de89a08a34de79bc3204f20\/PAGR255904A\"><\/audio><\/p>\n<p>O pre\u00e7o do <strong>boi gordo<\/strong>\u00a0abre a semana com cota\u00e7\u00f5es est\u00e1veis. A arroba \u00e9 negociada a<strong> R$ 318,85<\/strong>, no estado de S\u00e3o Paulo.<\/p>\n<p><strong>INDICADOR DO BOI GORDO CEPEA\/ESALQ<\/strong><\/p>\n<\/p>\n<table id=\"imagenet-indicador1\">\n<thead>\n<tr>\n<th>\n<table id=\"imagenet-indicador1\">\n<thead>\n<tr>\n<th>Data<\/th>\n<th>Valor R$*<\/th>\n<th>Var.\/Dia<\/th>\n<th>Var.\/M\u00eas<\/th>\n<th>Valor US$*<\/th>\n<\/tr>\n<\/thead>\n<tbody>\n<tr>\n<td>31\/10\/2025<\/td>\n<td>318,85<\/td>\n<td>0,00%<\/td>\n<td>4,85%<\/td>\n<td>59,29<\/td>\n<\/tr>\n<tr>\n<td>30\/10\/2025<\/td>\n<td>318,85<\/td>\n<td>0,30%<\/td>\n<td>4,85%<\/td>\n<td>59,29<\/td>\n<\/tr>\n<tr>\n<td>29\/10\/2025<\/td>\n<td>317,90<\/td>\n<td>1,03%<\/td>\n<td>4,54%<\/td>\n<td>59,24<\/td>\n<\/tr>\n<tr>\n<td>28\/10\/2025<\/td>\n<td>314,65<\/td>\n<td>0,41%<\/td>\n<td>3,47%<\/td>\n<td>58,70<\/td>\n<\/tr>\n<tr>\n<td>27\/10\/2025<\/td>\n<td>313,35<\/td>\n<td>0,06%<\/td>\n<td>3,04%<\/td>\n<td>58,33<\/td>\n<\/tr>\n<\/tbody>\n<\/table>\n<\/th>\n<\/tr>\n<\/thead>\n<\/table>\n<p>\u00a0<\/p>\n<h2>Pre\u00e7o do frango congelado e resfriado<\/h2>\n<p>Nos atacados da Grande S\u00e3o Paulo, S\u00e3o Jos\u00e9 do Rio Preto e Descalvado, os pre\u00e7os do <strong>frango congelado<\/strong> apresentaram <strong>estabilidade,\u00a0<\/strong>como tamb\u00e9m o\u00a0<strong>frango resfriado<\/strong>. A primeira mercadoria \u00e9 vendida a<strong> R$ 8,01<\/strong>, enquanto a segunda \u00e9 comercializada a <strong>R$ 8,08<\/strong>.<\/p>\n<p><strong>PRE\u00c7OS DO FRANGO CONGELADO CEPEA\/ESALQ &#8211; ESTADO SP\u00a0<\/strong><\/p>\n<\/p>\n<table id=\"imagenet-indicador1\">\n<thead>\n<tr>\n<th>\n<table id=\"imagenet-indicador1\">\n<thead>\n<tr>\n<th>Data<\/th>\n<th>Valor R$<\/th>\n<th>Var.\/Dia<\/th>\n<th>Var.\/M\u00eas<\/th>\n<\/tr>\n<\/thead>\n<tbody>\n<tr>\n<td>31\/10\/2025<\/td>\n<td>8,01<\/td>\n<td>0,00%<\/td>\n<td>0,25%<\/td>\n<\/tr>\n<tr>\n<td>30\/10\/2025<\/td>\n<td>8,01<\/td>\n<td>0,00%<\/td>\n<td>0,25%<\/td>\n<\/tr>\n<tr>\n<td>29\/10\/2025<\/td>\n<td>8,01<\/td>\n<td>0,00%<\/td>\n<td>0,25%<\/td>\n<\/tr>\n<tr>\n<td>28\/10\/2025<\/td>\n<td>8,01<\/td>\n<td>0,00%<\/td>\n<td>0,25%<\/td>\n<\/tr>\n<tr>\n<td>27\/10\/2025<\/td>\n<td>8,01<\/td>\n<td>-0,12%<\/td>\n<td>0,25%<\/td>\n<\/tr>\n<\/tbody>\n<\/table>\n<\/th>\n<\/tr>\n<\/thead>\n<\/table>\n<p>\u00a0<\/p>\n<p><strong>PRE\u00c7OS DO FRANGO RESFRIADO CEPEA\/ESALQ &#8211; ESTADO SP<\/strong><\/p>\n<\/p>\n<table id=\"imagenet-indicador2\">\n<thead>\n<tr>\n<th>Data<\/th>\n<th>Valor R$<\/th>\n<th>Var.\/Dia<\/th>\n<th>Var.\/M\u00eas<\/th>\n<\/tr>\n<\/thead>\n<tbody>\n<tr>\n<td>31\/10\/2025<\/td>\n<td>8,08<\/td>\n<td>0,00%<\/td>\n<td>-0,86%<\/td>\n<\/tr>\n<tr>\n<td>30\/10\/2025<\/td>\n<td>8,08<\/td>\n<td>0,00%<\/td>\n<td>-0,86%<\/td>\n<\/tr>\n<tr>\n<td>29\/10\/2025<\/td>\n<td>8,08<\/td>\n<td>0,00%<\/td>\n<td>-0,86%<\/td>\n<\/tr>\n<tr>\n<td>28\/10\/2025<\/td>\n<td>8,08<\/td>\n<td>0,00%<\/td>\n<td>-0,86%<\/td>\n<\/tr>\n<tr>\n<td>27\/10\/2025<\/td>\n<td>8,08<\/td>\n<td>0,12%<\/td>\n<td>-0,86%<\/td>\n<\/tr>\n<\/tbody>\n<\/table>\n<h2>Pre\u00e7o da carca\u00e7a su\u00edna especial e do su\u00edno vivo<\/h2>\n<p>A <strong>carca\u00e7a su\u00edna especial <\/strong>aponta<strong>\u00a0alta\u00a0<\/strong>no pre\u00e7o, sendo negociada a <strong>R$ 12,39<\/strong><strong>\u00a0<\/strong>por quilo nos atacados da Grande S\u00e3o Paulo.\u00a0<\/p>\n<p><strong>PRE\u00c7OS DA CARCA\u00c7A SU\u00cdNA ESPECIAL (R$\/kg)<\/strong><\/p>\n<\/p>\n<table id=\"imagenet-indicador3\">\n<thead>\n<tr>\n<th>\n<table id=\"imagenet-indicador3\">\n<thead>\n<tr>\n<th>\u00a0<\/th>\n<th>M\u00e9dia<\/th>\n<th>Var.\/Dia<\/th>\n<th>Var.\/M\u00eas<\/th>\n<\/tr>\n<\/thead>\n<tbody>\n<tr>\n<td>31\/10\/2025<\/td>\n<td>12,39<\/td>\n<td>0,49%<\/td>\n<td>-4,40%<\/td>\n<\/tr>\n<tr>\n<td>30\/10\/2025<\/td>\n<td>12,33<\/td>\n<td>0,00%<\/td>\n<td>-4,86%<\/td>\n<\/tr>\n<tr>\n<td>29\/10\/2025<\/td>\n<td>12,33<\/td>\n<td>0,00%<\/td>\n<td>-4,86%<\/td>\n<\/tr>\n<tr>\n<td>28\/10\/2025<\/td>\n<td>12,33<\/td>\n<td>-0,32%<\/td>\n<td>-4,86%<\/td>\n<\/tr>\n<tr>\n<td>27\/10\/2025<\/td>\n<td>12,37<\/td>\n<td>-0,24%<\/td>\n<td>-4,55%<\/td>\n<\/tr>\n<\/tbody>\n<\/table>\n<\/th>\n<\/tr>\n<\/thead>\n<\/table>\n<p>O pre\u00e7o do<strong> su\u00edno vivo<\/strong> registra <strong>estabilidade\u00a0em Minas Gerais e no Paran\u00e1<\/strong><strong>. No estado mineiro, o quilo da\u00a0<\/strong>mercadoria\u00a0custa <strong>R$ 8,23. J\u00e1 no estado paranaense, a cota\u00e7\u00e3o \u00e9 de R$\u00a08,35.<\/strong><\/p>\n<p><strong>INDICADOR DO SU\u00cdNO VIVO CEPEA\/ESALQ (R$\/kg)\u00a0<\/strong><\/p>\n<\/p>\n<table id=\"imagenet-indicador2\">\n<thead>\n<tr>\n<th>DATA<\/th>\n<th>ESTADO<\/th>\n<th>VALOR R$*<\/th>\n<th>VAR.\/DIA<\/th>\n<th>VAR.\/M\u00caS<\/th>\n<\/tr>\n<\/thead>\n<tbody>\n<tr>\n<td>30\/10\/2025<\/td>\n<td>MG &#8211; posto<\/td>\n<td>8,23<\/td>\n<td>-0,12%<\/td>\n<td>-0,24%<\/td>\n<\/tr>\n<tr>\n<td>30\/10\/2025<\/td>\n<td>PR &#8211; a retirar<\/td>\n<td>8,35<\/td>\n<td>0,24%<\/td>\n<td>-2,68%<\/td>\n<\/tr>\n<tr>\n<td>30\/10\/2025<\/td>\n<td>RS &#8211; a retirar<\/td>\n<td>8,29<\/td>\n<td>0,00%<\/td>\n<td>-1,31%<\/td>\n<\/tr>\n<tr>\n<td>30\/10\/2025<\/td>\n<td>SC &#8211; a retirar<\/td>\n<td>8,25<\/td>\n<td>0,00%<\/td>\n<td>0,00%<\/td>\n<\/tr>\n<tr>\n<td>30\/10\/2025<\/td>\n<td>SP &#8211; posto<\/td>\n<td>8,75<\/td>\n<td>0,00%<\/td>\n<td>-1,80%<\/td>\n<\/tr>\n<\/tbody>\n<\/table>\n<p>Os valores s\u00e3o do <a href=\"http:\/\/www.cepea.org.br\" target=\"_blank\" rel=\"noopener\"><strong>Cepea<\/strong><\/a>.<\/p>\n<h2>O que \u00e9 o boi gordo? Entenda o termo do mercado bovino<\/h2>\n<p>O <strong>boi gordo \u00e9 o bovino macho pronto para o abate, com peso m\u00ednimo de 16 arrobas l\u00edquidas de carca\u00e7a (aproximadamente 240 kg) e at\u00e9 42 meses de idade<\/strong>. Atende aos padr\u00f5es do mercado nacional e internacional, incluindo exporta\u00e7\u00f5es para Europa, China e cota Hilton.<\/p>\n<h2>Diferen\u00e7as entre frango congelado e frango resfriado<\/h2>\n<p>O<strong> frango congelado passa por congelamento r\u00e1pido, com temperaturas abaixo de -12\u00b0C<\/strong>, garantindo maior vida \u00fatil para armazenamento e transporte a longas dist\u00e2ncias. J\u00e1 o<strong> frango resfriado \u00e9 mantido entre 0\u00b0C e 4\u00b0C, com validade de 5 a 7 dias<\/strong>, oferecendo textura e sabor mais pr\u00f3ximos do fresco, ideal para consumidores exigentes e restaurantes.<\/p>\n<p>\t\t\t\t\t\t\t\t\t<img decoding=\"async\" src=\"https:\/\/brasil61.com\/api\/v1\/serve_pixel\/22254\/85599\" alt=\"Pixel Brasil 61\" class=\"b61_pixel\" width=\"0\" height=\"0\"><\/p>\n<div class=\"br61_backlink\">\n<p>\n\t\t\t\tFonte: <a href=\"https:\/\/brasil61.com\/boi-gordo-hoje-confira-as-cotacoes-para-esta-segunda-feira-3-pagr255904\" title=\"Artigo Original: Boi gordo hoje: confira as cota\u00e7\u00f5es para esta segunda-feira (3)\" target=\"_blank\" rel=\"noopener\">Brasil 61<\/a>\n\t\t\t<\/p>\n<\/p><\/div>\n<input type=\"hidden\" id=\"baseurl\" value=\"https:\/\/noticiasregionais.com.br\"><input type=\"hidden\" id=\"audio_nonce\" value=\"5c13e0637f\">","protected":false},"excerpt":{"rendered":"<p>Pre\u00e7os da arroba do boi gordo e do quilo do frango abrem a semana est\u00e1veis.<\/p>\n","protected":false},"author":1,"featured_media":10767,"comment_status":"","ping_status":"open","sticky":false,"template":"","format":"standard","meta":{"sfsi_plus_gutenberg_text_before_share":"","sfsi_plus_gutenberg_show_text_before_share":"","sfsi_plus_gutenberg_icon_type":"","sfsi_plus_gutenberg_icon_alignemt":"","sfsi_plus_gutenburg_max_per_row":"","footnotes":""},"categories":[8],"tags":[],"class_list":["post-10766","post","type-post","status-publish","format-standard","has-post-thumbnail","hentry","category-brasil"],"_links":{"self":[{"href":"https:\/\/noticiasregionais.com.br\/index.php?rest_route=\/wp\/v2\/posts\/10766","targetHints":{"allow":["GET"]}}],"collection":[{"href":"https:\/\/noticiasregionais.com.br\/index.php?rest_route=\/wp\/v2\/posts"}],"about":[{"href":"https:\/\/noticiasregionais.com.br\/index.php?rest_route=\/wp\/v2\/types\/post"}],"author":[{"embeddable":true,"href":"https:\/\/noticiasregionais.com.br\/index.php?rest_route=\/wp\/v2\/users\/1"}],"replies":[{"embeddable":true,"href":"https:\/\/noticiasregionais.com.br\/index.php?rest_route=%2Fwp%2Fv2%2Fcomments&post=10766"}],"version-history":[{"count":0,"href":"https:\/\/noticiasregionais.com.br\/index.php?rest_route=\/wp\/v2\/posts\/10766\/revisions"}],"wp:featuredmedia":[{"embeddable":true,"href":"https:\/\/noticiasregionais.com.br\/index.php?rest_route=\/wp\/v2\/media\/10767"}],"wp:attachment":[{"href":"https:\/\/noticiasregionais.com.br\/index.php?rest_route=%2Fwp%2Fv2%2Fmedia&parent=10766"}],"wp:term":[{"taxonomy":"category","embeddable":true,"href":"https:\/\/noticiasregionais.com.br\/index.php?rest_route=%2Fwp%2Fv2%2Fcategories&post=10766"},{"taxonomy":"post_tag","embeddable":true,"href":"https:\/\/noticiasregionais.com.br\/index.php?rest_route=%2Fwp%2Fv2%2Ftags&post=10766"}],"curies":[{"name":"wp","href":"https:\/\/api.w.org\/{rel}","templated":true}]}}