{"id":10768,"date":"2025-11-03T13:17:00","date_gmt":"2025-11-03T16:17:00","guid":{"rendered":"https:\/\/noticiasregionais.com.br\/?p=10768"},"modified":"2025-11-03T13:17:00","modified_gmt":"2025-11-03T16:17:00","slug":"mec-amplia-para-36-meses-o-prazo-de-execucao-dos-recursos-do-escola-em-tempo-integral","status":"publish","type":"post","link":"https:\/\/noticiasregionais.com.br\/?p=10768","title":{"rendered":"MEC amplia para 36 meses o prazo de execu\u00e7\u00e3o dos recursos do Escola em Tempo Integral"},"content":{"rendered":"<p>O <strong>Minist\u00e9rio da Educa\u00e7\u00e3o (MEC) prorrogou o prazo para execu\u00e7\u00e3o <\/strong>dos recursos do primeiro ciclo (2023\/2024) do <strong>Programa Escola em Tempo Integral<\/strong>, alterando de\u00a0<strong>24 para 36 meses<\/strong>. A medida, prevista na Resolu\u00e7\u00e3o n\u00ba 13\/2025 e publicada no Di\u00e1rio Oficial da Uni\u00e3o, <strong>tem como objetivo assegurar uma gest\u00e3o mais eficiente<\/strong> dos investimentos feitos por estados, munic\u00edpios e pelo Distrito Federal <strong>na cria\u00e7\u00e3o de matr\u00edculas em tempo integral<\/strong>.<\/p>\n<p>A norma altera a Resolu\u00e7\u00e3o n\u00ba 18\/2023, que define os crit\u00e9rios de repasse e execu\u00e7\u00e3o dos recursos. Segundo o MEC, o <strong>novo prazo atende a solicita\u00e7\u00f5es das redes de ensino que enfrentam entraves operacionais, como licita\u00e7\u00f5es e obras de infraestrutura<\/strong>. O minist\u00e9rio refor\u00e7a que a prorroga\u00e7\u00e3o n\u00e3o muda as regras de aplica\u00e7\u00e3o dos valores, apenas amplia o per\u00edodo para o uso adequado dos recursos p\u00fablicos e\u00a0beneficia entes federativos com obras em andamento ou licita\u00e7\u00f5es em curso.<\/p>\n<p>O MEC pretende ampliar a meta nacional de matr\u00edculas em tempo integral at\u00e9 2026.<\/p>\n<h2>O Programa Escola Tempo Integral<\/h2>\n<ul>\n<li>\u00c9 uma iniciativa do Minist\u00e9rio da Educa\u00e7\u00e3o (MEC) que incentiva a amplia\u00e7\u00e3o de vagas em tempo integral na educa\u00e7\u00e3o b\u00e1sica;<\/li>\n<li>Oferece apoio t\u00e9cnico e financeiro a estados, munic\u00edpios e ao Distrito Federal para cria\u00e7\u00e3o de matr\u00edculas com jornada igual ou superior a sete horas di\u00e1rias ou 35 horas semanais<\/li>\n<li>Prioriza escolas que atendem estudantes em situa\u00e7\u00e3o de maior vulnerabilidade socioecon\u00f4mica;<\/li>\n<li>Busca promover uma forma\u00e7\u00e3o integral, que una aprendizado acad\u00eamico, desenvolvimento social, cultural e emocional dos alunos.<\/li>\n<\/ul>\n<p>As informa\u00e7\u00f5es s\u00e3o do Minist\u00e9rio da Educa\u00e7\u00e3o.<\/p>\n<p>\t\t\t\t\t\t\t\t\t<img decoding=\"async\" src=\"https:\/\/brasil61.com\/api\/v1\/serve_pixel\/22254\/85607\" alt=\"Pixel Brasil 61\" class=\"b61_pixel\" width=\"0\" height=\"0\"><\/p>\n<div class=\"br61_backlink\">\n<p>\n\t\t\t\tFonte: <a href=\"https:\/\/brasil61.com\/mec-amplia-para-36-meses-o-prazo-de-execucao-dos-recursos-do-escola-em-tempo-integral-bras2515065\" title=\"Artigo Original: MEC amplia para 36 meses o prazo de execu\u00e7\u00e3o dos recursos do Escola em Tempo Integral\" target=\"_blank\" rel=\"noopener\">Brasil 61<\/a>\n\t\t\t<\/p>\n<\/p><\/div>\n<input type=\"hidden\" id=\"baseurl\" value=\"https:\/\/noticiasregionais.com.br\"><input type=\"hidden\" id=\"audio_nonce\" value=\"5c13e0637f\">","protected":false},"excerpt":{"rendered":"<p>Altera\u00e7\u00e3o publicada em nova resolu\u00e7\u00e3o busca garantir mais tempo para que estados e munic\u00edpios executem os investimentos e ampliem o n\u00famero de matr\u00edculas em tempo integral<\/p>\n","protected":false},"author":1,"featured_media":10769,"comment_status":"","ping_status":"open","sticky":false,"template":"","format":"standard","meta":{"sfsi_plus_gutenberg_text_before_share":"","sfsi_plus_gutenberg_show_text_before_share":"","sfsi_plus_gutenberg_icon_type":"","sfsi_plus_gutenberg_icon_alignemt":"","sfsi_plus_gutenburg_max_per_row":"","footnotes":""},"categories":[8],"tags":[],"class_list":["post-10768","post","type-post","status-publish","format-standard","has-post-thumbnail","hentry","category-brasil"],"_links":{"self":[{"href":"https:\/\/noticiasregionais.com.br\/index.php?rest_route=\/wp\/v2\/posts\/10768","targetHints":{"allow":["GET"]}}],"collection":[{"href":"https:\/\/noticiasregionais.com.br\/index.php?rest_route=\/wp\/v2\/posts"}],"about":[{"href":"https:\/\/noticiasregionais.com.br\/index.php?rest_route=\/wp\/v2\/types\/post"}],"author":[{"embeddable":true,"href":"https:\/\/noticiasregionais.com.br\/index.php?rest_route=\/wp\/v2\/users\/1"}],"replies":[{"embeddable":true,"href":"https:\/\/noticiasregionais.com.br\/index.php?rest_route=%2Fwp%2Fv2%2Fcomments&post=10768"}],"version-history":[{"count":0,"href":"https:\/\/noticiasregionais.com.br\/index.php?rest_route=\/wp\/v2\/posts\/10768\/revisions"}],"wp:featuredmedia":[{"embeddable":true,"href":"https:\/\/noticiasregionais.com.br\/index.php?rest_route=\/wp\/v2\/media\/10769"}],"wp:attachment":[{"href":"https:\/\/noticiasregionais.com.br\/index.php?rest_route=%2Fwp%2Fv2%2Fmedia&parent=10768"}],"wp:term":[{"taxonomy":"category","embeddable":true,"href":"https:\/\/noticiasregionais.com.br\/index.php?rest_route=%2Fwp%2Fv2%2Fcategories&post=10768"},{"taxonomy":"post_tag","embeddable":true,"href":"https:\/\/noticiasregionais.com.br\/index.php?rest_route=%2Fwp%2Fv2%2Ftags&post=10768"}],"curies":[{"name":"wp","href":"https:\/\/api.w.org\/{rel}","templated":true}]}}