{"id":10770,"date":"2025-11-03T16:19:00","date_gmt":"2025-11-03T19:19:00","guid":{"rendered":"https:\/\/noticiasregionais.com.br\/?p=10770"},"modified":"2025-11-03T16:19:00","modified_gmt":"2025-11-03T19:19:00","slug":"mais-de-70-dos-municipios-brasileiros-tem-limitacao-para-implementar-lgpd","status":"publish","type":"post","link":"https:\/\/noticiasregionais.com.br\/?p=10770","title":{"rendered":"Mais de 70% dos munic\u00edpios brasileiros t\u00eam limita\u00e7\u00e3o para implementar LGPD"},"content":{"rendered":"<p>A Lei Geral de Prote\u00e7\u00e3o de Dados <a href=\"https:\/\/www.planalto.gov.br\/ccivil_03\/_ato2015-2018\/2018\/lei\/l13709.htm\" target=\"_blank\" rel=\"noopener\">(LGPD)<\/a> foi criada em 2018 com o intuito de proteger os direitos fundamentais de liberdade e de privacidade, e a livre forma\u00e7\u00e3o da personalidade de cada indiv\u00edduo. Por\u00e9m, de l\u00e1 para c\u00e1, a maioria das cidades brasileiras ainda n\u00e3o conseguiu criar mecanismos que tornassem a norma eficiente.\u00a0<\/p>\n<p>Uma pesquisa divulgada recentemente pelo Instituto Brasileiro de Geografia e Estat\u00edsticas <a href=\"https:\/\/www.ibge.gov.br\/\" target=\"_blank\" rel=\"noopener\">(IBGE)<\/a> revela que 72% dos munic\u00edpios brasileiros n\u00e3o contam com uma \u00e1rea ou pessoa respons\u00e1vel por procedimentos e pol\u00edticas para atividades de coleta, armazenamento e uso de dados pessoais ou mesmo pela implementa\u00e7\u00e3o das diretrizes da lei.\u00a0<\/p>\n<p>As informa\u00e7\u00f5es constam na <a href=\"https:\/\/biblioteca.ibge.gov.br\/visualizacao\/livros\/liv102224.pdf\" target=\"_blank\" rel=\"noopener\">Pesquisa de Informa\u00e7\u00f5es B\u00e1sicas Municipais<\/a>, que apresenta um perfil dos munic\u00edpios do pa\u00eds, com refer\u00eancia nos dados de 2024.\u00a0<br \/>\nEm rela\u00e7\u00e3o \u00e0s cidades com mais de 500 mil habitantes, 85,4% delas j\u00e1 tinham uma organiza\u00e7\u00e3o b\u00e1sica para implementar as diretrizes da LGPD. Em termos regionais, a exist\u00eancia de uma \u00e1rea dedicada ao tema \u00e9 distribu\u00edda da seguinte forma:<\/p>\n<ul>\n<li>Centro-Oeste (35,1%)<\/li>\n<li>Sul (33,7%)<\/li>\n<li>Norte (31,1%)<\/li>\n<li>Sudeste 28,1%<\/li>\n<li>Nordeste (21,1%)<\/li>\n<\/ul>\n<p>A pesquisa mostra, ainda, que seguran\u00e7a da informa\u00e7\u00e3o tamb\u00e9m est\u00e1 entre os principais problemas registrados nos munic\u00edpios do pa\u00eds. Pelo que revela o levantamento, somente 18,1% das cidades disponibilizaram para seus servidores cursos sobre seguran\u00e7a da informa\u00e7\u00e3o.\u00a0<\/p>\n<p>Al\u00e9m disso, apenas 28,4% dos entes municipais ofertaram canais de atendimento pela Internet para o envio de mensagens acerca da utiliza\u00e7\u00e3o de seus dados. Somente 23,9% conta com uma regulamenta\u00e7\u00e3o ou lei municipal espec\u00edfica que trata da Lei Geral de Prote\u00e7\u00e3o de Dados.<\/p>\n<h2>Inclus\u00e3o digital no ambiente escolar<\/h2>\n<p>Quanto ao aspecto de inclus\u00e3o e educa\u00e7\u00e3o digital nas escolas do pa\u00eds a pesquisa mostra que cerca de 80% das cidades disponibilizam Wi-fi em unidades de ensino p\u00fablicas municipais, para acesso de professores e alunos, com programa ou a\u00e7\u00e3o de inclus\u00e3o e educa\u00e7\u00e3o digital.<\/p>\n<p>De maneira geral, havia mais de 7 milh\u00f5es de pessoas ocupadas na administra\u00e7\u00e3o direta e indireta municipal, em 2024. O valor corresponde a 3,6% da popula\u00e7\u00e3o brasileira. J\u00e1 a quantidade de funcion\u00e1rios nos munic\u00edpios no ano passado registrou uma eleva\u00e7\u00e3o de 3,8%, na compara\u00e7\u00e3o com os dados da pesquisa realizada em 2023.<br \/>\n\u00a0<\/p>\n<p>\t\t\t\t\t\t\t\t\t<img decoding=\"async\" src=\"https:\/\/brasil61.com\/api\/v1\/serve_pixel\/22254\/85609\" alt=\"Pixel Brasil 61\" class=\"b61_pixel\" width=\"0\" height=\"0\"><\/p>\n<div class=\"br61_backlink\">\n<p>\n\t\t\t\tFonte: <a href=\"https:\/\/brasil61.com\/mais-de-70-dos-municipios-brasileiros-tem-limitacao-para-implementar-lgpd-bras2515066\" title=\"Artigo Original: Mais de 70% dos munic\u00edpios brasileiros t\u00eam limita\u00e7\u00e3o para implementar LGPD\" target=\"_blank\" rel=\"noopener\">Brasil 61<\/a>\n\t\t\t<\/p>\n<\/p><\/div>\n<input type=\"hidden\" id=\"baseurl\" value=\"https:\/\/noticiasregionais.com.br\"><input type=\"hidden\" id=\"audio_nonce\" value=\"533fbb67b1\">","protected":false},"excerpt":{"rendered":"<p>Em rela\u00e7\u00e3o \u00e0s cidades com mais de 500 mil habitantes, 85,4% delas j\u00e1 tinham uma organiza\u00e7\u00e3o b\u00e1sica para implementar as diretrizes da LGPD, em 2024<\/p>\n","protected":false},"author":1,"featured_media":10771,"comment_status":"","ping_status":"open","sticky":false,"template":"","format":"standard","meta":{"sfsi_plus_gutenberg_text_before_share":"","sfsi_plus_gutenberg_show_text_before_share":"","sfsi_plus_gutenberg_icon_type":"","sfsi_plus_gutenberg_icon_alignemt":"","sfsi_plus_gutenburg_max_per_row":"","footnotes":""},"categories":[8],"tags":[],"class_list":["post-10770","post","type-post","status-publish","format-standard","has-post-thumbnail","hentry","category-brasil"],"_links":{"self":[{"href":"https:\/\/noticiasregionais.com.br\/index.php?rest_route=\/wp\/v2\/posts\/10770","targetHints":{"allow":["GET"]}}],"collection":[{"href":"https:\/\/noticiasregionais.com.br\/index.php?rest_route=\/wp\/v2\/posts"}],"about":[{"href":"https:\/\/noticiasregionais.com.br\/index.php?rest_route=\/wp\/v2\/types\/post"}],"author":[{"embeddable":true,"href":"https:\/\/noticiasregionais.com.br\/index.php?rest_route=\/wp\/v2\/users\/1"}],"replies":[{"embeddable":true,"href":"https:\/\/noticiasregionais.com.br\/index.php?rest_route=%2Fwp%2Fv2%2Fcomments&post=10770"}],"version-history":[{"count":0,"href":"https:\/\/noticiasregionais.com.br\/index.php?rest_route=\/wp\/v2\/posts\/10770\/revisions"}],"wp:featuredmedia":[{"embeddable":true,"href":"https:\/\/noticiasregionais.com.br\/index.php?rest_route=\/wp\/v2\/media\/10771"}],"wp:attachment":[{"href":"https:\/\/noticiasregionais.com.br\/index.php?rest_route=%2Fwp%2Fv2%2Fmedia&parent=10770"}],"wp:term":[{"taxonomy":"category","embeddable":true,"href":"https:\/\/noticiasregionais.com.br\/index.php?rest_route=%2Fwp%2Fv2%2Fcategories&post=10770"},{"taxonomy":"post_tag","embeddable":true,"href":"https:\/\/noticiasregionais.com.br\/index.php?rest_route=%2Fwp%2Fv2%2Ftags&post=10770"}],"curies":[{"name":"wp","href":"https:\/\/api.w.org\/{rel}","templated":true}]}}