{"id":10772,"date":"2025-11-03T16:38:00","date_gmt":"2025-11-03T19:38:00","guid":{"rendered":"https:\/\/noticiasregionais.com.br\/?p=10772"},"modified":"2025-11-03T16:38:00","modified_gmt":"2025-11-03T19:38:00","slug":"cupula-do-clima-financiamento-e-transicao-energetica-guiam-discussoes","status":"publish","type":"post","link":"https:\/\/noticiasregionais.com.br\/?p=10772","title":{"rendered":"C\u00fapula do Clima: financiamento e transi\u00e7\u00e3o energ\u00e9tica guiam discuss\u00f5es"},"content":{"rendered":"<\/p>\n<p>A C\u00fapula do Clima de Bel\u00e9m (PA) ter\u00e1 o f<strong>inanciamento da preserva\u00e7\u00e3o de florestas tropicais, como a Amaz\u00f4nia, e\u00a0\u00a0transi\u00e7\u00e3o energ\u00e9tica como eixos centrais dos debates, em Bel\u00e9m (PA). <\/strong>O evento acontece<strong> entre os dias 6 e 7 de novembro<\/strong> e j\u00e1 conta com<strong> 143 delega\u00e7\u00f5es confirmadas.<\/strong><\/p>\n<p>Os<strong> l\u00edderes mundiais, ministros e representantes de organiza\u00e7\u00f5es internacionais devem discutir o enfrentamento da crise clim\u00e1tica durante a C\u00fapula<\/strong>. As discuss\u00f5es tamb\u00e9m passam por transi\u00e7\u00e3o energ\u00e9tica justa e sustent\u00e1vel e, ainda, pela conserva\u00e7\u00e3o das florestas e da biodiversidade.<\/p>\n<p>Segundo o <a href=\"https:\/\/cop30.br\/pt-br\" target=\"_blank\" rel=\"noopener\">portal oficial da COP no Brasil<\/a>, o encontro entre as autoridades n\u00e3o tem car\u00e1ter deliberativo. O objetivo \u00e9<strong> alinhar compromissos e preparar as negocia\u00e7\u00f5es que devem ocorrer ao longo da COP30.<\/strong><\/p>\n<p>Os principais eixos do Brasil no evento foram apresentados em 31\/10 pela ministra do Meio Ambiente e Mudan\u00e7a do Clima, Marina Silva, pelo presidente da COP30, embaixador Andr\u00e9 Corr\u00eaa do Lago, e plo secret\u00e1rio de Clima, Energia e Meio Ambiente do Itamaraty, a CEO da COP30, Ana Toni e embaixador Maur\u00edcio Lyrio, em Bras\u00edlia (DF).<\/p>\n<p>A C\u00fapula foi convocada pelo presidente Luiz In\u00e1cio Lula da Silva e representa um marco central no processo de mobiliza\u00e7\u00e3o e di\u00e1logo internacional sobre a agenda clim\u00e1tica antes da realiza\u00e7\u00e3o da 30\u00aa Confer\u00eancia das Na\u00e7\u00f5es Unidas sobre as Mudan\u00e7as Clim\u00e1ticas (COP30).<\/p>\n<p>A agenda da C\u00fapula do Clima inclui a Plen\u00e1ria Geral dos L\u00edderes, com discursos de chefes de Estado e representantes de organismos internacionais, al\u00e9m de sess\u00f5es tem\u00e1ticas presididas pelo Presidente Lula, dedicadas aos temas, como: Clima e Natureza: Florestas e Oceanos; Transi\u00e7\u00e3o Energ\u00e9tica; e Dez anos do Acordo de Paris: NDCs e Financiamento. O evento ser\u00e1 realizado no Parque da Cidade da capital paraense.<\/p>\n<h2>Fundo Florestas Tropicais para Sempre<\/h2>\n<p>O programa tamb\u00e9m conta com o lan\u00e7amento do Fundo Florestas Tropicais para Sempre (TFFF, na sigla em ingl\u00eas), que reunir\u00e1 pa\u00edses florestais tropicais e investidores. O mecanismo \u00e9 voltado a viabilizar o financiamento da preserva\u00e7\u00e3o de florestas tropicais.<\/p>\n<h2>COP30<\/h2>\n<p>A COP30 vai acontecer de 10 a 21 de novembro, tamb\u00e9m em Bel\u00e9m. No evento global, os participantes se dedicam a discutir os principais desafios e compromissos no enfrentamento da mudan\u00e7a do clima.\u00a0<\/p>\n<p>\t\t\t\t\t\t\t\t\t<img decoding=\"async\" src=\"https:\/\/brasil61.com\/api\/v1\/serve_pixel\/22254\/85613\" alt=\"Pixel Brasil 61\" class=\"b61_pixel\" width=\"0\" height=\"0\"><\/p>\n<div class=\"br61_backlink\">\n<p>\n\t\t\t\tFonte: <a href=\"https:\/\/brasil61.com\/cupula-do-clima-financiamento-e-transicao-energetica-guiam-discussoes-bras2515067\" title=\"Artigo Original: C\u00fapula do Clima: financiamento e transi\u00e7\u00e3o energ\u00e9tica guiam discuss\u00f5es\" target=\"_blank\" rel=\"noopener\">Brasil 61<\/a>\n\t\t\t<\/p>\n<\/p><\/div>\n<input type=\"hidden\" id=\"baseurl\" value=\"https:\/\/noticiasregionais.com.br\"><input type=\"hidden\" id=\"audio_nonce\" value=\"533fbb67b1\">","protected":false},"excerpt":{"rendered":"<p>Evento acontece nos dias 6 e 7 de novembro, em Bel\u00e9m (PA), e conta com 143 delega\u00e7\u00f5es confirmadas; intuito \u00e9 alinhar compromissos e preparar negocia\u00e7\u00f5es que ocorrer\u00e3o durante a COP30<\/p>\n","protected":false},"author":1,"featured_media":10773,"comment_status":"","ping_status":"open","sticky":false,"template":"","format":"standard","meta":{"sfsi_plus_gutenberg_text_before_share":"","sfsi_plus_gutenberg_show_text_before_share":"","sfsi_plus_gutenberg_icon_type":"","sfsi_plus_gutenberg_icon_alignemt":"","sfsi_plus_gutenburg_max_per_row":"","footnotes":""},"categories":[8],"tags":[],"class_list":["post-10772","post","type-post","status-publish","format-standard","has-post-thumbnail","hentry","category-brasil"],"_links":{"self":[{"href":"https:\/\/noticiasregionais.com.br\/index.php?rest_route=\/wp\/v2\/posts\/10772","targetHints":{"allow":["GET"]}}],"collection":[{"href":"https:\/\/noticiasregionais.com.br\/index.php?rest_route=\/wp\/v2\/posts"}],"about":[{"href":"https:\/\/noticiasregionais.com.br\/index.php?rest_route=\/wp\/v2\/types\/post"}],"author":[{"embeddable":true,"href":"https:\/\/noticiasregionais.com.br\/index.php?rest_route=\/wp\/v2\/users\/1"}],"replies":[{"embeddable":true,"href":"https:\/\/noticiasregionais.com.br\/index.php?rest_route=%2Fwp%2Fv2%2Fcomments&post=10772"}],"version-history":[{"count":0,"href":"https:\/\/noticiasregionais.com.br\/index.php?rest_route=\/wp\/v2\/posts\/10772\/revisions"}],"wp:featuredmedia":[{"embeddable":true,"href":"https:\/\/noticiasregionais.com.br\/index.php?rest_route=\/wp\/v2\/media\/10773"}],"wp:attachment":[{"href":"https:\/\/noticiasregionais.com.br\/index.php?rest_route=%2Fwp%2Fv2%2Fmedia&parent=10772"}],"wp:term":[{"taxonomy":"category","embeddable":true,"href":"https:\/\/noticiasregionais.com.br\/index.php?rest_route=%2Fwp%2Fv2%2Fcategories&post=10772"},{"taxonomy":"post_tag","embeddable":true,"href":"https:\/\/noticiasregionais.com.br\/index.php?rest_route=%2Fwp%2Fv2%2Ftags&post=10772"}],"curies":[{"name":"wp","href":"https:\/\/api.w.org\/{rel}","templated":true}]}}