{"id":10774,"date":"2025-11-03T16:43:00","date_gmt":"2025-11-03T19:43:00","guid":{"rendered":"https:\/\/noticiasregionais.com.br\/?p=10774"},"modified":"2025-11-03T16:43:00","modified_gmt":"2025-11-03T19:43:00","slug":"salario-e-chance-de-crescimento-sao-fatores-prioritarios-para-os-jovens-no-mercado-de-trabalho","status":"publish","type":"post","link":"https:\/\/noticiasregionais.com.br\/?p=10774","title":{"rendered":"Sal\u00e1rio e chance de crescimento s\u00e3o fatores priorit\u00e1rios para os jovens no mercado de trabalho"},"content":{"rendered":"<p>Autonomia e remunera\u00e7\u00e3o est\u00e3o entre os crit\u00e9rios mais levados em conta pelas novas gera\u00e7\u00f5es na hora de escolher um trabalho profissional. A quest\u00e3o salarial \u00e9 apontada como prioridade por 41% dos jovens brasileiros. J\u00e1 possibilidades de crescimento e benef\u00edcios complementares foram citados por 21% e 20%, respectivamente.<\/p>\n<p>Os dados constam em uma pesquisa in\u00e9dita do Servi\u00e7o Nacional de Aprendizagem Industrial <a href=\"https:\/\/www.senai.portaldaindustria.com.br\/\" target=\"_blank\" rel=\"noopener\">(SENAI)<\/a> e do Servi\u00e7o Social da Ind\u00fastria <a href=\"https:\/\/www.portaldaindustria.com.br\/sesi\/?utm_source=jor&amp;utm_medium=comunique&amp;utm_campaign=release&amp;utm_content=texto-fixo\" target=\"_blank\" rel=\"noopener\">(SESI)<\/a>, com apoio da Ag\u00eancia Alem\u00e3 de Coopera\u00e7\u00e3o Internacional <a href=\"https:\/\/www.giz.de\/en\/pt-br\/brasil\" target=\"_blank\" rel=\"noopener\">(GIZ)<\/a>. O levantamento foi conduzido pelo <a href=\"https:\/\/www.nexus.fsb.com.br\/\" target=\"_blank\" rel=\"noopener\">Instituto de Pesquisa Nexus<\/a> e ouviu 1.958 jovens de 14 a 29 anos de todo Brasil.<\/p>\n<p>Ainda de acordo com a pesquisa, 50% dos jovens afirmaram que a remunera\u00e7\u00e3o baixa \u00e9 o principal motivo para optar pela troca de um emprego. Outros 28% disseram que a escolha \u00e9 feita pelo estresse no ambiente de trabalho.<\/p>\n<p>Mylena Alves, de 27 anos, trabalha como auxiliar de engenharia civil. Moradora de Bras\u00edlia, ela acredita que, al\u00e9m do fator salarial, \u00e9 importante que o ambiente de trabalho tamb\u00e9m seja agrad\u00e1vel, para um melhor desempenho do profissional.<\/p>\n<p>\u201cA remunera\u00e7\u00e3o, porque vai muito al\u00e9m de arcar com os custos da vida cotidiana, pois ela passa tamb\u00e9m pela capacidade ou n\u00e3o de conseguir fazer um investimento na qualifica\u00e7\u00e3o profissional. J\u00e1 um ambiente agrad\u00e1vel de trabalho, al\u00e9m de proporcionar um ambiente que n\u00e3o seja t\u00f3xico, que n\u00e3o adoe\u00e7a o profissional, ele tamb\u00e9m pode proporcionar a criatividade, o crescimento e o aproveitamento de habilidades espec\u00edficas do profissional\u201d, considera Mylena.<\/p>\n<p>Na avalia\u00e7\u00e3o do superintendente de Educa\u00e7\u00e3o Profissional e Superior do SENAI, Felipe Morgado, essa tend\u00eancia aponta para um maior interesse desse p\u00fablico em contribuir mais com o prop\u00f3sito da empresa.<\/p>\n<p>\u201cIsto mostra que o jovem n\u00e3o s\u00f3 quer participar das transforma\u00e7\u00f5es no mercado de trabalho, ele quer de fato estar vivendo no dia a dia da empresa e contribuindo com o prop\u00f3sito, garantindo assim um maior significado para a sua profiss\u00e3o. N\u00f3s buscamos entender para onde o jovem gostaria de ir\u201d, destaca o superintendente.<\/p>\n<h2>Remunera\u00e7\u00e3o ou flexibilidade de hor\u00e1rio?<\/h2>\n<p>Para 66% dos entrevistados, sendo a maioria mulheres, o modelo h\u00edbrido de trabalho \u00e9 considerado atrativo. Por\u00e9m, o aspecto salarial ainda pesa mais que a flexibilidade. A pesquisa tamb\u00e9m revela que 55% dos jovens n\u00e3o aceitariam atuar com uma jornada de trabalho com hor\u00e1rios mais flex\u00edveis com remunera\u00e7\u00e3o mais baixa, nem para ter mais tempo para atividades pessoais.\u00a0<\/p>\n<h2>Estudo e qualifica\u00e7\u00e3o profissional<\/h2>\n<p>O levantamento mostra, ainda, que a inten\u00e7\u00e3o de evoluir profissionalmente se reflete na rela\u00e7\u00e3o com a educa\u00e7\u00e3o. 79% das pessoas ouvidas na pesquisa informaram ter o desejo de continuar estudando, enquanto 88% aceitariam participar de cursos t\u00e9cnicos, gradua\u00e7\u00f5es ou micro certifica\u00e7\u00f5es gratuitas.<\/p>\n<p>Al\u00e9m disso, para 68% desse p\u00fablico, compet\u00eancias digitais, como uso b\u00e1sico e avan\u00e7ado de ferramentas online, an\u00e1lise de dados, comunica\u00e7\u00e3o, edi\u00e7\u00e3o de conte\u00fado e vendas online, s\u00e3o imprescind\u00edveis no mundo do trabalho.<\/p>\n<p>J\u00e1 75% dos jovens consideram que a intelig\u00eancia artificial pode aumentar a produtividade, embora parte deles ainda tenha receio em rela\u00e7\u00e3o \u00e0 substitui\u00e7\u00e3o de vagas.<\/p>\n<h2>Interesse em trabalhar na ind\u00fastria<\/h2>\n<p>O estudo aponta que praticamente 49% dos jovens brasileiros t\u00eam interesse em trabalhar na ind\u00fastria. Essa inten\u00e7\u00e3o se sobressai entre os homens. A quantidade de jovens que j\u00e1 procuraram vaga no setor chega a 41% entre aqueles com idade entre 25 e 29 anos.<\/p>\n<p>\u201cA ind\u00fastria \u00e9 objeto de desejo porque est\u00e1 ligada \u00e0 tecnologia. A ind\u00fastria pode ajudar a atingir os seus objetivos. \u201cEles [os jovens] sabem que as tecnologias est\u00e3o impactando as profiss\u00f5es, principalmente a intelig\u00eancia artificial. Isso mostra que o desejo de estudar e de se atualizar \u00e9 presente nos jovens\u201d, pontua Morgado.<\/p>\n<p>A ind\u00fastria \u00e9 compreendida como um setor empregador s\u00f3lido e de bom retorno financeiro. A longo prazo, ou seja, em torno de 20 anos, 53% dos jovens acreditam que a ind\u00fastria pode satisfazer pretens\u00f5es financeiras e de carreira.<br \/>\n\u00a0<\/p>\n<p>\t\t\t\t\t\t\t\t\t<img decoding=\"async\" src=\"https:\/\/brasil61.com\/api\/v1\/serve_pixel\/22254\/85617\" alt=\"Pixel Brasil 61\" class=\"b61_pixel\" width=\"0\" height=\"0\"><\/p>\n<div class=\"br61_backlink\">\n<p>\n\t\t\t\tFonte: <a href=\"https:\/\/brasil61.com\/salario-e-chance-de-crescimento-sao-fatores-prioritarios-para-os-jovens-no-mercado-de-trabalho-pind254668\" title=\"Artigo Original: Sal\u00e1rio e chance de crescimento s\u00e3o fatores priorit\u00e1rios para os jovens no mercado de trabalho\" target=\"_blank\" rel=\"noopener\">Brasil 61<\/a>\n\t\t\t<\/p>\n<\/p><\/div>\n<input type=\"hidden\" id=\"baseurl\" value=\"https:\/\/noticiasregionais.com.br\"><input type=\"hidden\" id=\"audio_nonce\" value=\"533fbb67b1\">","protected":false},"excerpt":{"rendered":"<p>Para 50% dos jovens brasileiros, remunera\u00e7\u00e3o baixa \u00e9 o principal motivo para optar pela troca de um emprego<\/p>\n","protected":false},"author":1,"featured_media":10775,"comment_status":"","ping_status":"open","sticky":false,"template":"","format":"standard","meta":{"sfsi_plus_gutenberg_text_before_share":"","sfsi_plus_gutenberg_show_text_before_share":"","sfsi_plus_gutenberg_icon_type":"","sfsi_plus_gutenberg_icon_alignemt":"","sfsi_plus_gutenburg_max_per_row":"","footnotes":""},"categories":[8],"tags":[],"class_list":["post-10774","post","type-post","status-publish","format-standard","has-post-thumbnail","hentry","category-brasil"],"_links":{"self":[{"href":"https:\/\/noticiasregionais.com.br\/index.php?rest_route=\/wp\/v2\/posts\/10774","targetHints":{"allow":["GET"]}}],"collection":[{"href":"https:\/\/noticiasregionais.com.br\/index.php?rest_route=\/wp\/v2\/posts"}],"about":[{"href":"https:\/\/noticiasregionais.com.br\/index.php?rest_route=\/wp\/v2\/types\/post"}],"author":[{"embeddable":true,"href":"https:\/\/noticiasregionais.com.br\/index.php?rest_route=\/wp\/v2\/users\/1"}],"replies":[{"embeddable":true,"href":"https:\/\/noticiasregionais.com.br\/index.php?rest_route=%2Fwp%2Fv2%2Fcomments&post=10774"}],"version-history":[{"count":0,"href":"https:\/\/noticiasregionais.com.br\/index.php?rest_route=\/wp\/v2\/posts\/10774\/revisions"}],"wp:featuredmedia":[{"embeddable":true,"href":"https:\/\/noticiasregionais.com.br\/index.php?rest_route=\/wp\/v2\/media\/10775"}],"wp:attachment":[{"href":"https:\/\/noticiasregionais.com.br\/index.php?rest_route=%2Fwp%2Fv2%2Fmedia&parent=10774"}],"wp:term":[{"taxonomy":"category","embeddable":true,"href":"https:\/\/noticiasregionais.com.br\/index.php?rest_route=%2Fwp%2Fv2%2Fcategories&post=10774"},{"taxonomy":"post_tag","embeddable":true,"href":"https:\/\/noticiasregionais.com.br\/index.php?rest_route=%2Fwp%2Fv2%2Ftags&post=10774"}],"curies":[{"name":"wp","href":"https:\/\/api.w.org\/{rel}","templated":true}]}}