{"id":10776,"date":"2025-11-03T17:00:00","date_gmt":"2025-11-03T20:00:00","guid":{"rendered":"https:\/\/noticiasregionais.com.br\/?p=10776"},"modified":"2025-11-03T17:00:00","modified_gmt":"2025-11-03T20:00:00","slug":"mais-de-quatro-mil-municipios-ja-aderiram-ao-convenio-da-nfs-e-nacional-informa-cnm","status":"publish","type":"post","link":"https:\/\/noticiasregionais.com.br\/?p=10776","title":{"rendered":"Mais de quatro mil munic\u00edpios j\u00e1 aderiram ao conv\u00eanio da NFS-e Nacional, informa CNM"},"content":{"rendered":"<p>A Confedera\u00e7\u00e3o Nacional de Munic\u00edpios (<a href=\"https:\/\/cnm.org.br\/comunicacao\/noticias\/quatro-mil-municipios-ja-aderiram-ao-convenio-da-nfs-e-nacional\" target=\"_blank\" rel=\"noopener\">CNM<\/a>) anunciou que quatro mil prefeituras de todo o pa\u00eds j\u00e1 aderiram ao conv\u00eanio da Nota Fiscal de Servi\u00e7o eletr\u00f4nica (NFS-e Nacional). O n\u00famero demonstra o engajamento dos gestores municipais na moderniza\u00e7\u00e3o e simplifica\u00e7\u00e3o dos processos tribut\u00e1rios.<\/p>\n<p>A NFS-e Nacional \u00e9 uma iniciativa conjunta entre a CNM, a Receita Federal e entidades municipalistas, com o objetivo de padronizar e integrar a emiss\u00e3o de notas de servi\u00e7os no Brasil. O sistema traz mais praticidade para os contribuintes, seguran\u00e7a nas informa\u00e7\u00f5es e efici\u00eancia na gest\u00e3o municipal.<\/p>\n<p>A <a href=\"https:\/\/cnm.org.br\/comunicacao\/noticias\/quatro-mil-municipios-ja-aderiram-ao-convenio-da-nfs-e-nacional\" target=\"_blank\" rel=\"noopener\">CNM<\/a> ressalta, por\u00e9m, que a ades\u00e3o \u00e9 apenas o primeiro passo. Para operar efetivamente dentro do sistema nacional e cumprir a legisla\u00e7\u00e3o, os munic\u00edpios precisam realizar a parametriza\u00e7\u00e3o da NFS-e , etapa que configura o sistema com as informa\u00e7\u00f5es tribut\u00e1rias locais e garante o correto envio e recebimento das notas no padr\u00e3o nacional.<\/p>\n<p>Os munic\u00edpios podem aderir ao conv\u00eanio de tr\u00eas formas:<\/p>\n<ul>\n<li>Pelo e-CAC da Receita Federal;<\/li>\n<li>Publicando a ades\u00e3o no Di\u00e1rio Oficial Municipal ou em jornal de grande circula\u00e7\u00e3o;<\/li>\n<li>Ou enviando o formul\u00e1rio dispon\u00edvel no Portal da NFS-e Nacional.<\/li>\n<\/ul>\n<p>Ap\u00f3s a ades\u00e3o, \u00e9 necess\u00e1rio acompanhar o processo e realizar os testes de integra\u00e7\u00e3o, definir o emissor (nacional ou pr\u00f3prio), desenvolver APIs quando necess\u00e1rio e comunicar os contribuintes sobre os novos procedimentos.<\/p>\n<p>Segundo a CNM, o avan\u00e7o da ades\u00e3o \u00e0 NFS-e j\u00e1 alcan\u00e7a todas as regi\u00f5es do pa\u00eds, refor\u00e7ando o compromisso dos munic\u00edpios com a moderniza\u00e7\u00e3o da gest\u00e3o tribut\u00e1ria e a transpar\u00eancia fiscal.<\/p>\n<p>As informa\u00e7\u00f5es s\u00e3o da Confedera\u00e7\u00e3o Nacional de Munic\u00edpios.<\/p>\n<p>\t\t\t\t\t\t\t\t\t<img decoding=\"async\" src=\"https:\/\/brasil61.com\/api\/v1\/serve_pixel\/22254\/85620\" alt=\"Pixel Brasil 61\" class=\"b61_pixel\" width=\"0\" height=\"0\"><\/p>\n<div class=\"br61_backlink\">\n<p>\n\t\t\t\tFonte: <a href=\"https:\/\/brasil61.com\/mais-de-quatro-mil-municipios-ja-aderiram-ao-convenio-da-nfs-e-nacional-informa-cnm-bras2515071\" title=\"Artigo Original: Mais de quatro mil munic\u00edpios j\u00e1 aderiram ao conv\u00eanio da NFS-e Nacional, informa CNM\" target=\"_blank\" rel=\"noopener\">Brasil 61<\/a>\n\t\t\t<\/p>\n<\/p><\/div>\n<input type=\"hidden\" id=\"baseurl\" value=\"https:\/\/noticiasregionais.com.br\"><input type=\"hidden\" id=\"audio_nonce\" value=\"533fbb67b1\">","protected":false},"excerpt":{"rendered":"<p>A CNM ressalta, por\u00e9m, que a ades\u00e3o \u00e9 apenas o primeiro passo. Para operar efetivamente dentro do sistema nacional e cumprir a legisla\u00e7\u00e3o, os munic\u00edpios precisam realizar a parametriza\u00e7\u00e3o da NFS-e<\/p>\n","protected":false},"author":1,"featured_media":10777,"comment_status":"","ping_status":"open","sticky":false,"template":"","format":"standard","meta":{"sfsi_plus_gutenberg_text_before_share":"","sfsi_plus_gutenberg_show_text_before_share":"","sfsi_plus_gutenberg_icon_type":"","sfsi_plus_gutenberg_icon_alignemt":"","sfsi_plus_gutenburg_max_per_row":"","footnotes":""},"categories":[8],"tags":[],"class_list":["post-10776","post","type-post","status-publish","format-standard","has-post-thumbnail","hentry","category-brasil"],"_links":{"self":[{"href":"https:\/\/noticiasregionais.com.br\/index.php?rest_route=\/wp\/v2\/posts\/10776","targetHints":{"allow":["GET"]}}],"collection":[{"href":"https:\/\/noticiasregionais.com.br\/index.php?rest_route=\/wp\/v2\/posts"}],"about":[{"href":"https:\/\/noticiasregionais.com.br\/index.php?rest_route=\/wp\/v2\/types\/post"}],"author":[{"embeddable":true,"href":"https:\/\/noticiasregionais.com.br\/index.php?rest_route=\/wp\/v2\/users\/1"}],"replies":[{"embeddable":true,"href":"https:\/\/noticiasregionais.com.br\/index.php?rest_route=%2Fwp%2Fv2%2Fcomments&post=10776"}],"version-history":[{"count":0,"href":"https:\/\/noticiasregionais.com.br\/index.php?rest_route=\/wp\/v2\/posts\/10776\/revisions"}],"wp:featuredmedia":[{"embeddable":true,"href":"https:\/\/noticiasregionais.com.br\/index.php?rest_route=\/wp\/v2\/media\/10777"}],"wp:attachment":[{"href":"https:\/\/noticiasregionais.com.br\/index.php?rest_route=%2Fwp%2Fv2%2Fmedia&parent=10776"}],"wp:term":[{"taxonomy":"category","embeddable":true,"href":"https:\/\/noticiasregionais.com.br\/index.php?rest_route=%2Fwp%2Fv2%2Fcategories&post=10776"},{"taxonomy":"post_tag","embeddable":true,"href":"https:\/\/noticiasregionais.com.br\/index.php?rest_route=%2Fwp%2Fv2%2Ftags&post=10776"}],"curies":[{"name":"wp","href":"https:\/\/api.w.org\/{rel}","templated":true}]}}