{"id":10780,"date":"2025-11-03T17:23:00","date_gmt":"2025-11-03T20:23:00","guid":{"rendered":"https:\/\/noticiasregionais.com.br\/?p=10780"},"modified":"2025-11-03T17:23:00","modified_gmt":"2025-11-03T20:23:00","slug":"boi-gordo-hoje-confira-as-cotacoes-para-esta-terca-feira-4","status":"publish","type":"post","link":"https:\/\/noticiasregionais.com.br\/?p=10780","title":{"rendered":"Boi gordo hoje: confira as cota\u00e7\u00f5es para esta ter\u00e7a-feira (4)"},"content":{"rendered":"<p>O pre\u00e7o do <strong>boi gordo<\/strong> registra <strong>valoriza\u00e7\u00e3o\u00a0de 0,30%<\/strong> nesta sexta-feira (31)\u00a0e a arroba \u00e9 negociada a<strong> R$ 318,85<\/strong>, no estado de S\u00e3o Paulo.<\/p>\n<p><strong>INDICADOR DO BOI GORDO CEPEA\/ESALQ<\/strong><\/p>\n<\/p>\n<table id=\"imagenet-indicador1\">\n<thead>\n<tr>\n<th>DATA<\/th>\n<th>VALOR R$*<\/th>\n<th>VAR.\/DIA<\/th>\n<th>VAR.\/M\u00caS<\/th>\n<th>VALOR US$*<\/th>\n<\/tr>\n<\/thead>\n<tbody>\n<tr>\n<td>30\/10\/2025<\/td>\n<td>318,85<\/td>\n<td>0,30%<\/td>\n<td>4,85%<\/td>\n<td>59,29<\/td>\n<\/tr>\n<tr>\n<td>29\/10\/2025<\/td>\n<td>317,90<\/td>\n<td>1,03%<\/td>\n<td>4,54%<\/td>\n<td>59,24<\/td>\n<\/tr>\n<tr>\n<td>28\/10\/2025<\/td>\n<td>314,65<\/td>\n<td>0,41%<\/td>\n<td>3,47%<\/td>\n<td>58,70<\/td>\n<\/tr>\n<tr>\n<td>27\/10\/2025<\/td>\n<td>313,35<\/td>\n<td>0,06%<\/td>\n<td>3,04%<\/td>\n<td>58,33<\/td>\n<\/tr>\n<tr>\n<td>24\/10\/2025<\/td>\n<td>313,15<\/td>\n<td>0,56%<\/td>\n<td>2,98%<\/td>\n<td>58,08<\/td>\n<\/tr>\n<\/tbody>\n<\/table>\n<p>\u00a0<\/p>\n<h2>Pre\u00e7o do frango congelado e resfriado<\/h2>\n<p>Nos atacados da Grande S\u00e3o Paulo, S\u00e3o Jos\u00e9 do Rio Preto e Descalvado, os pre\u00e7os do <strong>frango congelado<\/strong> apresentaram <strong>estabilidade,\u00a0<\/strong>como tamb\u00e9m o\u00a0<strong>frango resfriado<\/strong>. A primeira mercadoria \u00e9 vendida a<strong> R$ 8,01<\/strong>, enquanto a segunda \u00e9 comercializada a <strong>R$ 8,08<\/strong>.<\/p>\n<p><strong>PRE\u00c7OS DO FRANGO CONGELADO CEPEA\/ESALQ &#8211; ESTADO SP\u00a0<\/strong><\/p>\n<\/p>\n<table id=\"imagenet-indicador1\">\n<thead>\n<tr>\n<th>DATA<\/th>\n<th>VALOR R$<\/th>\n<th>VAR.\/DIA<\/th>\n<th>VAR.\/M\u00caS<\/th>\n<\/tr>\n<\/thead>\n<tbody>\n<tr>\n<td>30\/10\/2025<\/td>\n<td>8,01<\/td>\n<td>0,00%<\/td>\n<td>0,25%<\/td>\n<\/tr>\n<tr>\n<td>29\/10\/2025<\/td>\n<td>8,01<\/td>\n<td>0,00%<\/td>\n<td>0,25%<\/td>\n<\/tr>\n<tr>\n<td>28\/10\/2025<\/td>\n<td>8,01<\/td>\n<td>0,00%<\/td>\n<td>0,25%<\/td>\n<\/tr>\n<tr>\n<td>27\/10\/2025<\/td>\n<td>8,01<\/td>\n<td>-0,12%<\/td>\n<td>0,25%<\/td>\n<\/tr>\n<tr>\n<td>24\/10\/2025<\/td>\n<td>8,02<\/td>\n<td>-1,23%<\/td>\n<td>0,38%<\/td>\n<\/tr>\n<\/tbody>\n<\/table>\n<p>\u00a0<\/p>\n<p><strong>PRE\u00c7OS DO FRANGO RESFRIADO CEPEA\/ESALQ &#8211; ESTADO SP<\/strong><\/p>\n<\/p>\n<table id=\"imagenet-indicador2\">\n<thead>\n<tr>\n<th>DATA<\/th>\n<th>VALOR R$<\/th>\n<th>VAR.\/DIA<\/th>\n<th>VAR.\/M\u00caS<\/th>\n<\/tr>\n<\/thead>\n<tbody>\n<tr>\n<td>30\/10\/2025<\/td>\n<td>8,08<\/td>\n<td>0,00%<\/td>\n<td>-0,86%<\/td>\n<\/tr>\n<tr>\n<td>29\/10\/2025<\/td>\n<td>8,08<\/td>\n<td>0,00%<\/td>\n<td>-0,86%<\/td>\n<\/tr>\n<tr>\n<td>28\/10\/2025<\/td>\n<td>8,08<\/td>\n<td>0,00%<\/td>\n<td>-0,86%<\/td>\n<\/tr>\n<tr>\n<td>27\/10\/2025<\/td>\n<td>8,08<\/td>\n<td>0,12%<\/td>\n<td>-0,86%<\/td>\n<\/tr>\n<tr>\n<td>24\/10\/2025<\/td>\n<td>8,07<\/td>\n<td>-1,34%<\/td>\n<td>-0,98%<\/td>\n<\/tr>\n<\/tbody>\n<\/table>\n<h2>Pre\u00e7o da carca\u00e7a su\u00edna especial e do su\u00edno vivo<\/h2>\n<p>A <strong>carca\u00e7a su\u00edna especial <\/strong>tamb\u00e9m volta a apontar<strong>\u00a0estabilidade<\/strong>\u00a0no pre\u00e7o, sendo negociada a <strong>R$ 12,33\u00a0<\/strong>por quilo nos atacados da Grande S\u00e3o Paulo.\u00a0<\/p>\n<p><strong>PRE\u00c7OS DA CARCA\u00c7A SU\u00cdNA ESPECIAL (R$\/kg)<\/strong><\/p>\n<\/p>\n<table id=\"imagenet-indicador3\">\n<thead>\n<tr>\n<th>DATA<\/th>\n<th>M\u00c9DIA<\/th>\n<th>VAR.\/DIA<\/th>\n<th>VAR.\/M\u00caS<\/th>\n<\/tr>\n<\/thead>\n<tbody>\n<tr>\n<td>30\/10\/2025<\/td>\n<td>12,33<\/td>\n<td>0,00%<\/td>\n<td>-4,86%<\/td>\n<\/tr>\n<tr>\n<td>29\/10\/2025<\/td>\n<td>12,33<\/td>\n<td>0,00%<\/td>\n<td>-4,86%<\/td>\n<\/tr>\n<tr>\n<td>28\/10\/2025<\/td>\n<td>12,33<\/td>\n<td>-0,32%<\/td>\n<td>-4,86%<\/td>\n<\/tr>\n<tr>\n<td>27\/10\/2025<\/td>\n<td>12,37<\/td>\n<td>-0,24%<\/td>\n<td>-4,55%<\/td>\n<\/tr>\n<tr>\n<td>24\/10\/2025<\/td>\n<td>12,40<\/td>\n<td>-0,40%<\/td>\n<td>-4,32%<\/td>\n<\/tr>\n<\/tbody>\n<\/table>\n<p>O pre\u00e7o do<strong> su\u00edno vivo<\/strong> registra <strong>estabilidade\u00a0em S\u00e3o Paulo,\u00a0no Rio Grande do Sul e\u00a0em<\/strong>\u00a0<strong>Santa Catarina. <\/strong>Em<strong> Minas Gerais<\/strong>\u00a0h\u00e1 uma <strong>desvaloriza\u00e7\u00e3o de 0,12%<\/strong>; enquanto o\u00a0<strong>Paran\u00e1 <\/strong>apresenta<strong> alta de 0,24%<\/strong>. As mercadorias variam entre\u00a0<strong>R$ 8,23\u00a0<\/strong>e<strong> R$8,75<\/strong>.<\/p>\n<p><strong>INDICADOR DO SU\u00cdNO VIVO CEPEA\/ESALQ (R$\/kg)\u00a0<\/strong><\/p>\n<\/p>\n<table id=\"imagenet-indicador2\">\n<thead>\n<tr>\n<th>DATA<\/th>\n<th>ESTADO<\/th>\n<th>VALOR R$*<\/th>\n<th>VAR.\/DIA<\/th>\n<th>VAR.\/M\u00caS<\/th>\n<\/tr>\n<\/thead>\n<tbody>\n<tr>\n<td>30\/10\/2025<\/td>\n<td>MG &#8211; posto<\/td>\n<td>8,23<\/td>\n<td>-0,12%<\/td>\n<td>-0,24%<\/td>\n<\/tr>\n<tr>\n<td>30\/10\/2025<\/td>\n<td>PR &#8211; a retirar<\/td>\n<td>8,35<\/td>\n<td>0,24%<\/td>\n<td>-2,68%<\/td>\n<\/tr>\n<tr>\n<td>30\/10\/2025<\/td>\n<td>RS &#8211; a retirar<\/td>\n<td>8,29<\/td>\n<td>0,00%<\/td>\n<td>-1,31%<\/td>\n<\/tr>\n<tr>\n<td>30\/10\/2025<\/td>\n<td>SC &#8211; a retirar<\/td>\n<td>8,25<\/td>\n<td>0,00%<\/td>\n<td>0,00%<\/td>\n<\/tr>\n<tr>\n<td>30\/10\/2025<\/td>\n<td>SP &#8211; posto<\/td>\n<td>8,75<\/td>\n<td>0,00%<\/td>\n<td>-1,80%<\/td>\n<\/tr>\n<\/tbody>\n<\/table>\n<p>Os valores s\u00e3o do <a href=\"http:\/\/www.cepea.org.br\" target=\"_blank\" rel=\"noopener\"><strong>Cepea<\/strong><\/a>.<\/p>\n<h2>O que \u00e9 o boi gordo? Entenda o termo do mercado bovino<\/h2>\n<p>O <strong>boi gordo \u00e9 o bovino macho pronto para o abate, com peso m\u00ednimo de 16 arrobas l\u00edquidas de carca\u00e7a (aproximadamente 240 kg) e at\u00e9 42 meses de idade<\/strong>. Atende aos padr\u00f5es do mercado nacional e internacional, incluindo exporta\u00e7\u00f5es para Europa, China e cota Hilton.<\/p>\n<h2>Diferen\u00e7as entre frango congelado e frango resfriado<\/h2>\n<p>O<strong> frango congelado passa por congelamento r\u00e1pido, com temperaturas abaixo de -12\u00b0C<\/strong>, garantindo maior vida \u00fatil para armazenamento e transporte a longas dist\u00e2ncias. J\u00e1 o<strong> frango resfriado \u00e9 mantido entre 0\u00b0C e 4\u00b0C, com validade de 5 a 7 dias<\/strong>, oferecendo textura e sabor mais pr\u00f3ximos do fresco, ideal para consumidores exigentes e restaurantes.<\/p>\n<p>\t\t\t\t\t\t\t\t\t<img decoding=\"async\" src=\"https:\/\/brasil61.com\/api\/v1\/serve_pixel\/22254\/85622\" alt=\"Pixel Brasil 61\" class=\"b61_pixel\" width=\"0\" height=\"0\"><\/p>\n<div class=\"br61_backlink\">\n<p>\n\t\t\t\tFonte: <a href=\"https:\/\/brasil61.com\/boi-gordo-hoje-confira-as-cotacoes-para-esta-terca-feira-4-pagr255906\" title=\"Artigo Original: Boi gordo hoje: confira as cota\u00e7\u00f5es para esta ter\u00e7a-feira (4)\" target=\"_blank\" rel=\"noopener\">Brasil 61<\/a>\n\t\t\t<\/p>\n<\/p><\/div>\n<input type=\"hidden\" id=\"baseurl\" value=\"https:\/\/noticiasregionais.com.br\"><input type=\"hidden\" id=\"audio_nonce\" value=\"5c13e0637f\">","protected":false},"excerpt":{"rendered":"<p>XXXO pre\u00e7o do su\u00edno vivo apresenta estabilidade em SP e no RS, como tamb\u00e9m o frango congelado e resfriado e a carca\u00e7a su\u00edna especial<\/p>\n","protected":false},"author":1,"featured_media":10781,"comment_status":"","ping_status":"open","sticky":false,"template":"","format":"standard","meta":{"sfsi_plus_gutenberg_text_before_share":"","sfsi_plus_gutenberg_show_text_before_share":"","sfsi_plus_gutenberg_icon_type":"","sfsi_plus_gutenberg_icon_alignemt":"","sfsi_plus_gutenburg_max_per_row":"","footnotes":""},"categories":[8],"tags":[],"class_list":["post-10780","post","type-post","status-publish","format-standard","has-post-thumbnail","hentry","category-brasil"],"_links":{"self":[{"href":"https:\/\/noticiasregionais.com.br\/index.php?rest_route=\/wp\/v2\/posts\/10780","targetHints":{"allow":["GET"]}}],"collection":[{"href":"https:\/\/noticiasregionais.com.br\/index.php?rest_route=\/wp\/v2\/posts"}],"about":[{"href":"https:\/\/noticiasregionais.com.br\/index.php?rest_route=\/wp\/v2\/types\/post"}],"author":[{"embeddable":true,"href":"https:\/\/noticiasregionais.com.br\/index.php?rest_route=\/wp\/v2\/users\/1"}],"replies":[{"embeddable":true,"href":"https:\/\/noticiasregionais.com.br\/index.php?rest_route=%2Fwp%2Fv2%2Fcomments&post=10780"}],"version-history":[{"count":0,"href":"https:\/\/noticiasregionais.com.br\/index.php?rest_route=\/wp\/v2\/posts\/10780\/revisions"}],"wp:featuredmedia":[{"embeddable":true,"href":"https:\/\/noticiasregionais.com.br\/index.php?rest_route=\/wp\/v2\/media\/10781"}],"wp:attachment":[{"href":"https:\/\/noticiasregionais.com.br\/index.php?rest_route=%2Fwp%2Fv2%2Fmedia&parent=10780"}],"wp:term":[{"taxonomy":"category","embeddable":true,"href":"https:\/\/noticiasregionais.com.br\/index.php?rest_route=%2Fwp%2Fv2%2Fcategories&post=10780"},{"taxonomy":"post_tag","embeddable":true,"href":"https:\/\/noticiasregionais.com.br\/index.php?rest_route=%2Fwp%2Fv2%2Ftags&post=10780"}],"curies":[{"name":"wp","href":"https:\/\/api.w.org\/{rel}","templated":true}]}}