{"id":10782,"date":"2025-11-03T17:27:00","date_gmt":"2025-11-03T20:27:00","guid":{"rendered":"https:\/\/noticiasregionais.com.br\/?p=10782"},"modified":"2025-11-03T17:27:00","modified_gmt":"2025-11-03T20:27:00","slug":"soja-e-trigo-hoje-confira-as-cotacoes-para-terca-4","status":"publish","type":"post","link":"https:\/\/noticiasregionais.com.br\/?p=10782","title":{"rendered":"Soja e trigo hoje: confira as cota\u00e7\u00f5es para ter\u00e7a (4)"},"content":{"rendered":"<p>O valor da saca de 60 kg da <strong>soja <\/strong>abre esta sexta-feira (31) em <strong>alta\u00a0<\/strong>tanto no interior do Paran\u00e1 quanto no litoral do estado, em Paranagu\u00e1.\u00a0<\/p>\n<p>Na primeira regi\u00e3o, o gr\u00e3o teve <strong>valoriza\u00e7\u00e3o de 0,31%<\/strong> e \u00e9 negociado a <strong>R$ 133,84<\/strong>; na segunda, o\u00a0<strong>ajuste <\/strong>foi <strong>de 0,67%<\/strong>, com a mercadoria cotada a <strong>R$ 140,25<\/strong>.<\/p>\n<p><strong>INDICADOR DA SOJA CEPEA\/ESALQ &#8211; PARAN\u00c1<\/strong><\/p>\n<\/p>\n<table id=\"imagenet-indicador2\">\n<thead>\n<tr>\n<th>DATA<\/th>\n<th>VALOR R$*<\/th>\n<th>VAR.\/DIA<\/th>\n<th>VAR.\/M\u00caS<\/th>\n<th>VALOR US$*<\/th>\n<\/tr>\n<\/thead>\n<tbody>\n<tr>\n<td>30\/10\/2025<\/td>\n<td>133,84<\/td>\n<td>0,31%<\/td>\n<td>3,85%<\/td>\n<td>24,89<\/td>\n<\/tr>\n<tr>\n<td>29\/10\/2025<\/td>\n<td>133,43<\/td>\n<td>-0,69%<\/td>\n<td>3,53%<\/td>\n<td>24,87<\/td>\n<\/tr>\n<tr>\n<td>28\/10\/2025<\/td>\n<td>134,36<\/td>\n<td>0,45%<\/td>\n<td>4,25%<\/td>\n<td>25,07<\/td>\n<\/tr>\n<tr>\n<td>27\/10\/2025<\/td>\n<td>133,76<\/td>\n<td>0,24%<\/td>\n<td>3,79%<\/td>\n<td>24,90<\/td>\n<\/tr>\n<tr>\n<td>24\/10\/2025<\/td>\n<td>133,44<\/td>\n<td>-0,01%<\/td>\n<td>3,54%<\/td>\n<td>24,75<\/td>\n<\/tr>\n<\/tbody>\n<\/table>\n<p><strong>INDICADOR DA SOJA CEPEA\/ESALQ &#8211; PARANAGU\u00c1<\/strong><\/p>\n<\/p>\n<table id=\"imagenet-indicador1\">\n<thead>\n<tr>\n<th>DATA<\/th>\n<th>VALOR R$*<\/th>\n<th>VAR.\/DIA<\/th>\n<th>VAR.\/M\u00caS<\/th>\n<th>VALOR US$*<\/th>\n<\/tr>\n<\/thead>\n<tbody>\n<tr>\n<td>30\/10\/2025<\/td>\n<td>140,25<\/td>\n<td>0,67%<\/td>\n<td>4,96%<\/td>\n<td>26,08<\/td>\n<\/tr>\n<tr>\n<td>29\/10\/2025<\/td>\n<td>139,32<\/td>\n<td>-0,36%<\/td>\n<td>4,27%<\/td>\n<td>25,96<\/td>\n<\/tr>\n<tr>\n<td>28\/10\/2025<\/td>\n<td>139,83<\/td>\n<td>0,75%<\/td>\n<td>4,65%<\/td>\n<td>26,09<\/td>\n<\/tr>\n<tr>\n<td>27\/10\/2025<\/td>\n<td>138,79<\/td>\n<td>0,09%<\/td>\n<td>3,87%<\/td>\n<td>25,84<\/td>\n<\/tr>\n<tr>\n<td>24\/10\/2025<\/td>\n<td>138,66<\/td>\n<td>0,08%<\/td>\n<td>3,77%<\/td>\n<td>25,72<\/td>\n<\/tr>\n<\/tbody>\n<\/table>\n<h2>Trigo<\/h2>\n<p>O pre\u00e7o do <strong>trigo<\/strong>, por sua vez, registra <strong>valoriza\u00e7\u00e3o de 0,10% no Paran\u00e1 <\/strong>e<strong>\u00a0 de 0,21% no Rio Grande do Sul<\/strong>.<strong>\u00a0<\/strong>No primeiro estado, a tonelada\u00a0\u00e9 vendida a<strong> R$ 1.193,61<\/strong>, enquanto no segundo \u00e9 comercializada a<strong> R$ 1.084,59<\/strong>.<\/p>\n<p><strong>PRE\u00c7O M\u00c9DIO DO TRIGO CEPEA\/ESALQ &#8211; PARAN\u00c1<\/strong><\/p>\n<\/p>\n<table id=\"imagenet-indicador1\">\n<thead>\n<tr>\n<th>DATA<\/th>\n<th>VALOR R$\/T*<\/th>\n<th>VAR.\/DIA<\/th>\n<th>VAR.\/M\u00caS<\/th>\n<th>VALOR US$\/T*<\/th>\n<\/tr>\n<\/thead>\n<tbody>\n<tr>\n<td>30\/10\/2025<\/td>\n<td>1.193,61<\/td>\n<td>0,10%<\/td>\n<td>-5,33%<\/td>\n<td>221,94<\/td>\n<\/tr>\n<tr>\n<td>29\/10\/2025<\/td>\n<td>1.192,47<\/td>\n<td>0,20%<\/td>\n<td>-5,42%<\/td>\n<td>222,23<\/td>\n<\/tr>\n<tr>\n<td>28\/10\/2025<\/td>\n<td>1.190,08<\/td>\n<td>0,03%<\/td>\n<td>-5,61%<\/td>\n<td>222,03<\/td>\n<\/tr>\n<tr>\n<td>27\/10\/2025<\/td>\n<td>1.189,77<\/td>\n<td>-0,06%<\/td>\n<td>-5,64%<\/td>\n<td>221,48<\/td>\n<\/tr>\n<tr>\n<td>24\/10\/2025<\/td>\n<td>1.190,46<\/td>\n<td>-0,23%<\/td>\n<td>-5,58%<\/td>\n<td>220,78<\/td>\n<\/tr>\n<\/tbody>\n<\/table>\n<p><strong>PRE\u00c7O M\u00c9DIO DO TRIGO CEPEA\/ESALQ &#8211; RIO GRANDE DO SUL<\/strong><\/p>\n<\/p>\n<table id=\"imagenet-indicador2\">\n<thead>\n<tr>\n<th>DATA<\/th>\n<th>VALOR R$\/T*<\/th>\n<th>VAR.\/DIA<\/th>\n<th>VAR.\/M\u00caS<\/th>\n<th>VALOR US$\/T*<\/th>\n<\/tr>\n<\/thead>\n<tbody>\n<tr>\n<td>30\/10\/2025<\/td>\n<td>1.084,59<\/td>\n<td>0,21%<\/td>\n<td>-11,52%<\/td>\n<td>201,67<\/td>\n<\/tr>\n<tr>\n<td>29\/10\/2025<\/td>\n<td>1.082,27<\/td>\n<td>-0,35%<\/td>\n<td>-11,71%<\/td>\n<td>201,69<\/td>\n<\/tr>\n<tr>\n<td>28\/10\/2025<\/td>\n<td>1.086,04<\/td>\n<td>-1,22%<\/td>\n<td>-11,41%<\/td>\n<td>202,62<\/td>\n<\/tr>\n<tr>\n<td>27\/10\/2025<\/td>\n<td>1.099,50<\/td>\n<td>-0,49%<\/td>\n<td>-10,31%<\/td>\n<td>204,67<\/td>\n<\/tr>\n<tr>\n<td>24\/10\/2025<\/td>\n<td>1.104,95<\/td>\n<td>0,00%<\/td>\n<td>-9,86%<\/td>\n<td>204,92<\/td>\n<\/tr>\n<\/tbody>\n<\/table>\n<p>Os valores s\u00e3o do <a href=\"http:\/\/www.cepea.org.br\" target=\"_blank\" rel=\"noopener\">Cepea<\/a>.<\/p>\n<h2>O que \u00e9 uma saca de soja ou de trigo? Entenda a unidade de medida no mercado de gr\u00e3os<\/h2>\n<p>A saca de soja e a saca de trigo s\u00e3o as principais unidades de comercializa\u00e7\u00e3o de gr\u00e3os no Brasil. Cada saca equivale a 60 quilos, padr\u00e3o adotado por \u00f3rg\u00e3os oficiais como a <strong>Companhia Nacional de Abastecimento (<a href=\"https:\/\/www.gov.br\/conab\/pt-br\" target=\"_blank\" rel=\"noopener\">Conab<\/a>)<\/strong>, o<strong> Minist\u00e9rio da Agricultura (<a href=\"http:\/\/www.gov.br\/agricultura\/pt-br\" target=\"_blank\" rel=\"noopener\">MAPA<\/a>)<\/strong> e o<strong> Centro de Estudos Avan\u00e7ados em Economia Aplicada (<a href=\"http:\/\/www.cepea.org.br\" target=\"_blank\" rel=\"noopener\">Cepea<\/a>)<\/strong>.<\/p>\n<p>Esse formato padronizado facilita o com\u00e9rcio da soja e do trigo, al\u00e9m de permitir um acompanhamento mais preciso das cota\u00e7\u00f5es e varia\u00e7\u00f5es de pre\u00e7os no mercado nacional.<\/p>\n<p>\t\t\t\t\t\t\t\t\t<img decoding=\"async\" src=\"https:\/\/brasil61.com\/api\/v1\/serve_pixel\/22254\/85623\" alt=\"Pixel Brasil 61\" class=\"b61_pixel\" width=\"0\" height=\"0\"><\/p>\n<div class=\"br61_backlink\">\n<p>\n\t\t\t\tFonte: <a href=\"https:\/\/brasil61.com\/soja-e-trigo-hoje-confira-as-cotacoes-para-terca-4-pagr255907\" title=\"Artigo Original: Soja e trigo hoje: confira as cota\u00e7\u00f5es para ter\u00e7a (4)\" target=\"_blank\" rel=\"noopener\">Brasil 61<\/a>\n\t\t\t<\/p>\n<\/p><\/div>\n<input type=\"hidden\" id=\"baseurl\" value=\"https:\/\/noticiasregionais.com.br\"><input type=\"hidden\" id=\"audio_nonce\" value=\"533fbb67b1\">","protected":false},"excerpt":{"rendered":"<p>XXXA soja apresenta alta no Paran\u00e1 e em Paranagu\u00e1; o trigo segue a tend\u00eanda<\/p>\n","protected":false},"author":1,"featured_media":10783,"comment_status":"","ping_status":"open","sticky":false,"template":"","format":"standard","meta":{"sfsi_plus_gutenberg_text_before_share":"","sfsi_plus_gutenberg_show_text_before_share":"","sfsi_plus_gutenberg_icon_type":"","sfsi_plus_gutenberg_icon_alignemt":"","sfsi_plus_gutenburg_max_per_row":"","footnotes":""},"categories":[8],"tags":[],"class_list":["post-10782","post","type-post","status-publish","format-standard","has-post-thumbnail","hentry","category-brasil"],"_links":{"self":[{"href":"https:\/\/noticiasregionais.com.br\/index.php?rest_route=\/wp\/v2\/posts\/10782","targetHints":{"allow":["GET"]}}],"collection":[{"href":"https:\/\/noticiasregionais.com.br\/index.php?rest_route=\/wp\/v2\/posts"}],"about":[{"href":"https:\/\/noticiasregionais.com.br\/index.php?rest_route=\/wp\/v2\/types\/post"}],"author":[{"embeddable":true,"href":"https:\/\/noticiasregionais.com.br\/index.php?rest_route=\/wp\/v2\/users\/1"}],"replies":[{"embeddable":true,"href":"https:\/\/noticiasregionais.com.br\/index.php?rest_route=%2Fwp%2Fv2%2Fcomments&post=10782"}],"version-history":[{"count":0,"href":"https:\/\/noticiasregionais.com.br\/index.php?rest_route=\/wp\/v2\/posts\/10782\/revisions"}],"wp:featuredmedia":[{"embeddable":true,"href":"https:\/\/noticiasregionais.com.br\/index.php?rest_route=\/wp\/v2\/media\/10783"}],"wp:attachment":[{"href":"https:\/\/noticiasregionais.com.br\/index.php?rest_route=%2Fwp%2Fv2%2Fmedia&parent=10782"}],"wp:term":[{"taxonomy":"category","embeddable":true,"href":"https:\/\/noticiasregionais.com.br\/index.php?rest_route=%2Fwp%2Fv2%2Fcategories&post=10782"},{"taxonomy":"post_tag","embeddable":true,"href":"https:\/\/noticiasregionais.com.br\/index.php?rest_route=%2Fwp%2Fv2%2Ftags&post=10782"}],"curies":[{"name":"wp","href":"https:\/\/api.w.org\/{rel}","templated":true}]}}