{"id":10790,"date":"2025-11-04T13:38:00","date_gmt":"2025-11-04T16:38:00","guid":{"rendered":"https:\/\/noticiasregionais.com.br\/?p=10790"},"modified":"2025-11-04T13:38:00","modified_gmt":"2025-11-04T16:38:00","slug":"apexbrasil-lanca-novo-nucleo-do-peiex-no-abc-paulista-e-baixada-santista","status":"publish","type":"post","link":"https:\/\/noticiasregionais.com.br\/?p=10790","title":{"rendered":"ApexBrasil lan\u00e7a novo n\u00facleo do PEIEX no ABC Paulista e Baixada Santista"},"content":{"rendered":"<p><strong>Empresas de S\u00e3o Paulo que desejam come\u00e7ar a exportar ou avan\u00e7ar na internacionaliza\u00e7\u00e3o passaram a ter mais uma oportunidade para progredir. Isso porque a Ag\u00eancia Brasileira de Promo\u00e7\u00e3o de Exporta\u00e7\u00f5es e Investimentos <a href=\"https:\/\/apexbrasil.com.br\/\" target=\"_blank\" rel=\"noopener\">(ApexBrasil)<\/a> lan\u00e7ou, recentemente, o novo n\u00facleo do Programa de Qualifica\u00e7\u00e3o para Exporta\u00e7\u00e3o <a href=\"https:\/\/apexbrasil.com.br\/content\/apexbrasil\/br\/pt\/solucoes\/todas-as-solucoes\/programa-de-qualificacao-para-exportacao---peiex.html\" target=\"_blank\" rel=\"noopener\">(PEIEX)<\/a> voltado \u00e0s regi\u00f5es do ABC Paulista e da Baixada Santista.<\/strong><\/p>\n<p>O evento de lan\u00e7amento foi realizado no \u00faltimo dia 31 de outubro, na Escola SENAI Armando de Arruda Pereira, em S\u00e3o Caetano do Sul (SP). Entre outras quest\u00f5es, a iniciativa visa a ampliar a capilaridade do PEIEX no estado de S\u00e3o Paulo e levar a cultura exportadora a mais regi\u00f5es industriais do pa\u00eds. A a\u00e7\u00e3o foi desenvolvida em parceria com o Sebrae-SP e a Faculdade Sebrae.<\/p>\n<p><strong>Em uma primeira etapa, o programa pretende atender 350 empresas do ABC Paulista e da Baixada Santista. A cria\u00e7\u00e3o do novo n\u00facleo integrao objetivo de chegar a 2.425 empresas qualificadas no estado de S\u00e3o Paulo at\u00e9 2027. Os investimentos devem chegar a R$ 21 milh\u00f5es.<\/strong><\/p>\n<p>Na avalia\u00e7\u00e3o do diretor de Gest\u00e3o Corporativa da ApexBrasil, Floriano Pesaro, o Brasil vive um bom momento econ\u00f4mico e, por meio do PEIEX, o setor privado tem acesso a novas possibilidades de internacionaliza\u00e7\u00e3o, aumento da produtividade e ganhos de competitividade. Para ele, trata-se de uma oportunidade para os pequenos neg\u00f3cios evolu\u00edrem dentro e fora do Brasil.<\/p>\n<p>&#8220;Um pa\u00eds que exporta tem melhores empregos. \u00c9 um pa\u00eds que tem renda mais alta, que ocupa um espa\u00e7o no mercado global, produzindo mais e produtos de melhor qualidade. N\u00f3s sempre achamos que exportar era coisa para grande, mas isso n\u00e3o \u00e9 verdade. Pequenos neg\u00f3cios conseguem exportar produtos de alt\u00edssima qualidade, com um valor agregado alt\u00edssimo e, com isso, desenvolvem o pa\u00eds&#8221;, destaca.<\/p>\n<h2>Import\u00e2ncia das MPEs na pauta exportadora<\/h2>\n<p>A cerim\u00f4nia tamb\u00e9m contou com a presen\u00e7a do vice-presidente da Rep\u00fablica e ministro do <a href=\"https:\/\/www.gov.br\/mdic\/pt-br\" target=\"_blank\" rel=\"noopener\">Desenvolvimento, Ind\u00fastria, Com\u00e9rcio e Servi\u00e7os<\/a>, Geraldo Alckmin. Na ocasi\u00e3o, ele refor\u00e7ou a import\u00e2ncia de estimular as micro e pequenas empresas a participarem do com\u00e9rcio internacional.<\/p>\n<p>\u201cA miss\u00e3o \u00e9 fazer mais empresas exportarem. O PEIEX est\u00e1 voltado ao ABC Paulista e \u00e0 Baixada Santista, ent\u00e3o vamos procurar estimular ainda mais a exporta\u00e7\u00e3o\u201d, pontua Alckmin.<\/p>\n<p>\u201cPara impulsionar as pequenas empresas, o presidente Lula lan\u00e7ou o Acredita Exporta\u00e7\u00e3o, que garante um cr\u00e9dito de 3,1% do valor exportado \u00e0s micro e pequenas empresas \u2014 um incentivo antecipado que melhora a competitividade e apoia quem est\u00e1 come\u00e7ando a exportar. O PEIEX \u00e9 justamente o primeiro passo dessa jornada: capacitar e preparar as empresas para conquistar novos mercados\u201d, complementa.<\/p>\n<h2>Atendimento personalizado e sem custo<\/h2>\n<p>Segundo a gerente de Competitividade da ApexBrasil, Clarissa Furtado, no PEIEX, cada empresa \u00e9 atendida de forma personalizada por um t\u00e9cnico de com\u00e9rcio exterior, e que n\u00e3o h\u00e1 custo para participar do programa.<\/p>\n<p>\u201cS\u00e3o 38 t\u00f3picos trabalhados, que v\u00e3o desde como elaborar um contrato internacional, lidar com log\u00edstica e encontrar clientes at\u00e9 o planejamento estrat\u00e9gico completo da exporta\u00e7\u00e3o. \u00c9 um processo de aprendizado estruturado para que as empresas exportem de forma sustent\u00e1vel\u201d, afirma.<\/p>\n<p><a href=\"https:\/\/brasil61.com\/n\/apexbrasil-defende-avanco-do-acordo-mercosul-uniao-europeia-em-evento-sobre-parceria-estrategica-dos-blocos-na-belgica-apex250079\" target=\"_blank\" rel=\"noopener\">ApexBrasil defende avan\u00e7o do Acordo Mercosul-Uni\u00e3o Europeia em evento sobre parceria estrat\u00e9gica dos blocos, na B\u00e9lgica<\/a><\/p>\n<p><a href=\"https:\/\/brasil61.com\/n\/brasil-fecha-novos-acordos-com-indonesia-e-malasia-e-reforca-dialogo-com-asean-apex250078\" target=\"_blank\" rel=\"noopener\">Brasil fecha novos acordos com Indon\u00e9sia e Mal\u00e1sia e refor\u00e7a di\u00e1logo com ASEAN<\/a><\/p>\n<p>O evento tamb\u00e9m contou com a presen\u00e7a do ministro do Empreendedorismo, da Microempresa e da Empresa de Pequeno Porte, M\u00e1rcio Fran\u00e7a; do especialista da Ger\u00eancia de Intelig\u00eancia de Mercado da ApexBrasil, Rodrigo Wutke; de representantes do Sebrae-SP, da Faculdade Sebrae, de prefeituras locais e de empresas participantes do programa, entre outros nomes.<\/p>\n<h2>PEIEX<\/h2>\n<p><strong>O Programa de Qualifica\u00e7\u00e3o para Exporta\u00e7\u00e3o (PEIEX) foi criado em 2004 c<\/strong>om o intuito de oferecer capacita\u00e7\u00e3o gratuita e personalizada para empresas que pretendem iniciar ou aprimorar suas exporta\u00e7\u00f5es.<\/p>\n<p><strong>At\u00e9 o momento, a iniciativa j\u00e1 qualificou mais de 30 mil empresas do Brasil. Juntas, essas companhias foram respons\u00e1veis pela exporta\u00e7\u00e3o de aproximadamente US$ 3,6 bilh\u00f5es, entre 2017 e 2023. Somente em S\u00e3o Paulo, o programa j\u00e1 beneficiou 3,9 mil empresas, desde 2010.<\/strong><br \/>\n\u00a0<\/p>\n<p>\t\t\t\t\t\t\t\t\t<img decoding=\"async\" src=\"https:\/\/brasil61.com\/api\/v1\/serve_pixel\/22254\/85626\" alt=\"Pixel Brasil 61\" class=\"b61_pixel\" width=\"0\" height=\"0\"><\/p>\n<div class=\"br61_backlink\">\n<p>\n\t\t\t\tFonte: <a href=\"https:\/\/brasil61.com\/apexbrasil-lanca-novo-nucleo-do-peiex-no-abc-paulista-e-baixada-santista-apex250080\" title=\"Artigo Original: ApexBrasil lan\u00e7a novo n\u00facleo do PEIEX no ABC Paulista e Baixada Santista\" target=\"_blank\" rel=\"noopener\">Brasil 61<\/a>\n\t\t\t<\/p>\n<\/p><\/div>\n<input type=\"hidden\" id=\"baseurl\" value=\"https:\/\/noticiasregionais.com.br\"><input type=\"hidden\" id=\"audio_nonce\" value=\"5c13e0637f\">","protected":false},"excerpt":{"rendered":"<p>O programa pretende atender 350 empresas das duas regi\u00f5es do estado<\/p>\n","protected":false},"author":1,"featured_media":10791,"comment_status":"","ping_status":"open","sticky":false,"template":"","format":"standard","meta":{"sfsi_plus_gutenberg_text_before_share":"","sfsi_plus_gutenberg_show_text_before_share":"","sfsi_plus_gutenberg_icon_type":"","sfsi_plus_gutenberg_icon_alignemt":"","sfsi_plus_gutenburg_max_per_row":"","footnotes":""},"categories":[8],"tags":[],"class_list":["post-10790","post","type-post","status-publish","format-standard","has-post-thumbnail","hentry","category-brasil"],"_links":{"self":[{"href":"https:\/\/noticiasregionais.com.br\/index.php?rest_route=\/wp\/v2\/posts\/10790","targetHints":{"allow":["GET"]}}],"collection":[{"href":"https:\/\/noticiasregionais.com.br\/index.php?rest_route=\/wp\/v2\/posts"}],"about":[{"href":"https:\/\/noticiasregionais.com.br\/index.php?rest_route=\/wp\/v2\/types\/post"}],"author":[{"embeddable":true,"href":"https:\/\/noticiasregionais.com.br\/index.php?rest_route=\/wp\/v2\/users\/1"}],"replies":[{"embeddable":true,"href":"https:\/\/noticiasregionais.com.br\/index.php?rest_route=%2Fwp%2Fv2%2Fcomments&post=10790"}],"version-history":[{"count":0,"href":"https:\/\/noticiasregionais.com.br\/index.php?rest_route=\/wp\/v2\/posts\/10790\/revisions"}],"wp:featuredmedia":[{"embeddable":true,"href":"https:\/\/noticiasregionais.com.br\/index.php?rest_route=\/wp\/v2\/media\/10791"}],"wp:attachment":[{"href":"https:\/\/noticiasregionais.com.br\/index.php?rest_route=%2Fwp%2Fv2%2Fmedia&parent=10790"}],"wp:term":[{"taxonomy":"category","embeddable":true,"href":"https:\/\/noticiasregionais.com.br\/index.php?rest_route=%2Fwp%2Fv2%2Fcategories&post=10790"},{"taxonomy":"post_tag","embeddable":true,"href":"https:\/\/noticiasregionais.com.br\/index.php?rest_route=%2Fwp%2Fv2%2Ftags&post=10790"}],"curies":[{"name":"wp","href":"https:\/\/api.w.org\/{rel}","templated":true}]}}