{"id":1080,"date":"2023-11-07T19:30:56","date_gmt":"2023-11-07T22:30:56","guid":{"rendered":"https:\/\/noticiasregionais.com.br\/?p=1080"},"modified":"2023-11-07T19:31:08","modified_gmt":"2023-11-07T22:31:08","slug":"equipes-da-pm-em-ourinhos-prendem-2-por-trafico-de-drogas-com-apoio-do-k9-do-baep","status":"publish","type":"post","link":"https:\/\/noticiasregionais.com.br\/?p=1080","title":{"rendered":"Equipes da PM em Ourinhos prendem 2 por tr\u00e1fico de drogas com apoio do K9 do BAEP"},"content":{"rendered":"\n<p>Em uma a\u00e7\u00e3o conjunta, equipes da Pol\u00edcia Militar, por meio da Equipe K9 do 13\u00ba BAEP e do Pelot\u00e3o de For\u00e7a T\u00e1tica do 31\u00b0 BPM\/I, prenderam dois homens por tr\u00e1fico de drogas na manh\u00e3 desta ter\u00e7a-feira (7), em Ourinhos.<\/p>\n\n\n\n<p>A pris\u00e3o ocorreu ap\u00f3s equipes de For\u00e7a T\u00e1tica abordarem dois indiv\u00edduos que haviam empreendido fuga dentro de um clube social da Prefeitura Municipal de Ourinhos. Durante a fuga, os indiv\u00edduos dispensaram droga pelo caminho.<\/p>\n\n\n\n<p>A Equipe K9 do 13\u00b0 BAEP foi ent\u00e3o acionada e, ap\u00f3s o emprego do c\u00e3o policial, foram localizadas 22 por\u00e7\u00f5es de maconha (0,044 gramas) e 02 por\u00e7\u00f5es de crack (0,018 gramas).<\/p>\n\n\n\n<p>Os dois indiv\u00edduos, identificados como \u00cdcaro M. S. (18 anos) e Jos\u00e9 A. S. L. (22 anos), foram presos em flagrante por tr\u00e1fico de drogas e associa\u00e7\u00e3o ao tr\u00e1fico. Eles foram encaminhados \u00e0 Central de Pol\u00edcia Judici\u00e1ria de Ourinhos, onde a Autoridade Policial ratificou a pris\u00e3o dos indiciados, que permaneceram \u00e0 disposi\u00e7\u00e3o da Justi\u00e7a.<\/p>\n\n\n\n<p>O combate ao tr\u00e1fico de drogas \u00e9 uma das prioridades da Pol\u00edcia Militar, pois esse crime causa diversos problemas sociais, como viol\u00eancia, criminalidade e depend\u00eancia qu\u00edmica. A PM refor\u00e7a o seu compromisso de continuar trabalhando para garantir a seguran\u00e7a e o bem-estar da popula\u00e7\u00e3o.<\/p>\n\n\n\n<figure class=\"wp-block-embed is-type-video is-provider-youtube wp-block-embed-youtube wp-embed-aspect-16-9 wp-has-aspect-ratio\"><div class=\"wp-block-embed__wrapper\">\n<iframe loading=\"lazy\" title=\"Equipes da PM em Ourinhos prendem 2 por tr\u00e1fico com apoio do K9 do BAEP #policia #policiasp #baep\" width=\"640\" height=\"360\" src=\"https:\/\/www.youtube.com\/embed\/bSZ38q6PN9k?feature=oembed\" frameborder=\"0\" allow=\"accelerometer; autoplay; clipboard-write; encrypted-media; gyroscope; picture-in-picture; web-share\" referrerpolicy=\"strict-origin-when-cross-origin\" allowfullscreen><\/iframe>\n<\/div><\/figure>\n<input type=\"hidden\" id=\"baseurl\" value=\"https:\/\/noticiasregionais.com.br\"><input type=\"hidden\" id=\"audio_nonce\" value=\"533fbb67b1\">","protected":false},"excerpt":{"rendered":"<p>Em uma a\u00e7\u00e3o conjunta, equipes da Pol\u00edcia Militar, por meio da Equipe K9 do 13\u00ba BAEP e do Pelot\u00e3o de&hellip;<\/p>\n","protected":false},"author":1,"featured_media":1081,"comment_status":"closed","ping_status":"open","sticky":false,"template":"","format":"standard","meta":{"sfsi_plus_gutenberg_text_before_share":"","sfsi_plus_gutenberg_show_text_before_share":"","sfsi_plus_gutenberg_icon_type":"","sfsi_plus_gutenberg_icon_alignemt":"","sfsi_plus_gutenburg_max_per_row":"","footnotes":""},"categories":[5,12,1],"tags":[],"class_list":["post-1080","post","type-post","status-publish","format-standard","has-post-thumbnail","hentry","category-ourinhos","category-capa","category-noticias"],"_links":{"self":[{"href":"https:\/\/noticiasregionais.com.br\/index.php?rest_route=\/wp\/v2\/posts\/1080","targetHints":{"allow":["GET"]}}],"collection":[{"href":"https:\/\/noticiasregionais.com.br\/index.php?rest_route=\/wp\/v2\/posts"}],"about":[{"href":"https:\/\/noticiasregionais.com.br\/index.php?rest_route=\/wp\/v2\/types\/post"}],"author":[{"embeddable":true,"href":"https:\/\/noticiasregionais.com.br\/index.php?rest_route=\/wp\/v2\/users\/1"}],"replies":[{"embeddable":true,"href":"https:\/\/noticiasregionais.com.br\/index.php?rest_route=%2Fwp%2Fv2%2Fcomments&post=1080"}],"version-history":[{"count":1,"href":"https:\/\/noticiasregionais.com.br\/index.php?rest_route=\/wp\/v2\/posts\/1080\/revisions"}],"predecessor-version":[{"id":1082,"href":"https:\/\/noticiasregionais.com.br\/index.php?rest_route=\/wp\/v2\/posts\/1080\/revisions\/1082"}],"wp:featuredmedia":[{"embeddable":true,"href":"https:\/\/noticiasregionais.com.br\/index.php?rest_route=\/wp\/v2\/media\/1081"}],"wp:attachment":[{"href":"https:\/\/noticiasregionais.com.br\/index.php?rest_route=%2Fwp%2Fv2%2Fmedia&parent=1080"}],"wp:term":[{"taxonomy":"category","embeddable":true,"href":"https:\/\/noticiasregionais.com.br\/index.php?rest_route=%2Fwp%2Fv2%2Fcategories&post=1080"},{"taxonomy":"post_tag","embeddable":true,"href":"https:\/\/noticiasregionais.com.br\/index.php?rest_route=%2Fwp%2Fv2%2Ftags&post=1080"}],"curies":[{"name":"wp","href":"https:\/\/api.w.org\/{rel}","templated":true}]}}