{"id":10802,"date":"2025-11-04T17:06:00","date_gmt":"2025-11-04T20:06:00","guid":{"rendered":"https:\/\/noticiasregionais.com.br\/?p=10802"},"modified":"2025-11-04T17:06:00","modified_gmt":"2025-11-04T20:06:00","slug":"nomes-do-brasil-maria-e-jose-seguem-no-topo-do-ranking","status":"publish","type":"post","link":"https:\/\/noticiasregionais.com.br\/?p=10802","title":{"rendered":"Nomes do Brasil: Maria e Jos\u00e9 seguem no topo do ranking"},"content":{"rendered":"<p>O <a href=\"https:\/\/censo2022.ibge.gov.br\/nomes\" target=\"_blank\" rel=\"noopener\">levantamento de nomes mais frequentes no Brasil<\/a>, atualizados pelo Censo Demogr\u00e1fico 2022 do IBGE aponta que <strong>Maria e Jos\u00e9<\/strong> continuam sendo os nomes mais frequentes no pa\u00eds desde a \u00faltima edi\u00e7\u00e3o, de 2010.<strong> Esta edi\u00e7\u00e3o traz a novidade da inclus\u00e3o de sobrenomes no mapeamento \u2013 sendo que Silva lidera em n\u00fameros de registros, identificando 16,76% da popula\u00e7\u00e3o.<\/strong><\/p>\n<p>O site disponibiliza os nomes e sobrenomes organizados por g\u00eanero, per\u00edodo de nascimento da pessoa e letra inicial. Ao acessar o site, \u00e9 poss\u00edvel gerar rankings de nomes e sobrenomes conforme o local selecionado pelo usu\u00e1rio: Brasil, unidades da federa\u00e7\u00e3o ou munic\u00edpios.<\/p>\n<p><strong>Foram contabilizados quase 130 mil nomes pr\u00f3prios. J\u00e1 os sobrenomes somaram mais de 200 mil.\u00a0<\/strong><\/p>\n<p>Na plataforma, \u00e9 poss\u00edvel saber o n\u00famero total de pessoas registradas e a concentra\u00e7\u00e3o de registros por local. Al\u00e9m disso, tamb\u00e9m h\u00e1 como saber a frequ\u00eancia de registros por d\u00e9cada.\u00a0<\/p>\n<p>Por exemplo, ap\u00f3s o cruzamento de gr\u00e1ficos de incid\u00eancia, a pesquisa aponta que Osvaldo e Terezinha deram lugar a Gael e Helena. \u00a0<\/p>\n<h2>Curiosidades por concentra\u00e7\u00e3o de nomes por munic\u00edpio\u00a0<\/h2>\n<p>Ao consultar os nomes mais frequentes no ranking, \u00e9 poss\u00edvel notar que em<strong> Morrinhos (CE) e Bela Cruz (CE), a cada 100 pessoas, 22 se chamam Maria \u2013 representando 22,30% e 22,21% do total da popula\u00e7\u00e3o das respectivas cidades.\u00a0<\/strong><\/p>\n<p>Na cidade de<strong> Santana do Acara\u00fa (CE), a cada 10 pessoas, 1 se chama Ana \u2013 equivalente a 10,41% do total da popula\u00e7\u00e3o.\u00a0<\/strong><\/p>\n<p><strong>J\u00e1 em Buriti dos Montes (PI), a curiosidade ocorre com o nome Antonio \u2013 sendo registrado em 10,06% do total dos moradores.\u00a0<\/strong><\/p>\n<p>Entre os sobrenomes,<strong> 43,38% dos cidad\u00e3os de Sergipe possuem &#8220;Santos&#8221; no registro. J\u00e1 em Alagoas e Pernambuco, o sobrenome &#8220;Silva&#8221; lidera o ranking. O sobrenome est\u00e1 em mais de um ter\u00e7o dos registros das popula\u00e7\u00f5es de ambos os estados \u2013 35,75% e 34,23%, respectivamente.<\/strong><\/p>\n<h2>Nomes no Mundo<\/h2>\n<p>O site traz outra novidade, o mapa-m\u00fandi \u201cNomes no Mundo\u201d. A ferramenta possibilita navegar pelo mapa e descobrir os nomes e sobrenomes mais comuns nos respectivos pa\u00edses. Nesse caso, h\u00e1 como fazer a compara\u00e7\u00e3o com a quantidade de brasileiros registrados com os nomes exibidos no mapa, com base no banco de dados atualizado pelo Censo 2022.<\/p>\n<h2>Sigilo Estat\u00edstico<\/h2>\n<p>Conforme a Ag\u00eancia de Not\u00edcias do IBGE, dependendo da singularidade do nome ou sobrenome buscado, o dado poder\u00e1 ser ocultado para garantir o sigilo estat\u00edstico, por exemplo, em caso de termos com menos de 20 incid\u00eancias no pa\u00eds.<\/p>\n<h2>Pesquisa Nomes no Brasil<\/h2>\n<p>O projeto Nomes no Brasil \u00e9 baseado nas listas de moradores dos domic\u00edlios em 1\u00ba de agosto de 2022, data de refer\u00eancia do Censo 2022.\u00a0<\/p>\n<p>O sexo dos moradores tamb\u00e9m reflete exclusivamente a informa\u00e7\u00e3o declarada no momento da coleta do question\u00e1rio. Por esses motivos, podem existir diferen\u00e7as entre os nomes coletados em 2010 e os coletados em 2022.<\/p>\n<p>\t\t\t\t\t\t\t\t\t<img decoding=\"async\" src=\"https:\/\/brasil61.com\/api\/v1\/serve_pixel\/22254\/85642\" alt=\"Pixel Brasil 61\" class=\"b61_pixel\" width=\"0\" height=\"0\"><\/p>\n<div class=\"br61_backlink\">\n<p>\n\t\t\t\tFonte: <a href=\"https:\/\/brasil61.com\/nomes-do-brasil-maria-e-jose-seguem-no-topo-do-ranking-bras2515077\" title=\"Artigo Original: Nomes do Brasil: Maria e Jos\u00e9 seguem no topo do ranking \" target=\"_blank\" rel=\"noopener\">Brasil 61<\/a>\n\t\t\t<\/p>\n<\/p><\/div>\n<input type=\"hidden\" id=\"baseurl\" value=\"https:\/\/noticiasregionais.com.br\"><input type=\"hidden\" id=\"audio_nonce\" value=\"5c13e0637f\">","protected":false},"excerpt":{"rendered":"<p>IBGE lan\u00e7a nova edi\u00e7\u00e3o do Nomes no Brasil, cujo levantamento agora tamb\u00e9m inclui sobrenomes, com Silva sendo l\u00edder de registros de 16,76% da popula\u00e7\u00e3o <\/p>\n","protected":false},"author":1,"featured_media":10803,"comment_status":"","ping_status":"open","sticky":false,"template":"","format":"standard","meta":{"sfsi_plus_gutenberg_text_before_share":"","sfsi_plus_gutenberg_show_text_before_share":"","sfsi_plus_gutenberg_icon_type":"","sfsi_plus_gutenberg_icon_alignemt":"","sfsi_plus_gutenburg_max_per_row":"","footnotes":""},"categories":[8],"tags":[],"class_list":["post-10802","post","type-post","status-publish","format-standard","has-post-thumbnail","hentry","category-brasil"],"_links":{"self":[{"href":"https:\/\/noticiasregionais.com.br\/index.php?rest_route=\/wp\/v2\/posts\/10802","targetHints":{"allow":["GET"]}}],"collection":[{"href":"https:\/\/noticiasregionais.com.br\/index.php?rest_route=\/wp\/v2\/posts"}],"about":[{"href":"https:\/\/noticiasregionais.com.br\/index.php?rest_route=\/wp\/v2\/types\/post"}],"author":[{"embeddable":true,"href":"https:\/\/noticiasregionais.com.br\/index.php?rest_route=\/wp\/v2\/users\/1"}],"replies":[{"embeddable":true,"href":"https:\/\/noticiasregionais.com.br\/index.php?rest_route=%2Fwp%2Fv2%2Fcomments&post=10802"}],"version-history":[{"count":0,"href":"https:\/\/noticiasregionais.com.br\/index.php?rest_route=\/wp\/v2\/posts\/10802\/revisions"}],"wp:featuredmedia":[{"embeddable":true,"href":"https:\/\/noticiasregionais.com.br\/index.php?rest_route=\/wp\/v2\/media\/10803"}],"wp:attachment":[{"href":"https:\/\/noticiasregionais.com.br\/index.php?rest_route=%2Fwp%2Fv2%2Fmedia&parent=10802"}],"wp:term":[{"taxonomy":"category","embeddable":true,"href":"https:\/\/noticiasregionais.com.br\/index.php?rest_route=%2Fwp%2Fv2%2Fcategories&post=10802"},{"taxonomy":"post_tag","embeddable":true,"href":"https:\/\/noticiasregionais.com.br\/index.php?rest_route=%2Fwp%2Fv2%2Ftags&post=10802"}],"curies":[{"name":"wp","href":"https:\/\/api.w.org\/{rel}","templated":true}]}}