{"id":10804,"date":"2025-11-04T16:45:00","date_gmt":"2025-11-04T19:45:00","guid":{"rendered":"https:\/\/noticiasregionais.com.br\/?p=10804"},"modified":"2025-11-04T16:45:00","modified_gmt":"2025-11-04T19:45:00","slug":"brasil-antenado-em-roraima-saiba-como-solicitar-a-antena-digital-gratuita","status":"publish","type":"post","link":"https:\/\/noticiasregionais.com.br\/?p=10804","title":{"rendered":"Brasil Antenado em Roraima: saiba como solicitar a antena digital gratuita"},"content":{"rendered":"<p>\t\t\t\t\t\t\t\t\t\t<audio controls class=\"b61_audio_player\" data-noticia=\"85635\" src=\"https:\/\/brasil61.com\/rails\/active_storage\/blobs\/eyJfcmFpbHMiOnsibWVzc2FnZSI6IkJBaHBBMSs1QXc9PSIsImV4cCI6bnVsbCwicHVyIjoiYmxvYl9pZCJ9fQ==--b0e510e1c03494a110c9025641e4f2fcf5fabf2e\/BRAS2515075A\"><\/audio><\/p>\n<p><strong>Roraima recebe o <a href=\"https:\/\/www.brasilantenado.org.br\/\" target=\"_blank\" rel=\"noopener\">programa Brasil Antenado<\/a>, que entrega antenas parab\u00f3licas gr\u00e1tis para fam\u00edlias de baixa renda cadastradas no Cad\u00danico<\/strong>. <strong>Nesta Fase B, a iniciativa alcan\u00e7a os munic\u00edpios de Alto Alegre (RR), Amajari (RR) e Uiramut\u00e3 (RR)<\/strong>. No total, 9 mil fam\u00edlias destas localidades est\u00e3o aptas a solicitarem o benef\u00edcio.<\/p>\n<p>O programa, <strong>voltado a regi\u00f5es do pa\u00eds que n\u00e3o t\u00eam acesso a sinal de TV ou enfrentam dificuldades com sinal fraco ou inst\u00e1vel<\/strong>, \u00e9 uma iniciativa do Minist\u00e9rio das Comunica\u00e7\u00f5es (MCom) e da Ag\u00eancia Nacional de Telecomunica\u00e7\u00f5es (Anatel), executado pela Entidade Administradora da Faixa (EAF).<\/p>\n<p>O CEO da EAF, Leandro Guerra, explica que <strong>o objetivo do Brasil Antenado \u00e9 garantir que todas as fam\u00edlias brasileiras tenham acesso \u00e0 informa\u00e7\u00e3o de qualidade, entendida como um direito fundamental<\/strong>. \u201c\u00c9 uma pol\u00edtica p\u00fablica para redu\u00e7\u00e3o de desigualdades, aproximando os cidad\u00e3os brasileiros de conte\u00fados educativos, jornal\u00edsticos e culturais\u201d, destaca Guerra.<\/p>\n<p>Com a nova antena digital, as fam\u00edlias passam a contar com uma programa\u00e7\u00e3o com imagem e som de alta qualidade, maior estabilidade de sinal e acesso a mais de 100 canais gratuitos de televis\u00e3o aberta.<\/p>\n<p>A agricultora Ang\u00e9lica Farias Freitas, que mora em Monsenhor Tabosa (CE), munic\u00edpio da regi\u00e3o dos Sert\u00f5es Cearenses que tamb\u00e9m faz parte do programa, soube da abertura do cadastro em sua cidade pelo r\u00e1dio. Na ocasi\u00e3o, j\u00e1 n\u00e3o conseguia mais ver pela televis\u00e3o seus programas favoritos, por falta de sinal. Entre a realiza\u00e7\u00e3o do cadastro e a instala\u00e7\u00e3o da antena, foram tr\u00eas dias de espera.<\/p>\n<p>\u201cEscutei no r\u00e1dio e outros amigos meus falaram: \u2018olha, est\u00e3o fazendo o cadastro\u2019. E fiz. Deu certo e pensei que ia demorar, mas foi rapidinho.\u201d<\/p>\n<h2>Brasil Antenado: como solicitar a antena digital?<\/h2>\n<p>Para receber o equipamento, o <strong>benefici\u00e1rio deve estar inscrito no Cad\u00danico, possuir um aparelho de televis\u00e3o e residir em um dos munic\u00edpios contemplados pelo programa<\/strong>.<\/p>\n<p><strong>A instala\u00e7\u00e3o pode ser agendada pelo site ou pelo telefone 0800 729 2404, que tamb\u00e9m recebe mensagens via WhatsApp<\/strong>. Todo o <strong>processo \u00e9 gratuito e inclui o fornecimento e a instala\u00e7\u00e3o da nova antena digital<\/strong>.<\/p>\n<p>N\u00e3o \u00e9 necess\u00e1rio ter uma parab\u00f3lica antiga para solicitar o agendamento. O programa instala antenas novas nas resid\u00eancias.<\/p>\n<h2>Brasil Antenado: munic\u00edpios roraimenses contemplados na Fase B<\/h2>\n<p>\n\u25cf\u00a0\u00a0 \u00a0Alto Alegre (RR)<br \/>\n\u25cf\u00a0\u00a0 \u00a0Amajari (RR)<br \/>\n\u25cf\u00a0\u00a0 \u00a0Uiramut\u00e3 (RR)<\/p>\n<h2>\nBrasil Antenado: cronograma<\/h2>\n<p>O programa Brasil Antenado ser\u00e1 implementado em 323 munic\u00edpios de 16 estados brasileiros. A execu\u00e7\u00e3o ocorre em tr\u00eas etapas, sendo duas j\u00e1 em andamento:<br \/>\n\u25cf\u00a0\u00a0 \u00a0Fase A (14\/07\/2025\u201313\/12\/25): 77 munic\u00edpios, em 6 estados (MA, PI, PA, CE, RN e PE) mais de 220 mil fam\u00edlias aptas.<br \/>\n\u25cf\u00a0\u00a0 \u00a0Fase B (13\/10\/2025 &#8211; 13\/03\/2026): 138 munic\u00edpios, em 5 estados (TO, PA, RR, PI, MA) &#8211; mais de 229 mil fam\u00edlias aptas.<br \/>\n\u25cf\u00a0\u00a0 \u00a0Fase C (12\/01\/2026 &#8211; 13\/06\/2026): 108 cidades, em 8 estados (ES, MG, GO, BA, MT, MS, RO, RS), sendo mais de 222 mil fam\u00edlias aptas.<br \/>\n\u00a0<\/p>\n<p>\t\t\t\t\t\t\t\t\t<img decoding=\"async\" src=\"https:\/\/brasil61.com\/api\/v1\/serve_pixel\/22254\/85635\" alt=\"Pixel Brasil 61\" class=\"b61_pixel\" width=\"0\" height=\"0\"><\/p>\n<div class=\"br61_backlink\">\n<p>\n\t\t\t\tFonte: <a href=\"https:\/\/brasil61.com\/brasil-antenado-em-roraima-saiba-como-solicitar-a-antena-digital-gratuita-bras2515075\" title=\"Artigo Original: Brasil Antenado em Roraima: saiba como solicitar a antena digital gratuita\" target=\"_blank\" rel=\"noopener\">Brasil 61<\/a>\n\t\t\t<\/p>\n<\/p><\/div>\n<input type=\"hidden\" id=\"baseurl\" value=\"https:\/\/noticiasregionais.com.br\"><input type=\"hidden\" id=\"audio_nonce\" value=\"533fbb67b1\">","protected":false},"excerpt":{"rendered":"<p>Programa beneficia cadastrados no Cad\u00danico dos munic\u00edpios de Alto Alegre (RR), Amajari (RR) e Uiramut\u00e3 (RR); 9 mil fam\u00edlias est\u00e3o aptas a receber as novas parab\u00f3licas<\/p>\n","protected":false},"author":1,"featured_media":10805,"comment_status":"","ping_status":"open","sticky":false,"template":"","format":"standard","meta":{"sfsi_plus_gutenberg_text_before_share":"","sfsi_plus_gutenberg_show_text_before_share":"","sfsi_plus_gutenberg_icon_type":"","sfsi_plus_gutenberg_icon_alignemt":"","sfsi_plus_gutenburg_max_per_row":"","footnotes":""},"categories":[8],"tags":[],"class_list":["post-10804","post","type-post","status-publish","format-standard","has-post-thumbnail","hentry","category-brasil"],"_links":{"self":[{"href":"https:\/\/noticiasregionais.com.br\/index.php?rest_route=\/wp\/v2\/posts\/10804","targetHints":{"allow":["GET"]}}],"collection":[{"href":"https:\/\/noticiasregionais.com.br\/index.php?rest_route=\/wp\/v2\/posts"}],"about":[{"href":"https:\/\/noticiasregionais.com.br\/index.php?rest_route=\/wp\/v2\/types\/post"}],"author":[{"embeddable":true,"href":"https:\/\/noticiasregionais.com.br\/index.php?rest_route=\/wp\/v2\/users\/1"}],"replies":[{"embeddable":true,"href":"https:\/\/noticiasregionais.com.br\/index.php?rest_route=%2Fwp%2Fv2%2Fcomments&post=10804"}],"version-history":[{"count":0,"href":"https:\/\/noticiasregionais.com.br\/index.php?rest_route=\/wp\/v2\/posts\/10804\/revisions"}],"wp:featuredmedia":[{"embeddable":true,"href":"https:\/\/noticiasregionais.com.br\/index.php?rest_route=\/wp\/v2\/media\/10805"}],"wp:attachment":[{"href":"https:\/\/noticiasregionais.com.br\/index.php?rest_route=%2Fwp%2Fv2%2Fmedia&parent=10804"}],"wp:term":[{"taxonomy":"category","embeddable":true,"href":"https:\/\/noticiasregionais.com.br\/index.php?rest_route=%2Fwp%2Fv2%2Fcategories&post=10804"},{"taxonomy":"post_tag","embeddable":true,"href":"https:\/\/noticiasregionais.com.br\/index.php?rest_route=%2Fwp%2Fv2%2Ftags&post=10804"}],"curies":[{"name":"wp","href":"https:\/\/api.w.org\/{rel}","templated":true}]}}