{"id":10822,"date":"2025-11-05T17:29:00","date_gmt":"2025-11-05T20:29:00","guid":{"rendered":"https:\/\/noticiasregionais.com.br\/?p=10822"},"modified":"2025-11-05T17:29:00","modified_gmt":"2025-11-05T20:29:00","slug":"sustentabilidade-industria-brasileira-reconhece-importancia-da-bioeconomia-para-o-futuro-do-setor","status":"publish","type":"post","link":"https:\/\/noticiasregionais.com.br\/?p=10822","title":{"rendered":"SUSTENTABILIDADE: ind\u00fastria brasileira reconhece import\u00e2ncia da bioeconomia para o futuro do setor"},"content":{"rendered":"<p>Um levantamento divulgado nesta quarta-feira (5) pela Confedera\u00e7\u00e3o Nacional da Ind\u00fastria <a href=\"https:\/\/cni.portaldaindustria.com.br\/pt\/\" target=\"_blank\" rel=\"noopener\">(CNI)<\/a> revela que 70% dos empres\u00e1rios avaliam a bioeconomia como importante para o futuro do setor industrial. Desse total, 20% consideram de total import\u00e2ncia, 35% muito importante e 20% mais ou menos importante.<\/p>\n<p>Al\u00e9m disso, mais de 80% dos executivos s\u00e3o favor\u00e1veis ao uso sustent\u00e1vel da biodiversidade como ativo estrat\u00e9gico das companhias. Os dados tamb\u00e9m apontam que 89% dos empres\u00e1rios defendem a utiliza\u00e7\u00e3o econ\u00f4mica e respons\u00e1vel dos recursos naturais, distribu\u00eddos da seguinte maneira:<\/p>\n<ul>\n<li>32% afirmam que a biodiversidade deve ser conservada, garantindo seu uso sustent\u00e1vel;<\/li>\n<li>29% defendem que ela deve fazer parte dos neg\u00f3cios de forma sustent\u00e1vel;<\/li>\n<li>28% acreditam que o tema deve ser integrado \u00e0s pol\u00edticas de responsabilidade socioambiental.<\/li>\n<\/ul>\n<p>Para o superintendente do Meio Ambiente e Sustentabilidade da CNI, Davi Bomtempo, atualmente, a sustentabilidade est\u00e1 presente na estrat\u00e9gia corporativa de muitas organiza\u00e7\u00f5es, o que tamb\u00e9m leva \u00e0 necessidade de investimento nas \u00e1reas de bioeconomia.<\/p>\n<p>\u201cO financiamento \u00e9 carro-chefe quando se fala de transi\u00e7\u00e3o para uma economia de baixo carbono. E fazer essa transi\u00e7\u00e3o custa caro. Por isso \u00e9 importante desenvolvermos mecanismos que promovam esse acesso. N\u00e3o tenho d\u00favida que desenvolver ou at\u00e9 mesmo criar uma \u00e1rea de sustentabilidade dentro de uma organiza\u00e7\u00e3o vai gerar valor, trabalhar a competitividade junto com a sustentabilidade\u201d, afirma.<\/p>\n<p>\u201cTem v\u00e1rias vantagens competitivas que passam pelo acesso a mercado, atendimento \u00e0 expectativa do consumidor, atendimento a um arcabou\u00e7o regulat\u00f3rio e, dessa forma, a empresa passa a ter um desenvolvimento mais robusto\u201d, acrescenta Bomtempo.<\/p>\n<p>Ainda de acordo com o levantamento, somente 5% dos entrevistados apoiam a preserva\u00e7\u00e3o total, sem uso econ\u00f4mico. Para a CNI, essa diferen\u00e7a \u00e9 significativa. A entidade considera que, enquanto preservar significa manter a natureza intocada, conservar est\u00e1 relacionado ao uso racional e sustent\u00e1vel dos recursos naturais. Este \u00faltimo ponto representa a vis\u00e3o majorit\u00e1ria dos empres\u00e1rios.<\/p>\n<p><a href=\"https:\/\/brasil61.com\/n\/faturamento-da-industria-recua-5-3-em-agosto-e-tem-quarto-resultado-negativo-no-ano-aponta-cni-pind254644\" target=\"_blank\" rel=\"noopener\">Faturamento da ind\u00fastria recua 5,3% em agosto e tem quarto resultado negativo no ano, aponta CNI<\/a><\/p>\n<p><a href=\"https:\/\/brasil61.com\/n\/cni-74-dos-industriais-avaliam-infraestrutura-do-norte-como-regular-ruim-ou-pessima-pind254652\" target=\"_blank\" rel=\"noopener\">74% dos industriais avaliam infraestrutura do Norte como regular, ruim ou p\u00e9ssima<\/a><\/p>\n<p>A pesquisa foi encomendada pela CNI ao Instituto de Pesquisas Nexus. O estudo ouviu 1.004 empresas industriais de pequeno, m\u00e9dio e grande portes em todas as regi\u00f5es do pa\u00eds, entre os dias 13 de agosto e 9 de setembro de 2025.<\/p>\n<h2>Avan\u00e7o da estrutura voltada \u00e0 sustentabilidade<\/h2>\n<p>Pelos termos da pesquisa, \u00e9 poss\u00edvel verificar que a sustentabilidade est\u00e1 cada vez mais incorporada \u00e0 estrutura formal das ind\u00fastrias do pa\u00eds, uma vez que praticamente metade das empresas (48%) possui uma \u00e1rea ou departamento espec\u00edfico para tratar do tema. Esse resultado corresponde a um salto de 7 pontos percentuais, na compara\u00e7\u00e3o com 2024, quando o \u00edndice atingiu 41%.<\/p>\n<h2>A\u00e7\u00f5es de sustentabilidade s\u00e3o alavancadas pelo custo competitivo<\/h2>\n<p>As companhias tamb\u00e9m foram questionadas sobre o que mais incentiva uma empresa a aumentar o uso de fontes renov\u00e1veis. Nesse caso, 55% responderam que \u00e9 o custo mais competitivo. Em seguida, o fator mais citado foram incentivos fiscais, apontados por 10% dos empres\u00e1rios. A redu\u00e7\u00e3o na emiss\u00e3o de poluentes aparece em terceiro, como resposta de 8% dos entrevistados.<\/p>\n<p>Para a CNI, esse quadro \u00e9 refletido pelas a\u00e7\u00f5es j\u00e1 implementadas na cadeia produtiva. A pesquisa mostra que as ind\u00fastrias adotam, em m\u00e9dia, seis a\u00e7\u00f5es de sustentabilidade em suas linhas de produ\u00e7\u00e3o. As iniciativas para reduzir a produ\u00e7\u00e3o de res\u00edduos s\u00f3lidos s\u00e3o as mais praticadas, citadas por 90% das companhias.<\/p>\n<p>J\u00e1 a otimiza\u00e7\u00e3o do consumo de energia \u00e9 destacada por 84% das empresas, enquanto a moderniza\u00e7\u00e3o de m\u00e1quinas para melhoria de aspectos ambientais foi apresentada por 78%.<\/p>\n<h2>Potencial brasileiro<\/h2>\n<p>O especialista em bioeconomia e engenheiro qu\u00edmico Armando Caldeira destaca que o Brasil tem apresentado avan\u00e7os nessa \u00e1rea, com a melhora de resultados no setor. Para ele, o pa\u00eds tem potencial para a implementa\u00e7\u00e3o total da bioeconomia.<\/p>\n<p>\u201cA bioeconomia \u00e9 aquela economia ligada principalmente ao uso da terra, no sentido de aproveitamento do CO2 da terra utilizada para incorporar o CO2 do ar no vegetal e depois no animal. Se pensarmos dessa forma, o potencial \u00e9 enorme\u201d, afirma.<\/p>\n<p>\u201cJ\u00e1 existe um sistema conceitual que est\u00e1 sendo aprimorado e que justamente visa otimizar os resultados dos processos econ\u00f4micos, mas n\u00e3o s\u00f3 do ponto de vista econ\u00f4mico, mas de como ter um sistema em termos de economia, ambiente e social\u201d, complementa Caldeira.<\/p>\n<h2>CNI presente na COP30<\/h2>\n<p>Prevista para ocorrer entre os dias 10 e 21 de novembro de 2025, em Bel\u00e9m (PA), a Confer\u00eancia das Na\u00e7\u00f5es Unidas sobre as Mudan\u00e7as Clim\u00e1ticas de 2025 (COP30) tamb\u00e9m contar\u00e1 com a presen\u00e7a da CNI. A entidade considera que o evento \u00e9 \u201cuma oportunidade para a ind\u00fastria brasileira mostrar suas melhores pr\u00e1ticas de sustentabilidade.\u201d<\/p>\n<p>A institui\u00e7\u00e3o ter\u00e1 um estande na Blue Zone da COP30, onde ser\u00e3o apresentados pain\u00e9is e reuni\u00f5es di\u00e1rias sobre bioeconomia e outros temas relacionados \u00e0 sustentabilidade, como economia circular, transi\u00e7\u00e3o energ\u00e9tica, mercado de carbono, financiamento clim\u00e1tico e novas tecnologias. A programa\u00e7\u00e3o conta com a participa\u00e7\u00e3o de especialistas e representantes de empresas como, por exemplo, Schneider Electric e JBS.<\/p>\n<h2>Representatividade da bioeconomia<\/h2>\n<p>O estudo <a href=\"https:\/\/www.iccbrasil.org\/wp-content\/uploads\/2025\/08\/ICC_Bioeconomia-do-Conhecimento_Agosto-2025_Resumo-Executivo.pdf\" target=\"_blank\" rel=\"noopener\">\u201cO Potencial do Brasil na Bioeconomia do Conhecimento\u201d<\/a>, elaborado pela ICC Brasil, aponta que o pa\u00eds pode movimentar entre US$ 100 bilh\u00f5es e US$ 140 bilh\u00f5es por ano at\u00e9 2032 com o fortalecimento desse setor, que combina ci\u00eancia, inova\u00e7\u00e3o e biodiversidade para criar produtos e solu\u00e7\u00f5es sustent\u00e1veis. O crescimento \u00e9 esperado principalmente nos segmentos de alimentos, agroneg\u00f3cio, sa\u00fade e cosm\u00e9ticos.\u00a0<br \/>\n\u00a0<\/p>\n<p>\t\t\t\t\t\t\t\t\t<img decoding=\"async\" src=\"https:\/\/brasil61.com\/api\/v1\/serve_pixel\/22254\/85662\" alt=\"Pixel Brasil 61\" class=\"b61_pixel\" width=\"0\" height=\"0\"><\/p>\n<div class=\"br61_backlink\">\n<p>\n\t\t\t\tFonte: <a href=\"https:\/\/brasil61.com\/sustentabilidade-industria-brasileira-reconhece-importancia-da-bioeconomia-para-o-futuro-do-setor-pind254670\" title=\"Artigo Original: SUSTENTABILIDADE: ind\u00fastria brasileira reconhece import\u00e2ncia da bioeconomia para o futuro do setor\" target=\"_blank\" rel=\"noopener\">Brasil 61<\/a>\n\t\t\t<\/p>\n<\/p><\/div>\n<input type=\"hidden\" id=\"baseurl\" value=\"https:\/\/noticiasregionais.com.br\"><input type=\"hidden\" id=\"audio_nonce\" value=\"5c13e0637f\">","protected":false},"excerpt":{"rendered":"<p>Levantamento mostra que 70% dos empres\u00e1rios consideram o tema essencial para a competitividade e 89% defendem o uso sustent\u00e1vel da biodiversidade como ativo estrat\u00e9gico das empresas<\/p>\n","protected":false},"author":1,"featured_media":10823,"comment_status":"","ping_status":"open","sticky":false,"template":"","format":"standard","meta":{"sfsi_plus_gutenberg_text_before_share":"","sfsi_plus_gutenberg_show_text_before_share":"","sfsi_plus_gutenberg_icon_type":"","sfsi_plus_gutenberg_icon_alignemt":"","sfsi_plus_gutenburg_max_per_row":"","footnotes":""},"categories":[8],"tags":[],"class_list":["post-10822","post","type-post","status-publish","format-standard","has-post-thumbnail","hentry","category-brasil"],"_links":{"self":[{"href":"https:\/\/noticiasregionais.com.br\/index.php?rest_route=\/wp\/v2\/posts\/10822","targetHints":{"allow":["GET"]}}],"collection":[{"href":"https:\/\/noticiasregionais.com.br\/index.php?rest_route=\/wp\/v2\/posts"}],"about":[{"href":"https:\/\/noticiasregionais.com.br\/index.php?rest_route=\/wp\/v2\/types\/post"}],"author":[{"embeddable":true,"href":"https:\/\/noticiasregionais.com.br\/index.php?rest_route=\/wp\/v2\/users\/1"}],"replies":[{"embeddable":true,"href":"https:\/\/noticiasregionais.com.br\/index.php?rest_route=%2Fwp%2Fv2%2Fcomments&post=10822"}],"version-history":[{"count":0,"href":"https:\/\/noticiasregionais.com.br\/index.php?rest_route=\/wp\/v2\/posts\/10822\/revisions"}],"wp:featuredmedia":[{"embeddable":true,"href":"https:\/\/noticiasregionais.com.br\/index.php?rest_route=\/wp\/v2\/media\/10823"}],"wp:attachment":[{"href":"https:\/\/noticiasregionais.com.br\/index.php?rest_route=%2Fwp%2Fv2%2Fmedia&parent=10822"}],"wp:term":[{"taxonomy":"category","embeddable":true,"href":"https:\/\/noticiasregionais.com.br\/index.php?rest_route=%2Fwp%2Fv2%2Fcategories&post=10822"},{"taxonomy":"post_tag","embeddable":true,"href":"https:\/\/noticiasregionais.com.br\/index.php?rest_route=%2Fwp%2Fv2%2Ftags&post=10822"}],"curies":[{"name":"wp","href":"https:\/\/api.w.org\/{rel}","templated":true}]}}