{"id":10828,"date":"2025-11-05T19:03:00","date_gmt":"2025-11-05T22:03:00","guid":{"rendered":"https:\/\/noticiasregionais.com.br\/?p=10828"},"modified":"2025-11-05T19:03:00","modified_gmt":"2025-11-05T22:03:00","slug":"soja-e-trigo-confira-as-cotacoes-de-preco-para-esta-quinta-feira-6","status":"publish","type":"post","link":"https:\/\/noticiasregionais.com.br\/?p=10828","title":{"rendered":"Soja e trigo: confira as cota\u00e7\u00f5es de pre\u00e7o para esta quinta-feira (6)"},"content":{"rendered":"<\/p>\n<p>A saca de 60 kg da soja, nesta quinta-feira (6), registra baixa no interior do Paran\u00e1 e no litoral do estado, em Paranagu\u00e1. Na primeira regi\u00e3o, o gr\u00e3o \u00e9 negociado a R$ 134,17, com queda de 0,22%, enquanto no litoral a cota\u00e7\u00e3o teve baixa de 0,11%, chegando a R$ 140,22.<\/p>\n<h3>\nINDICADOR DA SOJA CEPEA\/ESALQ &#8211; PARAN\u00c1<\/h3>\n<table id=\"indicador2-reais\">\n<thead>\n<tr>\n<th>Data<\/th>\n<th>Valor R$*<\/th>\n<th>Var.\/Dia<\/th>\n<th>Var.\/M\u00eas<\/th>\n<th>Valor US$*<\/th>\n<\/tr>\n<\/thead>\n<tbody>\n<tr>\n<td>05\/11\/2025<\/td>\n<td>134,17<\/td>\n<td>-0,22%<\/td>\n<td>0,44%<\/td>\n<td>25,04<\/td>\n<\/tr>\n<tr>\n<td>04\/11\/2025<\/td>\n<td>134,47<\/td>\n<td>0,30%<\/td>\n<td>0,67%<\/td>\n<td>24,91<\/td>\n<\/tr>\n<tr>\n<td>03\/11\/2025<\/td>\n<td>134,07<\/td>\n<td>0,37%<\/td>\n<td>0,37%<\/td>\n<td>25,03<\/td>\n<\/tr>\n<tr>\n<td>31\/10\/2025<\/td>\n<td>133,58<\/td>\n<td>-0,19%<\/td>\n<td>3,65%<\/td>\n<td>24,82<\/td>\n<\/tr>\n<tr>\n<td>30\/10\/2025<\/td>\n<td>133,84<\/td>\n<td>0,31%<\/td>\n<td>3,85%<\/td>\n<td>24,89<\/td>\n<\/tr>\n<\/tbody>\n<\/table>\n<h3>INDICADOR DA SOJA CEPEA\/ESALQ &#8211; PARANAGU\u00c1<\/h3>\n<table id=\"indicador1-reais\">\n<thead>\n<tr>\n<th>Data<\/th>\n<th>Valor R$*<\/th>\n<th>Var.\/Dia<\/th>\n<th>Var.\/M\u00eas<\/th>\n<th>Valor US$*<\/th>\n<\/tr>\n<\/thead>\n<tbody>\n<tr>\n<td>05\/11\/2025<\/td>\n<td>140,22<\/td>\n<td>-0,11%<\/td>\n<td>0,24%<\/td>\n<td>26,17<\/td>\n<\/tr>\n<tr>\n<td>04\/11\/2025<\/td>\n<td>140,38<\/td>\n<td>0,13%<\/td>\n<td>0,36%<\/td>\n<td>26,01<\/td>\n<\/tr>\n<tr>\n<td>03\/11\/2025<\/td>\n<td>140,20<\/td>\n<td>0,23%<\/td>\n<td>0,23%<\/td>\n<td>26,18<\/td>\n<\/tr>\n<tr>\n<td>31\/10\/2025<\/td>\n<td>139,88<\/td>\n<td>-0,26%<\/td>\n<td>4,68%<\/td>\n<td>25,99<\/td>\n<\/tr>\n<tr>\n<td>30\/10\/2025<\/td>\n<td>140,25<\/td>\n<td>0,67%<\/td>\n<td>4,96%<\/td>\n<td>26,08<\/td>\n<\/tr>\n<\/tbody>\n<\/table>\n<h2>Trigo<\/h2>\n<p>O pre\u00e7o do trigo apresenta alta de 0,28% no Paran\u00e1 e a tonelada \u00e9 negociada a R$ 1.200,52. E no Rio Grande do Sul, a tonelada do gr\u00e3o registra desvaloriza\u00e7\u00e3o de 1,59%, sendo cotada a R$ 1.054,15.<\/p>\n<h3>\nPRE\u00c7O M\u00c9DIO DO TRIGO CEPEA\/ESALQ &#8211; PARAN\u00c1<\/h3>\n<table id=\"indicador1-tonelada\">\n<thead>\n<tr>\n<th>Data<\/th>\n<th>Valor R$\/t*<\/th>\n<th>Var.\/Dia<\/th>\n<th>Var.\/M\u00eas<\/th>\n<th>Valor US$\/t*<\/th>\n<\/tr>\n<\/thead>\n<tbody>\n<tr>\n<td>05\/11\/2025<\/td>\n<td>1.200,52<\/td>\n<td>0,28%<\/td>\n<td>0,58%<\/td>\n<td>224,02<\/td>\n<\/tr>\n<tr>\n<td>04\/11\/2025<\/td>\n<td>1.197,19<\/td>\n<td>0,21%<\/td>\n<td>0,30%<\/td>\n<td>221,78<\/td>\n<\/tr>\n<tr>\n<td>03\/11\/2025<\/td>\n<td>1.194,71<\/td>\n<td>0,09%<\/td>\n<td>0,09%<\/td>\n<td>223,06<\/td>\n<\/tr>\n<tr>\n<td>31\/10\/2025<\/td>\n<td>1.193,61<\/td>\n<td>0,00%<\/td>\n<td>-5,33%<\/td>\n<td>221,82<\/td>\n<\/tr>\n<tr>\n<td>30\/10\/2025<\/td>\n<td>1.193,61<\/td>\n<td>0,10%<\/td>\n<td>-5,33%<\/td>\n<td>221,94<\/td>\n<\/tr>\n<\/tbody>\n<\/table>\n<h3>PRE\u00c7O M\u00c9DIO DO TRIGO CEPEA\/ESALQ &#8211; RIO GRANDE DO SUL<\/h3>\n<table id=\"indicador2-tonelada\">\n<thead>\n<tr>\n<th>Data<\/th>\n<th>Valor R$\/t*<\/th>\n<th>Var.\/Dia<\/th>\n<th>Var.\/M\u00eas<\/th>\n<th>Valor US$\/t*<\/th>\n<\/tr>\n<\/thead>\n<tbody>\n<tr>\n<td>05\/11\/2025<\/td>\n<td>1.054,15<\/td>\n<td>-1,59%<\/td>\n<td>-2,38%<\/td>\n<td>196,71<\/td>\n<\/tr>\n<tr>\n<td>04\/11\/2025<\/td>\n<td>1.071,21<\/td>\n<td>-0,92%<\/td>\n<td>-0,80%<\/td>\n<td>198,45<\/td>\n<\/tr>\n<tr>\n<td>03\/11\/2025<\/td>\n<td>1.081,17<\/td>\n<td>0,12%<\/td>\n<td>0,12%<\/td>\n<td>201,86<\/td>\n<\/tr>\n<tr>\n<td>31\/10\/2025<\/td>\n<td>1.079,84<\/td>\n<td>-0,44%<\/td>\n<td>-11,91%<\/td>\n<td>200,68<\/td>\n<\/tr>\n<tr>\n<td>30\/10\/2025<\/td>\n<td>1.084,59<\/td>\n<td>0,21%<\/td>\n<td>-11,52%<\/td>\n<td>201,67<\/td>\n<\/tr>\n<\/tbody>\n<\/table>\n<p>Os dados s\u00e3o do <a href=\"https:\/\/www.cepea.org.br\/br\/indicador\/trigo.aspx\" target=\"_blank\" rel=\"noopener\">Cepea<\/a>.<\/p>\n<h2>O que \u00e9 uma saca de soja ou de trigo? Entenda a unidade de medida no mercado de gr\u00e3os<\/h2>\n<p>A saca de soja e a saca de trigo s\u00e3o as principais unidades de comercializa\u00e7\u00e3o de gr\u00e3os no Brasil. Cada saca equivale a 60 quilos, padr\u00e3o adotado por \u00f3rg\u00e3os oficiais como a Companhia Nacional de Abastecimento (Conab), o Minist\u00e9rio da Agricultura (MAPA) e o Centro de Estudos Avan\u00e7ados em Economia Aplicada (Cepea).<\/p>\n<p>Esse formato padronizado facilita o com\u00e9rcio da soja e do trigo, al\u00e9m de permitir um acompanhamento mais preciso das cota\u00e7\u00f5es e varia\u00e7\u00f5es de pre\u00e7os no mercado nacional.<br \/>\n\u00a0<\/p>\n<p>\t\t\t\t\t\t\t\t\t<img decoding=\"async\" src=\"https:\/\/brasil61.com\/api\/v1\/serve_pixel\/22254\/85665\" alt=\"Pixel Brasil 61\" class=\"b61_pixel\" width=\"0\" height=\"0\"><\/p>\n<div class=\"br61_backlink\">\n<p>\n\t\t\t\tFonte: <a href=\"https:\/\/brasil61.com\/soja-e-trigo-confira-as-cotacoes-de-preco-para-esta-quinta-feira-6-pagr255911\" title=\"Artigo Original: Soja e trigo: confira as cota\u00e7\u00f5es de pre\u00e7o para esta quinta-feira (6)\" target=\"_blank\" rel=\"noopener\">Brasil 61<\/a>\n\t\t\t<\/p>\n<\/p><\/div>\n<input type=\"hidden\" id=\"baseurl\" value=\"https:\/\/noticiasregionais.com.br\"><input type=\"hidden\" id=\"audio_nonce\" value=\"533fbb67b1\">","protected":false},"excerpt":{"rendered":"<p> Cota\u00e7\u00f5es da soja caem em Paranagu\u00e1; trigo registra queda no Rio Grande do Sul<\/p>\n","protected":false},"author":1,"featured_media":10829,"comment_status":"","ping_status":"open","sticky":false,"template":"","format":"standard","meta":{"sfsi_plus_gutenberg_text_before_share":"","sfsi_plus_gutenberg_show_text_before_share":"","sfsi_plus_gutenberg_icon_type":"","sfsi_plus_gutenberg_icon_alignemt":"","sfsi_plus_gutenburg_max_per_row":"","footnotes":""},"categories":[8],"tags":[],"class_list":["post-10828","post","type-post","status-publish","format-standard","has-post-thumbnail","hentry","category-brasil"],"_links":{"self":[{"href":"https:\/\/noticiasregionais.com.br\/index.php?rest_route=\/wp\/v2\/posts\/10828","targetHints":{"allow":["GET"]}}],"collection":[{"href":"https:\/\/noticiasregionais.com.br\/index.php?rest_route=\/wp\/v2\/posts"}],"about":[{"href":"https:\/\/noticiasregionais.com.br\/index.php?rest_route=\/wp\/v2\/types\/post"}],"author":[{"embeddable":true,"href":"https:\/\/noticiasregionais.com.br\/index.php?rest_route=\/wp\/v2\/users\/1"}],"replies":[{"embeddable":true,"href":"https:\/\/noticiasregionais.com.br\/index.php?rest_route=%2Fwp%2Fv2%2Fcomments&post=10828"}],"version-history":[{"count":0,"href":"https:\/\/noticiasregionais.com.br\/index.php?rest_route=\/wp\/v2\/posts\/10828\/revisions"}],"wp:featuredmedia":[{"embeddable":true,"href":"https:\/\/noticiasregionais.com.br\/index.php?rest_route=\/wp\/v2\/media\/10829"}],"wp:attachment":[{"href":"https:\/\/noticiasregionais.com.br\/index.php?rest_route=%2Fwp%2Fv2%2Fmedia&parent=10828"}],"wp:term":[{"taxonomy":"category","embeddable":true,"href":"https:\/\/noticiasregionais.com.br\/index.php?rest_route=%2Fwp%2Fv2%2Fcategories&post=10828"},{"taxonomy":"post_tag","embeddable":true,"href":"https:\/\/noticiasregionais.com.br\/index.php?rest_route=%2Fwp%2Fv2%2Ftags&post=10828"}],"curies":[{"name":"wp","href":"https:\/\/api.w.org\/{rel}","templated":true}]}}