{"id":10832,"date":"2025-11-05T19:28:00","date_gmt":"2025-11-05T22:28:00","guid":{"rendered":"https:\/\/noticiasregionais.com.br\/?p=10832"},"modified":"2025-11-05T19:28:00","modified_gmt":"2025-11-05T22:28:00","slug":"preco-do-boi-gordo-hoje-confira-as-cotacoes-para-quinta-feira-6","status":"publish","type":"post","link":"https:\/\/noticiasregionais.com.br\/?p=10832","title":{"rendered":"Pre\u00e7o do boi gordo hoje: confira as cota\u00e7\u00f5es para quinta-feira (6)"},"content":{"rendered":"<p>O pre\u00e7o do boi gordo nesta quinta-feira (6) apresenta alta; a arroba est\u00e1 sendo negociada a R$ 323,40, no estado de S\u00e3o Paulo.\u00a0<\/p>\n<\/p>\n<p>INDICADOR DO BOI GORDO CEPEA\/ESALQ<\/p>\n<table id=\"indicador1\">\n<thead>\n<tr>\n<th>Data<\/th>\n<th>Valor R$*<\/th>\n<th>Var.\/Dia<\/th>\n<th>Var.\/M\u00eas<\/th>\n<th>Valor US$*<\/th>\n<\/tr>\n<\/thead>\n<tbody>\n<tr>\n<td>05\/11\/2025<\/td>\n<td>323,40<\/td>\n<td>0,26%<\/td>\n<td>1,43%<\/td>\n<td>60,35<\/td>\n<\/tr>\n<tr>\n<td>04\/11\/2025<\/td>\n<td>322,55<\/td>\n<td>0,73%<\/td>\n<td>1,16%<\/td>\n<td>59,75<\/td>\n<\/tr>\n<tr>\n<td>03\/11\/2025<\/td>\n<td>320,20<\/td>\n<td>0,42%<\/td>\n<td>0,42%<\/td>\n<td>59,78<\/td>\n<\/tr>\n<tr>\n<td>31\/10\/2025<\/td>\n<td>318,85<\/td>\n<td>0,00%<\/td>\n<td>4,85%<\/td>\n<td>59,29<\/td>\n<\/tr>\n<tr>\n<td>30\/10\/2025<\/td>\n<td>318,85<\/td>\n<td>0,30%<\/td>\n<td>4,85%<\/td>\n<td>59,29<\/td>\n<\/tr>\n<\/tbody>\n<\/table>\n<p>Na Grande S\u00e3o Paulo, S\u00e3o Jos\u00e9 do Rio Preto e Descalvado, tanto o pre\u00e7o do frango congelado quanto do resfriado apresentaram estabilidade. A primeira op\u00e7\u00e3o est\u00e1 sendo vendida a R$ 8,02. J\u00e1 a segunda \u00e9 comercializada a R$ 8,08.\u00a0<\/p>\n<p>\nPRE\u00c7OS DO FRANGO CONGELADO CEPEA\/ESALQ &#8211; ESTADO SP<\/p>\n<table id=\"indicador2\">\n<thead>\n<tr>\n<th>Data<\/th>\n<th>Valor R$<\/th>\n<th>Var.\/Dia<\/th>\n<th>Var.\/M\u00eas<\/th>\n<\/tr>\n<\/thead>\n<tbody>\n<tr>\n<td>05\/11\/2025<\/td>\n<td>8,02<\/td>\n<td>0,00%<\/td>\n<td>0,12%<\/td>\n<\/tr>\n<tr>\n<td>04\/11\/2025<\/td>\n<td>8,02<\/td>\n<td>0,38%<\/td>\n<td>0,12%<\/td>\n<\/tr>\n<tr>\n<td>03\/11\/2025<\/td>\n<td>7,99<\/td>\n<td>-0,25%<\/td>\n<td>-0,25%<\/td>\n<\/tr>\n<tr>\n<td>31\/10\/2025<\/td>\n<td>8,01<\/td>\n<td>0,00%<\/td>\n<td>0,25%<\/td>\n<\/tr>\n<tr>\n<td>30\/10\/2025<\/td>\n<td>8,01<\/td>\n<td>0,00%<\/td>\n<td>0,25%<\/td>\n<\/tr>\n<\/tbody>\n<\/table>\n<p>\u00a0<\/p>\n<\/p>\n<p dir=\"ltr\">PRE\u00c7OS DO FRANGO RESFRIADO CEPEA\/ESALQ &#8211; ESTADO SP<\/p>\n<table id=\"indicador3\">\n<thead>\n<tr>\n<th>Data<\/th>\n<th>Valor R$<\/th>\n<th>Var.\/Dia<\/th>\n<th>Var.\/M\u00eas<\/th>\n<\/tr>\n<\/thead>\n<tbody>\n<tr>\n<td>05\/11\/2025<\/td>\n<td>8,08<\/td>\n<td>0,00%<\/td>\n<td>0,00%<\/td>\n<\/tr>\n<tr>\n<td>04\/11\/2025<\/td>\n<td>8,08<\/td>\n<td>0,12%<\/td>\n<td>0,00%<\/td>\n<\/tr>\n<tr>\n<td>03\/11\/2025<\/td>\n<td>8,07<\/td>\n<td>-0,12%<\/td>\n<td>-0,12%<\/td>\n<\/tr>\n<tr>\n<td>31\/10\/2025<\/td>\n<td>8,08<\/td>\n<td>0,00%<\/td>\n<td>-0,86%<\/td>\n<\/tr>\n<tr>\n<td>30\/10\/2025<\/td>\n<td>8,08<\/td>\n<td>0,00%<\/td>\n<td>-0,86%<\/td>\n<\/tr>\n<\/tbody>\n<\/table>\n<h2>Pre\u00e7o da carca\u00e7a su\u00edna especial e su\u00edno vivo<\/h2>\n<p>A carca\u00e7a su\u00edna especial registra estabilidade no pre\u00e7o, com a mercadoria sendo negociada a R$ 12,33, por quilo, nos atacados da Grande S\u00e3o Paulo.\u00a0<\/p>\n<p>O pre\u00e7o do su\u00edno vivo apresenta alta na maior parte dos estados, com destaque para Paran\u00e1, sendo vendido a R$ 8,39.\u00a0<\/p>\n<\/p>\n<p>\nPRE\u00c7OS DA CARCA\u00c7A SU\u00cdNA ESPECIAL (R$\/kg)<\/p>\n<table id=\"indicador4\">\n<thead>\n<tr>\n<th>Data<\/th>\n<th>M\u00e9dia<\/th>\n<th>Var.\/Dia<\/th>\n<th>Var.\/M\u00eas<\/th>\n<\/tr>\n<\/thead>\n<tbody>\n<tr>\n<td>05\/11\/2025<\/td>\n<td>12,33<\/td>\n<td>0,00%<\/td>\n<td>-0,48%<\/td>\n<\/tr>\n<tr>\n<td>04\/11\/2025<\/td>\n<td>12,33<\/td>\n<td>-0,40%<\/td>\n<td>-0,48%<\/td>\n<\/tr>\n<tr>\n<td>03\/11\/2025<\/td>\n<td>12,38<\/td>\n<td>-0,08%<\/td>\n<td>-0,08%<\/td>\n<\/tr>\n<tr>\n<td>31\/10\/2025<\/td>\n<td>12,39<\/td>\n<td>0,49%<\/td>\n<td>-4,40%<\/td>\n<\/tr>\n<tr>\n<td>30\/10\/2025<\/td>\n<td>12,33<\/td>\n<td>0,00%<\/td>\n<td>-4,86%<\/td>\n<\/tr>\n<\/tbody>\n<\/table>\n<p>\u00a0<\/p>\n<p>\u00a0<\/p>\n<\/p>\n<p dir=\"ltr\">INDICADOR DO SU\u00cdNO VIVO CEPEA\/ESALQ (R$\/kg)<\/p>\n<table id=\"indicador5\">\n<thead>\n<tr>\n<th>Data<\/th>\n<th>Estado<\/th>\n<th>Valor R$*<\/th>\n<th>Var.\/Dia<\/th>\n<th>Var.\/M\u00eas<\/th>\n<\/tr>\n<\/thead>\n<tbody>\n<tr>\n<td>05\/11\/2025<\/td>\n<td>MG &#8211; posto<\/td>\n<td>8,25<\/td>\n<td>0,12%<\/td>\n<td>0,24%<\/td>\n<\/tr>\n<tr>\n<td>05\/11\/2025<\/td>\n<td>PR &#8211; a retirar<\/td>\n<td>8,39<\/td>\n<td>0,48%<\/td>\n<td>0,48%<\/td>\n<\/tr>\n<tr>\n<td>05\/11\/2025<\/td>\n<td>RS &#8211; a retirar<\/td>\n<td>8,31<\/td>\n<td>0,00%<\/td>\n<td>0,36%<\/td>\n<\/tr>\n<tr>\n<td>05\/11\/2025<\/td>\n<td>SC &#8211; a retirar<\/td>\n<td>8,18<\/td>\n<td>0,00%<\/td>\n<td>-0,85%<\/td>\n<\/tr>\n<tr>\n<td>05\/11\/2025<\/td>\n<td>SP &#8211; posto<\/td>\n<td>8,76<\/td>\n<td>-0,11%<\/td>\n<td>-0,11%<\/td>\n<\/tr>\n<\/tbody>\n<\/table>\n<p>\u00a0<\/p>\n<p>\u00a0<\/p>\n<p>Os valores s\u00e3o do <a href=\"https:\/\/www.cepea.org.br\/br\/indicador\/suino.aspx\" target=\"_blank\" rel=\"noopener\">Cepea<\/a>.<\/p>\n<h2>O que \u00e9 o boi gordo? Entenda o termo do mercado bovino<\/h2>\n<p>O boi gordo \u00e9 o bovino macho pronto para o abate, com peso m\u00ednimo de 16 arrobas l\u00edquidas de carca\u00e7a (aproximadamente 240 kg) e at\u00e9 42 meses de idade. Atende aos padr\u00f5es do mercado nacional e internacional, incluindo exporta\u00e7\u00f5es para Europa, China e cota Hilton.<\/p>\n<h2>Diferen\u00e7as entre frango congelado e frango resfriado<\/h2>\n<p>O frango congelado passa por congelamento r\u00e1pido, com temperaturas abaixo de -12\u00b0C, garantindo maior vida \u00fatil para armazenamento e transporte a longas dist\u00e2ncias.<\/p>\n<p>J\u00e1 o frango resfriado \u00e9 mantido entre 0\u00b0C e 4\u00b0C, com validade de 5 a 7 dias, oferecendo textura e sabor mais pr\u00f3ximos do fresco, ideal para consumidores exigentes e restaurantes.<\/p>\n<p>\t\t\t\t\t\t\t\t\t<img decoding=\"async\" src=\"https:\/\/brasil61.com\/api\/v1\/serve_pixel\/22254\/85668\" alt=\"Pixel Brasil 61\" class=\"b61_pixel\" width=\"0\" height=\"0\"><\/p>\n<div class=\"br61_backlink\">\n<p>\n\t\t\t\tFonte: <a href=\"https:\/\/brasil61.com\/preco-do-boi-gordo-hoje-confira-as-cotacoes-para-quinta-feira-6-pagr255913\" title=\"Artigo Original:  Pre\u00e7o do boi gordo hoje: confira as cota\u00e7\u00f5es para quinta-feira (6)\" target=\"_blank\" rel=\"noopener\">Brasil 61<\/a>\n\t\t\t<\/p>\n<\/p><\/div>\n<input type=\"hidden\" id=\"baseurl\" value=\"https:\/\/noticiasregionais.com.br\"><input type=\"hidden\" id=\"audio_nonce\" value=\"533fbb67b1\">","protected":false},"excerpt":{"rendered":"<p>Frango e carca\u00e7a su\u00edna apresentam estabilidade nos valores<\/p>\n","protected":false},"author":1,"featured_media":10833,"comment_status":"","ping_status":"open","sticky":false,"template":"","format":"standard","meta":{"sfsi_plus_gutenberg_text_before_share":"","sfsi_plus_gutenberg_show_text_before_share":"","sfsi_plus_gutenberg_icon_type":"","sfsi_plus_gutenberg_icon_alignemt":"","sfsi_plus_gutenburg_max_per_row":"","footnotes":""},"categories":[8],"tags":[],"class_list":["post-10832","post","type-post","status-publish","format-standard","has-post-thumbnail","hentry","category-brasil"],"_links":{"self":[{"href":"https:\/\/noticiasregionais.com.br\/index.php?rest_route=\/wp\/v2\/posts\/10832","targetHints":{"allow":["GET"]}}],"collection":[{"href":"https:\/\/noticiasregionais.com.br\/index.php?rest_route=\/wp\/v2\/posts"}],"about":[{"href":"https:\/\/noticiasregionais.com.br\/index.php?rest_route=\/wp\/v2\/types\/post"}],"author":[{"embeddable":true,"href":"https:\/\/noticiasregionais.com.br\/index.php?rest_route=\/wp\/v2\/users\/1"}],"replies":[{"embeddable":true,"href":"https:\/\/noticiasregionais.com.br\/index.php?rest_route=%2Fwp%2Fv2%2Fcomments&post=10832"}],"version-history":[{"count":0,"href":"https:\/\/noticiasregionais.com.br\/index.php?rest_route=\/wp\/v2\/posts\/10832\/revisions"}],"wp:featuredmedia":[{"embeddable":true,"href":"https:\/\/noticiasregionais.com.br\/index.php?rest_route=\/wp\/v2\/media\/10833"}],"wp:attachment":[{"href":"https:\/\/noticiasregionais.com.br\/index.php?rest_route=%2Fwp%2Fv2%2Fmedia&parent=10832"}],"wp:term":[{"taxonomy":"category","embeddable":true,"href":"https:\/\/noticiasregionais.com.br\/index.php?rest_route=%2Fwp%2Fv2%2Fcategories&post=10832"},{"taxonomy":"post_tag","embeddable":true,"href":"https:\/\/noticiasregionais.com.br\/index.php?rest_route=%2Fwp%2Fv2%2Ftags&post=10832"}],"curies":[{"name":"wp","href":"https:\/\/api.w.org\/{rel}","templated":true}]}}