{"id":10834,"date":"2025-11-05T20:20:09","date_gmt":"2025-11-05T23:20:09","guid":{"rendered":"https:\/\/noticiasregionais.com.br\/?p=10834"},"modified":"2025-11-05T20:20:22","modified_gmt":"2025-11-05T23:20:22","slug":"etec-de-ourinhos-realiza-encontro-literario-com-o-escritor-davi-boaventura","status":"publish","type":"post","link":"https:\/\/noticiasregionais.com.br\/?p=10834","title":{"rendered":"ETEC de Ourinhos realiza Encontro Liter\u00e1rio com o escritor Davi Boaventura"},"content":{"rendered":"\n<p>A ETEC Jacinto Ferreira de S\u00e1, em Ourinhos, se tornou palco de inspira\u00e7\u00e3o e cultura na tarde desta quarta-feira (8), ao receber o escritor Davi Boaventura em um Encontro Liter\u00e1rio repleto de emo\u00e7\u00e3o. O evento, parte das a\u00e7\u00f5es do projeto de incentivo \u00e0 leitura da institui\u00e7\u00e3o, reuniu estudantes do curso Mtec Administra\u00e7\u00e3o, professores e toda a comunidade escolar.<\/p>\n\n\n\n<p>Durante o encontro, Davi Boaventura \u2014 conhecido por sua abordagem sens\u00edvel de temas existenciais e humanos \u2014 compartilhou sua trajet\u00f3ria, discutiu o processo criativo e incentivou os alunos a refletirem sobre temas como identidade, emo\u00e7\u00f5es e tecnologia. A troca com os estudantes aconteceu de forma aberta e participativa, estimulando o di\u00e1logo sobre o papel transformador da leitura na forma\u00e7\u00e3o pessoal e social.<\/p>\n\n\n\n<p>\u201cA viv\u00eancia de um encontro como este desperta sentimentos, estimula o pensamento e inspira novas descobertas. Ver nossos alunos dialogando com um autor e reconhecendo na literatura um espa\u00e7o de express\u00e3o e aprendizado \u00e9 motivo de grande alegria\u201d, destacou o professor Fl\u00e1vio Melo, idealizador do evento.<\/p>\n\n\n\n<p>A programa\u00e7\u00e3o contou ainda com exposi\u00e7\u00e3o de textos e produ\u00e7\u00f5es liter\u00e1rias dos alunos, declama\u00e7\u00f5es de poesias e um coffee break, promovendo intera\u00e7\u00e3o entre participantes e escritor em um clima de entusiasmo e integra\u00e7\u00e3o. \u201cTrabalhar a leitura \u00e9 trabalhar a sensibilidade, o olhar humano e a capacidade de compreender o mundo. \u00c9 gratificante ver os estudantes aproximando-se do universo liter\u00e1rio de forma viva\u201d, ressaltou C\u00e9lia Cristina Faria, coordenadora do curso.<\/p>\n\n\n\n<p>Emocionado com o interesse dos jovens, Davi Boaventura celebrou a oportunidade: \u201cVer jovens refletindo sobre literatura e reconhecendo nela um caminho para o autoconhecimento \u00e9 o maior presente para um escritor\u201d.<\/p>\n\n\n\n<p>O encerramento do evento foi marcado por sentimento de gratid\u00e3o e inspira\u00e7\u00e3o entre todos os presentes, refor\u00e7ando o compromisso da ETEC Jacinto Ferreira de S\u00e1 com a forma\u00e7\u00e3o integral de seus alunos e a promo\u00e7\u00e3o do protagonismo estudantil.<\/p>\n\n\n\n<hr class=\"wp-block-separator has-alpha-channel-opacity\"\/>\n\n\n\n<h2 class=\"wp-block-heading\">Vestibulinho ETEC 2026: Inscri\u00e7\u00f5es Prorrogadas at\u00e9 7 de novembro<\/h2>\n\n\n\n<p>As inscri\u00e7\u00f5es para o Vestibulinho ETEC 2026 foram prorrogadas at\u00e9 as 20h do dia 7 de novembro, oferecendo mais uma oportunidade para quem deseja ingressar nos cursos t\u00e9cnicos gratuitos das Escolas T\u00e9cnicas Estaduais de S\u00e3o Paulo. O processo seletivo disponibiliza mais de 92 mil vagas em 228 unidades, incluindo op\u00e7\u00f5es de ensino m\u00e9dio regular, ensino m\u00e9dio integrado ao t\u00e9cnico e especializa\u00e7\u00f5es.<a rel=\"noreferrer noopener\" target=\"_blank\" href=\"https:\/\/www.cps.sp.gov.br\/vestibulinho-prorrogado-prazo-para-se-candidatar-a-uma-vaga-nas-etecs\/\"><\/a>\u200b<\/p>\n\n\n\n<p>Para participar, \u00e9 necess\u00e1rio preencher a ficha de inscri\u00e7\u00e3o eletr\u00f4nica no site oficial (vestibulinho.etec.sp.gov.br), selecionar o curso e a unidade desejada, e pagar a taxa de inscri\u00e7\u00e3o no valor de R$ 29 at\u00e9 a data final. As ETECs tamb\u00e9m oferecem computadores com acesso \u00e0 internet para candidatos que necessitem de apoio no processo. A prova est\u00e1 prevista para ocorrer em 30 de novembro de 2025.<a rel=\"noreferrer noopener\" target=\"_blank\" href=\"https:\/\/vestibular.brasilescola.uol.com.br\/noticias\/inscricao-etec-2026-prorrogada\/358165.html\"><\/a>\u200b<\/p>\n\n\n\n<p>A amplia\u00e7\u00e3o do prazo refor\u00e7a o compromisso das ETECs com a inclus\u00e3o, oferecendo condi\u00e7\u00f5es especiais para candidatos com defici\u00eancia e a possibilidade de uso do nome social para candidatos transg\u00eaneros. D\u00favidas podem ser esclarecidas pelo site oficial ou via Central de Informa\u00e7\u00f5es ao Candidato (telefone e WhatsApp).<a rel=\"noreferrer noopener\" target=\"_blank\" href=\"https:\/\/vestibulinho.etec.sp.gov.br\/duvidas-frequentes\/?c=2\"><\/a>\u200b<\/p>\n\n\n\n<hr class=\"wp-block-separator has-alpha-channel-opacity\"\/>\n\n\n\n<h2 class=\"wp-block-heading\">Sobre o autor<\/h2>\n\n\n\n<p>Davi Boaventura \u00e9 doutor em Escrita Criativa pela PUCRS, jornalista pela UFBA e autor dos livros &#8220;Talvez n\u00e3o tenha crian\u00e7a no c\u00e9u&#8221; (2012, Virgiliae) e &#8220;M\u00f4nica vai jantar&#8221; (2019, N\u00e3o Editora). Natural de Salvador (BA) e atualmente residindo em Curitiba (PR), o escritor tamb\u00e9m atua como tradutor, leitor cr\u00edtico e fot\u00f3grafo.<\/p>\n\n\n\n<figure class=\"wp-block-gallery has-nested-images columns-default is-cropped wp-block-gallery-1 is-layout-flex wp-block-gallery-is-layout-flex\">\n<figure class=\"wp-block-image size-large\"><img decoding=\"async\" width=\"768\" height=\"1024\" data-id=\"10835\" src=\"https:\/\/noticiasregionais.com.br\/wp-content\/uploads\/2025\/11\/Encontro-Literario-ETEC-2-768x1024.jpeg\" alt=\"\" class=\"wp-image-10835\" srcset=\"https:\/\/noticiasregionais.com.br\/wp-content\/uploads\/2025\/11\/Encontro-Literario-ETEC-2-768x1024.jpeg 768w, https:\/\/noticiasregionais.com.br\/wp-content\/uploads\/2025\/11\/Encontro-Literario-ETEC-2-225x300.jpeg 225w, https:\/\/noticiasregionais.com.br\/wp-content\/uploads\/2025\/11\/Encontro-Literario-ETEC-2.jpeg 960w\" sizes=\"(max-width: 768px) 100vw, 768px\" \/><\/figure>\n\n\n\n<figure class=\"wp-block-image size-large\"><img decoding=\"async\" width=\"768\" height=\"1024\" data-id=\"10836\" src=\"https:\/\/noticiasregionais.com.br\/wp-content\/uploads\/2025\/11\/Encontro-Literario-ETEC-768x1024.jpeg\" alt=\"\" class=\"wp-image-10836\" srcset=\"https:\/\/noticiasregionais.com.br\/wp-content\/uploads\/2025\/11\/Encontro-Literario-ETEC-768x1024.jpeg 768w, https:\/\/noticiasregionais.com.br\/wp-content\/uploads\/2025\/11\/Encontro-Literario-ETEC-225x300.jpeg 225w, https:\/\/noticiasregionais.com.br\/wp-content\/uploads\/2025\/11\/Encontro-Literario-ETEC.jpeg 960w\" sizes=\"(max-width: 768px) 100vw, 768px\" \/><\/figure>\n<\/figure>\n<input type=\"hidden\" id=\"baseurl\" value=\"https:\/\/noticiasregionais.com.br\"><input type=\"hidden\" id=\"audio_nonce\" value=\"533fbb67b1\">","protected":false},"excerpt":{"rendered":"<p>A ETEC Jacinto Ferreira de S\u00e1, em Ourinhos, se tornou palco de inspira\u00e7\u00e3o e cultura na tarde desta quarta-feira (8),&hellip;<\/p>\n","protected":false},"author":1,"featured_media":10837,"comment_status":"closed","ping_status":"open","sticky":false,"template":"","format":"standard","meta":{"sfsi_plus_gutenberg_text_before_share":"","sfsi_plus_gutenberg_show_text_before_share":"","sfsi_plus_gutenberg_icon_type":"","sfsi_plus_gutenberg_icon_alignemt":"","sfsi_plus_gutenburg_max_per_row":"","footnotes":""},"categories":[12,1,5],"tags":[16],"class_list":["post-10834","post","type-post","status-publish","format-standard","has-post-thumbnail","hentry","category-capa","category-noticias","category-ourinhos","tag-ourinhos"],"_links":{"self":[{"href":"https:\/\/noticiasregionais.com.br\/index.php?rest_route=\/wp\/v2\/posts\/10834","targetHints":{"allow":["GET"]}}],"collection":[{"href":"https:\/\/noticiasregionais.com.br\/index.php?rest_route=\/wp\/v2\/posts"}],"about":[{"href":"https:\/\/noticiasregionais.com.br\/index.php?rest_route=\/wp\/v2\/types\/post"}],"author":[{"embeddable":true,"href":"https:\/\/noticiasregionais.com.br\/index.php?rest_route=\/wp\/v2\/users\/1"}],"replies":[{"embeddable":true,"href":"https:\/\/noticiasregionais.com.br\/index.php?rest_route=%2Fwp%2Fv2%2Fcomments&post=10834"}],"version-history":[{"count":1,"href":"https:\/\/noticiasregionais.com.br\/index.php?rest_route=\/wp\/v2\/posts\/10834\/revisions"}],"predecessor-version":[{"id":10838,"href":"https:\/\/noticiasregionais.com.br\/index.php?rest_route=\/wp\/v2\/posts\/10834\/revisions\/10838"}],"wp:featuredmedia":[{"embeddable":true,"href":"https:\/\/noticiasregionais.com.br\/index.php?rest_route=\/wp\/v2\/media\/10837"}],"wp:attachment":[{"href":"https:\/\/noticiasregionais.com.br\/index.php?rest_route=%2Fwp%2Fv2%2Fmedia&parent=10834"}],"wp:term":[{"taxonomy":"category","embeddable":true,"href":"https:\/\/noticiasregionais.com.br\/index.php?rest_route=%2Fwp%2Fv2%2Fcategories&post=10834"},{"taxonomy":"post_tag","embeddable":true,"href":"https:\/\/noticiasregionais.com.br\/index.php?rest_route=%2Fwp%2Fv2%2Ftags&post=10834"}],"curies":[{"name":"wp","href":"https:\/\/api.w.org\/{rel}","templated":true}]}}