{"id":10839,"date":"2025-11-05T20:57:49","date_gmt":"2025-11-05T23:57:49","guid":{"rendered":"https:\/\/noticiasregionais.com.br\/?p=10839"},"modified":"2025-11-05T20:57:55","modified_gmt":"2025-11-05T23:57:55","slug":"grupo-respira-saude-encerra-atividades-com-resultados-expressivos-no-combate-ao-tabagismo-em-ourinhos","status":"publish","type":"post","link":"https:\/\/noticiasregionais.com.br\/?p=10839","title":{"rendered":"Grupo Respira Sa\u00fade encerra atividades com resultados expressivos no combate ao tabagismo em Ourinhos"},"content":{"rendered":"\n<p>A Secretaria Municipal de Sa\u00fade de Ourinhos realizou na noite segunda-feira (3), no Post\u00e3o de Sa\u00fade, o encerramento do 1\u00ba Grupo Respira Sa\u00fade, iniciativa que integra as a\u00e7\u00f5es de promo\u00e7\u00e3o da sa\u00fade e preven\u00e7\u00e3o de doen\u00e7as desenvolvidas pela rede municipal.<\/p>\n\n\n\n<p>O grupo contou com a participa\u00e7\u00e3o de 18 pacientes, acompanhados por uma equipe multiprofissional formada por m\u00e9dicos, enfermeiros e psic\u00f3logos. Ap\u00f3s semanas de encontros e acompanhamento intensivo, os resultados s\u00e3o motivo de orgulho: 10 participantes conseguiram abandonar completamente o cigarro, enquanto os outros 8 est\u00e3o em processo de cessa\u00e7\u00e3o, fumando apenas um cigarro por dia.<\/p>\n\n\n\n<p>Durante as atividades, os participantes receberam orienta\u00e7\u00f5es sobre os impactos do tabagismo, estrat\u00e9gias para lidar com a abstin\u00eancia e apoio psicol\u00f3gico para fortalecer a decis\u00e3o de parar de fumar. A metodologia aplicada visa oferecer acolhimento e suporte cont\u00ednuo, refor\u00e7ando o compromisso da Secretaria com a melhoria da qualidade de vida da popula\u00e7\u00e3o.<\/p>\n\n\n\n<p>O Grupo Respira Sa\u00fade \u00e9 um exemplo de como o trabalho em equipe, aliado ao cuidado humano e \u00e0 educa\u00e7\u00e3o em sa\u00fade, pode transformar realidades e gerar resultados concretos.<\/p>\n<input type=\"hidden\" id=\"baseurl\" value=\"https:\/\/noticiasregionais.com.br\"><input type=\"hidden\" id=\"audio_nonce\" value=\"533fbb67b1\">","protected":false},"excerpt":{"rendered":"<p>A Secretaria Municipal de Sa\u00fade de Ourinhos realizou na noite segunda-feira (3), no Post\u00e3o de Sa\u00fade, o encerramento do 1\u00ba&hellip;<\/p>\n","protected":false},"author":1,"featured_media":10840,"comment_status":"closed","ping_status":"open","sticky":false,"template":"","format":"standard","meta":{"sfsi_plus_gutenberg_text_before_share":"","sfsi_plus_gutenberg_show_text_before_share":"","sfsi_plus_gutenberg_icon_type":"","sfsi_plus_gutenberg_icon_alignemt":"","sfsi_plus_gutenburg_max_per_row":"","footnotes":""},"categories":[10,1,5],"tags":[16],"class_list":["post-10839","post","type-post","status-publish","format-standard","has-post-thumbnail","hentry","category-destaques","category-noticias","category-ourinhos","tag-ourinhos"],"_links":{"self":[{"href":"https:\/\/noticiasregionais.com.br\/index.php?rest_route=\/wp\/v2\/posts\/10839","targetHints":{"allow":["GET"]}}],"collection":[{"href":"https:\/\/noticiasregionais.com.br\/index.php?rest_route=\/wp\/v2\/posts"}],"about":[{"href":"https:\/\/noticiasregionais.com.br\/index.php?rest_route=\/wp\/v2\/types\/post"}],"author":[{"embeddable":true,"href":"https:\/\/noticiasregionais.com.br\/index.php?rest_route=\/wp\/v2\/users\/1"}],"replies":[{"embeddable":true,"href":"https:\/\/noticiasregionais.com.br\/index.php?rest_route=%2Fwp%2Fv2%2Fcomments&post=10839"}],"version-history":[{"count":1,"href":"https:\/\/noticiasregionais.com.br\/index.php?rest_route=\/wp\/v2\/posts\/10839\/revisions"}],"predecessor-version":[{"id":10841,"href":"https:\/\/noticiasregionais.com.br\/index.php?rest_route=\/wp\/v2\/posts\/10839\/revisions\/10841"}],"wp:featuredmedia":[{"embeddable":true,"href":"https:\/\/noticiasregionais.com.br\/index.php?rest_route=\/wp\/v2\/media\/10840"}],"wp:attachment":[{"href":"https:\/\/noticiasregionais.com.br\/index.php?rest_route=%2Fwp%2Fv2%2Fmedia&parent=10839"}],"wp:term":[{"taxonomy":"category","embeddable":true,"href":"https:\/\/noticiasregionais.com.br\/index.php?rest_route=%2Fwp%2Fv2%2Fcategories&post=10839"},{"taxonomy":"post_tag","embeddable":true,"href":"https:\/\/noticiasregionais.com.br\/index.php?rest_route=%2Fwp%2Fv2%2Ftags&post=10839"}],"curies":[{"name":"wp","href":"https:\/\/api.w.org\/{rel}","templated":true}]}}