{"id":10842,"date":"2025-11-05T21:03:49","date_gmt":"2025-11-06T00:03:49","guid":{"rendered":"https:\/\/noticiasregionais.com.br\/?p=10842"},"modified":"2025-11-05T21:04:07","modified_gmt":"2025-11-06T00:04:07","slug":"ourinhos-recebe-etapa-inedita-da-liga-do-enxadrista-com-classificacao-para-2025","status":"publish","type":"post","link":"https:\/\/noticiasregionais.com.br\/?p=10842","title":{"rendered":"Ourinhos recebe etapa in\u00e9dita da Liga do Enxadrista com classifica\u00e7\u00e3o para 2025"},"content":{"rendered":"\n<p>No pr\u00f3ximo s\u00e1bado, 8 de novembro, Ourinhos entra para o circuito nacional do xadrez ao sediar, pela primeira vez, uma etapa classificat\u00f3ria oficial da Liga do Enxadrista. O IRT (International Rating Tournament) de Xadrez R\u00e1pido de Ourinhos acontece no Antigo Sal\u00e3o Laser, no Recinto da FAPI, e promete movimentar a cidade com enxadristas de todas as idades e diferentes regi\u00f5es.<\/p>\n\n\n\n<p>A realiza\u00e7\u00e3o \u00e9 fruto do trabalho conjunto da Prefeitura, por meio das Secretarias de Desenvolvimento Econ\u00f4mico, Esportes e Turismo, e conta com o apoio do COMTUR. A chegada do torneio foi articulada pelo secret\u00e1rio de Desenvolvimento Econ\u00f4mico, Higor Montoro, ap\u00f3s di\u00e1logo com empres\u00e1rios locais e representantes da comunidade enxadr\u00edstica, que destacaram o impacto positivo do evento para jovens talentos e para a imagem de Ourinhos e regi\u00e3o.<\/p>\n\n\n\n<h2 class=\"wp-block-heading\">Como participar<\/h2>\n\n\n\n<p>As inscri\u00e7\u00f5es est\u00e3o abertas at\u00e9 quinta-feira (06\/11), \u00e0s 19h, e devem ser feitas pelo site oficial. Moradores de Ourinhos e de cidades credenciadas t\u00eam participa\u00e7\u00e3o totalmente gratuita \u2014 uma iniciativa focada em incentivar o esporte local.<\/p>\n\n\n\n<p>O torneio \u00e9 dividido por categorias: Sub-08, Sub-10, Sub-12, Sub-14, Sub-18 e Absoluto, com disputas nos naipes masculino e feminino, oferecendo espa\u00e7o tanto para iniciantes quanto para experientes.<\/p>\n\n\n\n<p>Al\u00e9m do esporte, o evento tamb\u00e9m \u00e9 solid\u00e1rio: cada participante deve doar pelo menos um quilo de alimento n\u00e3o perec\u00edvel, destinado ao Fundo Social de Solidariedade.<\/p>\n\n\n\n<p>A arbitragem ser\u00e1 composta por profissionais credenciados pela Confedera\u00e7\u00e3o Brasileira de Xadrez (CBX), garantindo transpar\u00eancia e qualidade t\u00e9cnica \u00e0s partidas. Haver\u00e1 premia\u00e7\u00e3o com trof\u00e9us para os tr\u00eas primeiros colocados em cada categoria e medalhas para os dez melhores.<\/p>\n\n\n\n<p>O IRT de Xadrez R\u00e1pido de Ourinhos tamb\u00e9m vale pontos para o ranking nacional, ajudando atletas a evolu\u00edrem na modalidade.<\/p>\n\n\n\n<h2 class=\"wp-block-heading\">Servi\u00e7o<\/h2>\n\n\n\n<ul class=\"wp-block-list\">\n<li>Evento: IRT de Xadrez R\u00e1pido de Ourinhos \u2013 Etapa Liga do Enxadrista 2025<\/li>\n\n\n\n<li>Data: S\u00e1bado, 8 de novembro<\/li>\n\n\n\n<li>Local: Antigo Sal\u00e3o Laser, Recinto da FAPI<\/li>\n\n\n\n<li>Inscri\u00e7\u00f5es: At\u00e9 6\/11, 19h, pelo site oficial<\/li>\n\n\n\n<li>Participa\u00e7\u00e3o: Gratuita para Ourinhos e cidades credenciadas<\/li>\n\n\n\n<li>Doa\u00e7\u00e3o solid\u00e1ria: 1kg de alimento n\u00e3o perec\u00edvel<\/li>\n\n\n\n<li>Categorias: Sub-08, Sub-10, Sub-12, Sub-14, Sub-18 e Absoluto (masculino e feminino)<\/li>\n<\/ul>\n\n\n\n<p>O evento \u00e9 aberto ao p\u00fablico. Jogadores, fam\u00edlias e amantes do xadrez est\u00e3o convidados a prestigiar esse momento hist\u00f3rico para Ourinhos.<\/p>\n\n\n\n<figure class=\"wp-block-image size-large\"><img decoding=\"async\" width=\"819\" height=\"1024\" src=\"https:\/\/noticiasregionais.com.br\/wp-content\/uploads\/2025\/11\/WhatsApp-Image-2025-11-04-at-15.28.34-819x1024.jpeg\" alt=\"\" class=\"wp-image-10843\" srcset=\"https:\/\/noticiasregionais.com.br\/wp-content\/uploads\/2025\/11\/WhatsApp-Image-2025-11-04-at-15.28.34-819x1024.jpeg 819w, https:\/\/noticiasregionais.com.br\/wp-content\/uploads\/2025\/11\/WhatsApp-Image-2025-11-04-at-15.28.34-240x300.jpeg 240w, https:\/\/noticiasregionais.com.br\/wp-content\/uploads\/2025\/11\/WhatsApp-Image-2025-11-04-at-15.28.34-768x960.jpeg 768w, https:\/\/noticiasregionais.com.br\/wp-content\/uploads\/2025\/11\/WhatsApp-Image-2025-11-04-at-15.28.34.jpeg 1080w\" sizes=\"(max-width: 819px) 100vw, 819px\" \/><\/figure>\n<input type=\"hidden\" id=\"baseurl\" value=\"https:\/\/noticiasregionais.com.br\"><input type=\"hidden\" id=\"audio_nonce\" value=\"533fbb67b1\">","protected":false},"excerpt":{"rendered":"<p>No pr\u00f3ximo s\u00e1bado, 8 de novembro, Ourinhos entra para o circuito nacional do xadrez ao sediar, pela primeira vez, uma&hellip;<\/p>\n","protected":false},"author":1,"featured_media":10844,"comment_status":"closed","ping_status":"open","sticky":false,"template":"","format":"standard","meta":{"sfsi_plus_gutenberg_text_before_share":"","sfsi_plus_gutenberg_show_text_before_share":"","sfsi_plus_gutenberg_icon_type":"","sfsi_plus_gutenberg_icon_alignemt":"","sfsi_plus_gutenburg_max_per_row":"","footnotes":""},"categories":[10,1,5],"tags":[16],"class_list":["post-10842","post","type-post","status-publish","format-standard","has-post-thumbnail","hentry","category-destaques","category-noticias","category-ourinhos","tag-ourinhos"],"_links":{"self":[{"href":"https:\/\/noticiasregionais.com.br\/index.php?rest_route=\/wp\/v2\/posts\/10842","targetHints":{"allow":["GET"]}}],"collection":[{"href":"https:\/\/noticiasregionais.com.br\/index.php?rest_route=\/wp\/v2\/posts"}],"about":[{"href":"https:\/\/noticiasregionais.com.br\/index.php?rest_route=\/wp\/v2\/types\/post"}],"author":[{"embeddable":true,"href":"https:\/\/noticiasregionais.com.br\/index.php?rest_route=\/wp\/v2\/users\/1"}],"replies":[{"embeddable":true,"href":"https:\/\/noticiasregionais.com.br\/index.php?rest_route=%2Fwp%2Fv2%2Fcomments&post=10842"}],"version-history":[{"count":1,"href":"https:\/\/noticiasregionais.com.br\/index.php?rest_route=\/wp\/v2\/posts\/10842\/revisions"}],"predecessor-version":[{"id":10845,"href":"https:\/\/noticiasregionais.com.br\/index.php?rest_route=\/wp\/v2\/posts\/10842\/revisions\/10845"}],"wp:featuredmedia":[{"embeddable":true,"href":"https:\/\/noticiasregionais.com.br\/index.php?rest_route=\/wp\/v2\/media\/10844"}],"wp:attachment":[{"href":"https:\/\/noticiasregionais.com.br\/index.php?rest_route=%2Fwp%2Fv2%2Fmedia&parent=10842"}],"wp:term":[{"taxonomy":"category","embeddable":true,"href":"https:\/\/noticiasregionais.com.br\/index.php?rest_route=%2Fwp%2Fv2%2Fcategories&post=10842"},{"taxonomy":"post_tag","embeddable":true,"href":"https:\/\/noticiasregionais.com.br\/index.php?rest_route=%2Fwp%2Fv2%2Ftags&post=10842"}],"curies":[{"name":"wp","href":"https:\/\/api.w.org\/{rel}","templated":true}]}}