{"id":10850,"date":"2025-11-06T10:37:24","date_gmt":"2025-11-06T13:37:24","guid":{"rendered":"https:\/\/noticiasregionais.com.br\/?p=10850"},"modified":"2025-11-06T10:37:24","modified_gmt":"2025-11-06T13:37:24","slug":"boi-gordo-hoje-confira-as-cotacoes-para-esta-sexta-feira-7","status":"publish","type":"post","link":"https:\/\/noticiasregionais.com.br\/?p=10850","title":{"rendered":"Boi gordo hoje: confira as cota\u00e7\u00f5es para esta sexta-feira (7)"},"content":{"rendered":"<p>O pre\u00e7o do <strong>boi gordo<\/strong> registra <strong>valoriza\u00e7\u00e3o\u00a0de 0,42%<\/strong> nesta sexta-feira (7)\u00a0e a arroba \u00e9 negociada a<strong> R$ 320,20<\/strong>, no estado de S\u00e3o Paulo.<\/p>\n<p><strong>INDICADOR DO BOI GORDO CEPEA\/ESALQ<\/strong><\/p>\n<\/p>\n<table id=\"imagenet-indicador1\">\n<thead>\n<tr>\n<th>DATA<\/th>\n<th>VALOR R$*<\/th>\n<th>VAR.\/DIA<\/th>\n<th>VAR.\/M\u00caS<\/th>\n<th>VALOR US$*<\/th>\n<\/tr>\n<\/thead>\n<tbody>\n<tr>\n<td>03\/11\/2025<\/td>\n<td>320,20<\/td>\n<td>0,42%<\/td>\n<td>0,42%<\/td>\n<td>59,78<\/td>\n<\/tr>\n<tr>\n<td>31\/10\/2025<\/td>\n<td>318,85<\/td>\n<td>0,00%<\/td>\n<td>4,85%<\/td>\n<td>59,29<\/td>\n<\/tr>\n<tr>\n<td>30\/10\/2025<\/td>\n<td>318,85<\/td>\n<td>0,30%<\/td>\n<td>4,85%<\/td>\n<td>59,29<\/td>\n<\/tr>\n<tr>\n<td>29\/10\/2025<\/td>\n<td>317,90<\/td>\n<td>1,03%<\/td>\n<td>4,54%<\/td>\n<td>59,24<\/td>\n<\/tr>\n<tr>\n<td>28\/10\/2025<\/td>\n<td>314,65<\/td>\n<td>0,41%<\/td>\n<td>3,47%<\/td>\n<td>58,70<\/td>\n<\/tr>\n<\/tbody>\n<\/table>\n<p>\u00a0<\/p>\n<h2>Pre\u00e7o do frango congelado e resfriado<\/h2>\n<p>Nos atacados da Grande S\u00e3o Paulo, S\u00e3o Jos\u00e9 do Rio Preto e Descalvado, os pre\u00e7os do <strong>frango congelado<\/strong> apresentaram <strong>desvaloriza\u00e7\u00e3o de 0,25%,\u00a0<\/strong>como tamb\u00e9m o\u00a0<strong>frango resfriado, <\/strong>que<strong> recuou 0,12%<\/strong>. A primeira mercadoria \u00e9 vendida a<strong> R$ 7,99<\/strong>, enquanto a segunda \u00e9 comercializada a <strong>R$ 8,07<\/strong>.<\/p>\n<p><strong>PRE\u00c7OS DO FRANGO CONGELADO CEPEA\/ESALQ &#8211; ESTADO SP\u00a0<\/strong><\/p>\n<\/p>\n<table id=\"imagenet-indicador1\">\n<thead>\n<tr>\n<th>DATA<\/th>\n<th>VALOR R$<\/th>\n<th>VAR.\/DIA<\/th>\n<th>VAR.\/M\u00caS<\/th>\n<\/tr>\n<\/thead>\n<tbody>\n<tr>\n<td>03\/11\/2025<\/td>\n<td>7,99<\/td>\n<td>-0,25%<\/td>\n<td>-0,25%<\/td>\n<\/tr>\n<tr>\n<td>31\/10\/2025<\/td>\n<td>8,01<\/td>\n<td>0,00%<\/td>\n<td>0,25%<\/td>\n<\/tr>\n<tr>\n<td>30\/10\/2025<\/td>\n<td>8,01<\/td>\n<td>0,00%<\/td>\n<td>0,25%<\/td>\n<\/tr>\n<tr>\n<td>29\/10\/2025<\/td>\n<td>8,01<\/td>\n<td>0,00%<\/td>\n<td>0,25%<\/td>\n<\/tr>\n<tr>\n<td>28\/10\/2025<\/td>\n<td>8,01<\/td>\n<td>0,00%<\/td>\n<td>0,25%<\/td>\n<\/tr>\n<\/tbody>\n<\/table>\n<p>\u00a0<\/p>\n<p><strong>PRE\u00c7OS DO FRANGO RESFRIADO CEPEA\/ESALQ &#8211; ESTADO SP<\/strong><\/p>\n<\/p>\n<table id=\"imagenet-indicador2\">\n<thead>\n<tr>\n<th>DATA<\/th>\n<th>VALOR R$<\/th>\n<th>VAR.\/DIA<\/th>\n<th>VAR.\/M\u00caS<\/th>\n<\/tr>\n<\/thead>\n<tbody>\n<tr>\n<td>03\/11\/2025<\/td>\n<td>8,07<\/td>\n<td>-0,12%<\/td>\n<td>-0,12%<\/td>\n<\/tr>\n<tr>\n<td>31\/10\/2025<\/td>\n<td>8,08<\/td>\n<td>0,00%<\/td>\n<td>-0,86%<\/td>\n<\/tr>\n<tr>\n<td>30\/10\/2025<\/td>\n<td>8,08<\/td>\n<td>0,00%<\/td>\n<td>-0,86%<\/td>\n<\/tr>\n<tr>\n<td>29\/10\/2025<\/td>\n<td>8,08<\/td>\n<td>0,00%<\/td>\n<td>-0,86%<\/td>\n<\/tr>\n<tr>\n<td>28\/10\/2025<\/td>\n<td>8,08<\/td>\n<td>0,00%<\/td>\n<td>-0,86%<\/td>\n<\/tr>\n<\/tbody>\n<\/table>\n<p>\u00a0<\/p>\n<h2>Pre\u00e7o da carca\u00e7a su\u00edna especial e do su\u00edno vivo<\/h2>\n<p>A <strong>carca\u00e7a su\u00edna especial <\/strong>tamb\u00e9m volta a apontar certa<strong>\u00a0estabilidade<\/strong>\u00a0no pre\u00e7o, com <strong>desvaloriza\u00e7\u00e3o de 0,08%,<\/strong>\u00a0sendo negociada a <strong>R$ 12,38\u00a0<\/strong>por quilo nos atacados da Grande S\u00e3o Paulo.\u00a0<\/p>\n<p><strong>PRE\u00c7OS DA CARCA\u00c7A SU\u00cdNA ESPECIAL (R$\/kg)<\/strong><\/p>\n<\/p>\n<table id=\"imagenet-indicador3\">\n<thead>\n<tr>\n<th>DATA<\/th>\n<th>M\u00c9DIA<\/th>\n<th>VAR.\/DIA<\/th>\n<th>VAR.\/M\u00caS<\/th>\n<\/tr>\n<\/thead>\n<tbody>\n<tr>\n<td>03\/11\/2025<\/td>\n<td>12,38<\/td>\n<td>-0,08%<\/td>\n<td>-0,08%<\/td>\n<\/tr>\n<tr>\n<td>31\/10\/2025<\/td>\n<td>12,39<\/td>\n<td>0,49%<\/td>\n<td>-4,40%<\/td>\n<\/tr>\n<tr>\n<td>30\/10\/2025<\/td>\n<td>12,33<\/td>\n<td>0,00%<\/td>\n<td>-4,86%<\/td>\n<\/tr>\n<tr>\n<td>29\/10\/2025<\/td>\n<td>12,33<\/td>\n<td>0,00%<\/td>\n<td>-4,86%<\/td>\n<\/tr>\n<tr>\n<td>28\/10\/2025<\/td>\n<td>12,33<\/td>\n<td>-0,32%<\/td>\n<td>-4,86%<\/td>\n<\/tr>\n<\/tbody>\n<\/table>\n<p>\u00a0<\/p>\n<p>O pre\u00e7o do<strong> su\u00edno vivo<\/strong> registra <strong>estabilidade no Rio Grande do Sul<\/strong> e\u00a0<strong>valoriza\u00e7\u00e3o<\/strong> de <strong>0,12%<\/strong> em<strong> Minas Gerais<\/strong>. H\u00e1 uma <strong>desvaloriza\u00e7\u00e3o de 0,12%\u00a0<\/strong>no\u00a0<strong>Paran\u00e1, <\/strong>de <strong>0,34%<\/strong> em <strong>S\u00e3o Paulo<\/strong> e de <strong>0,85%<\/strong> em <strong>Santa Catarina<\/strong>.<b> <\/b>As mercadorias variam entre\u00a0<strong>R$ 8,18\u00a0<\/strong>e<strong> R$8,74<\/strong>.<\/p>\n<p><strong>INDICADOR DO SU\u00cdNO VIVO CEPEA\/ESALQ (R$\/kg)\u00a0<\/strong><\/p>\n<\/p>\n<table id=\"imagenet-indicador2\">\n<thead>\n<tr>\n<th>DATA<\/th>\n<th>ESTADO<\/th>\n<th>VALOR R$*<\/th>\n<th>VAR.\/DIA<\/th>\n<th>VAR.\/M\u00caS<\/th>\n<\/tr>\n<\/thead>\n<tbody>\n<tr>\n<td>03\/11\/2025<\/td>\n<td>MG &#8211; posto<\/td>\n<td>8,24<\/td>\n<td>0,12%<\/td>\n<td>0,12%<\/td>\n<\/tr>\n<tr>\n<td>03\/11\/2025<\/td>\n<td>PR &#8211; a retirar<\/td>\n<td>8,34<\/td>\n<td>-0,12%<\/td>\n<td>-0,12%<\/td>\n<\/tr>\n<tr>\n<td>03\/11\/2025<\/td>\n<td>RS &#8211; a retirar<\/td>\n<td>8,28<\/td>\n<td>0,00%<\/td>\n<td>0,00%<\/td>\n<\/tr>\n<tr>\n<td>03\/11\/2025<\/td>\n<td>SC &#8211; a retirar<\/td>\n<td>8,18<\/td>\n<td>-0,85%<\/td>\n<td>-0,85%<\/td>\n<\/tr>\n<tr>\n<td>03\/11\/2025<\/td>\n<td>SP &#8211; posto<\/td>\n<td>8,74<\/td>\n<td>-0,34%<\/td>\n<td>-0,34%<\/td>\n<\/tr>\n<\/tbody>\n<\/table>\n<p>Os valores s\u00e3o do <a href=\"http:\/\/www.cepea.org.br\" target=\"_blank\" rel=\"noopener\"><strong>Cepea<\/strong><\/a>.<\/p>\n<h2>O que \u00e9 o boi gordo? Entenda o termo do mercado bovino<\/h2>\n<p>O <strong>boi gordo \u00e9 o bovino macho pronto para o abate, com peso m\u00ednimo de 16 arrobas l\u00edquidas de carca\u00e7a (aproximadamente 240 kg) e at\u00e9 42 meses de idade<\/strong>. Atende aos padr\u00f5es do mercado nacional e internacional, incluindo exporta\u00e7\u00f5es para Europa, China e cota Hilton.<\/p>\n<h2>Diferen\u00e7as entre frango congelado e frango resfriado<\/h2>\n<p>O<strong> frango congelado passa por congelamento r\u00e1pido, com temperaturas abaixo de -12\u00b0C<\/strong>, garantindo maior vida \u00fatil para armazenamento e transporte a longas dist\u00e2ncias. J\u00e1 o<strong> frango resfriado \u00e9 mantido entre 0\u00b0C e 4\u00b0C, com validade de 5 a 7 dias<\/strong>, oferecendo textura e sabor mais pr\u00f3ximos do fresco, ideal para consumidores exigentes e restaurantes.<\/p>\n<p>\t\t\t\t\t\t\t\t\t<img decoding=\"async\" src=\"https:\/\/brasil61.com\/api\/v1\/serve_pixel\/22254\/85675\" alt=\"Pixel Brasil 61\" class=\"b61_pixel\" width=\"0\" height=\"0\"><\/p>\n<div class=\"br61_backlink\">\n<p>\n\t\t\t\tFonte: <a href=\"https:\/\/brasil61.com\/boi-gordo-hoje-confira-as-cotacoes-para-esta-sexta-feira-7-pagr255915\" title=\"Artigo Original: Boi gordo hoje: confira as cota\u00e7\u00f5es para esta sexta-feira (7)\" target=\"_blank\" rel=\"noopener\">Brasil 61<\/a>\n\t\t\t<\/p>\n<\/p><\/div>\n<input type=\"hidden\" id=\"baseurl\" value=\"https:\/\/noticiasregionais.com.br\"><input type=\"hidden\" id=\"audio_nonce\" value=\"5c13e0637f\">","protected":false},"excerpt":{"rendered":"<p>XXO pre\u00e7o do su\u00edno vivo apresenta estabilidade no RS; o frango congelado e resfriado e a carca\u00e7a su\u00edna especial sofrem desvaloriza\u00e7\u00e3o<\/p>\n","protected":false},"author":1,"featured_media":10851,"comment_status":"","ping_status":"open","sticky":false,"template":"","format":"standard","meta":{"sfsi_plus_gutenberg_text_before_share":"","sfsi_plus_gutenberg_show_text_before_share":"","sfsi_plus_gutenberg_icon_type":"","sfsi_plus_gutenberg_icon_alignemt":"","sfsi_plus_gutenburg_max_per_row":"","footnotes":""},"categories":[8],"tags":[],"class_list":["post-10850","post","type-post","status-publish","format-standard","has-post-thumbnail","hentry","category-brasil"],"_links":{"self":[{"href":"https:\/\/noticiasregionais.com.br\/index.php?rest_route=\/wp\/v2\/posts\/10850","targetHints":{"allow":["GET"]}}],"collection":[{"href":"https:\/\/noticiasregionais.com.br\/index.php?rest_route=\/wp\/v2\/posts"}],"about":[{"href":"https:\/\/noticiasregionais.com.br\/index.php?rest_route=\/wp\/v2\/types\/post"}],"author":[{"embeddable":true,"href":"https:\/\/noticiasregionais.com.br\/index.php?rest_route=\/wp\/v2\/users\/1"}],"replies":[{"embeddable":true,"href":"https:\/\/noticiasregionais.com.br\/index.php?rest_route=%2Fwp%2Fv2%2Fcomments&post=10850"}],"version-history":[{"count":0,"href":"https:\/\/noticiasregionais.com.br\/index.php?rest_route=\/wp\/v2\/posts\/10850\/revisions"}],"wp:featuredmedia":[{"embeddable":true,"href":"https:\/\/noticiasregionais.com.br\/index.php?rest_route=\/wp\/v2\/media\/10851"}],"wp:attachment":[{"href":"https:\/\/noticiasregionais.com.br\/index.php?rest_route=%2Fwp%2Fv2%2Fmedia&parent=10850"}],"wp:term":[{"taxonomy":"category","embeddable":true,"href":"https:\/\/noticiasregionais.com.br\/index.php?rest_route=%2Fwp%2Fv2%2Fcategories&post=10850"},{"taxonomy":"post_tag","embeddable":true,"href":"https:\/\/noticiasregionais.com.br\/index.php?rest_route=%2Fwp%2Fv2%2Ftags&post=10850"}],"curies":[{"name":"wp","href":"https:\/\/api.w.org\/{rel}","templated":true}]}}