{"id":10852,"date":"2025-11-06T10:39:00","date_gmt":"2025-11-06T13:39:00","guid":{"rendered":"https:\/\/noticiasregionais.com.br\/?p=10852"},"modified":"2025-11-06T10:39:00","modified_gmt":"2025-11-06T13:39:00","slug":"soja-e-trigo-hoje-confira-as-cotacoes-para-esta-sexta-7","status":"publish","type":"post","link":"https:\/\/noticiasregionais.com.br\/?p=10852","title":{"rendered":"Soja e trigo hoje: confira as cota\u00e7\u00f5es para esta sexta (7)"},"content":{"rendered":"<p>O valor da saca de 60 kg da <strong>soja <\/strong>abre esta sexta-feira (7) em <strong>alta,\u00a0<\/strong>tanto no interior do Paran\u00e1 quanto no litoral do estado, em Paranagu\u00e1.\u00a0<\/p>\n<p>Na primeira regi\u00e3o, o gr\u00e3o teve <strong>valoriza\u00e7\u00e3o de 0,37%<\/strong> e \u00e9 negociado a <strong>R$ 134,07<\/strong>; na segunda, o\u00a0<strong>ajuste <\/strong>foi <strong>de 0,23%<\/strong>, com a mercadoria cotada a <strong>R$ 140,20<\/strong>.<\/p>\n<p><strong>INDICADOR DA SOJA CEPEA\/ESALQ &#8211; PARAN\u00c1<\/strong><\/p>\n<\/p>\n<table id=\"imagenet-indicador2\">\n<thead>\n<tr>\n<th>DATA<\/th>\n<th>VALOR R$*<\/th>\n<th>VAR.\/DIA<\/th>\n<th>VAR.\/M\u00caS<\/th>\n<th>VALOR US$*<\/th>\n<\/tr>\n<\/thead>\n<tbody>\n<tr>\n<td>03\/11\/2025<\/td>\n<td>134,07<\/td>\n<td>0,37%<\/td>\n<td>0,37%<\/td>\n<td>25,03<\/td>\n<\/tr>\n<tr>\n<td>31\/10\/2025<\/td>\n<td>133,58<\/td>\n<td>-0,19%<\/td>\n<td>3,65%<\/td>\n<td>24,82<\/td>\n<\/tr>\n<tr>\n<td>30\/10\/2025<\/td>\n<td>133,84<\/td>\n<td>0,31%<\/td>\n<td>3,85%<\/td>\n<td>24,89<\/td>\n<\/tr>\n<tr>\n<td>29\/10\/2025<\/td>\n<td>133,43<\/td>\n<td>-0,69%<\/td>\n<td>3,53%<\/td>\n<td>24,87<\/td>\n<\/tr>\n<tr>\n<td>28\/10\/2025<\/td>\n<td>134,36<\/td>\n<td>0,45%<\/td>\n<td>4,25%<\/td>\n<td>25,07<\/td>\n<\/tr>\n<\/tbody>\n<\/table>\n<p><strong>INDICADOR DA SOJA CEPEA\/ESALQ &#8211; PARANAGU\u00c1<\/strong><\/p>\n<\/p>\n<table id=\"imagenet-indicador1\">\n<thead>\n<tr>\n<th>DATA<\/th>\n<th>VALOR R$*<\/th>\n<th>VAR.\/DIA<\/th>\n<th>VAR.\/M\u00caS<\/th>\n<th>VALOR US$*<\/th>\n<\/tr>\n<\/thead>\n<tbody>\n<tr>\n<td>03\/11\/2025<\/td>\n<td>140,20<\/td>\n<td>0,23%<\/td>\n<td>0,23%<\/td>\n<td>26,18<\/td>\n<\/tr>\n<tr>\n<td>31\/10\/2025<\/td>\n<td>139,88<\/td>\n<td>-0,26%<\/td>\n<td>4,68%<\/td>\n<td>25,99<\/td>\n<\/tr>\n<tr>\n<td>30\/10\/2025<\/td>\n<td>140,25<\/td>\n<td>0,67%<\/td>\n<td>4,96%<\/td>\n<td>26,08<\/td>\n<\/tr>\n<tr>\n<td>29\/10\/2025<\/td>\n<td>139,32<\/td>\n<td>-0,36%<\/td>\n<td>4,27%<\/td>\n<td>25,96<\/td>\n<\/tr>\n<tr>\n<td>28\/10\/2025<\/td>\n<td>139,83<\/td>\n<td>0,75%<\/td>\n<td>4,65%<\/td>\n<td>26,09<\/td>\n<\/tr>\n<\/tbody>\n<\/table>\n<h2>Trigo<\/h2>\n<p>O pre\u00e7o do <strong>trigo<\/strong>, por sua vez, registra <strong>valoriza\u00e7\u00e3o de 0,09% no Paran\u00e1 <\/strong>e<strong>\u00a0de 0,12% no Rio Grande do Sul<\/strong>.<strong>\u00a0<\/strong>No primeiro estado, a tonelada\u00a0\u00e9 vendida a<strong> R$ 1.194,71<\/strong>, enquanto no segundo\u00a0\u00e9 comercializada a<strong> R$ 1.081,17<\/strong>.<\/p>\n<p><strong>PRE\u00c7O M\u00c9DIO DO TRIGO CEPEA\/ESALQ &#8211; PARAN\u00c1<\/strong><\/p>\n<\/p>\n<table id=\"imagenet-indicador1\">\n<thead>\n<tr>\n<th>DATA<\/th>\n<th>VALOR R$\/T*<\/th>\n<th>VAR.\/DIA<\/th>\n<th>VAR.\/M\u00caS<\/th>\n<th>VALOR US$\/T*<\/th>\n<\/tr>\n<\/thead>\n<tbody>\n<tr>\n<td>03\/11\/2025<\/td>\n<td>1.194,71<\/td>\n<td>0,09%<\/td>\n<td>0,09%<\/td>\n<td>223,06<\/td>\n<\/tr>\n<tr>\n<td>31\/10\/2025<\/td>\n<td>1.193,61<\/td>\n<td>0,00%<\/td>\n<td>-5,33%<\/td>\n<td>221,82<\/td>\n<\/tr>\n<tr>\n<td>30\/10\/2025<\/td>\n<td>1.193,61<\/td>\n<td>0,10%<\/td>\n<td>-5,33%<\/td>\n<td>221,94<\/td>\n<\/tr>\n<tr>\n<td>29\/10\/2025<\/td>\n<td>1.192,47<\/td>\n<td>0,20%<\/td>\n<td>-5,42%<\/td>\n<td>222,23<\/td>\n<\/tr>\n<tr>\n<td>28\/10\/2025<\/td>\n<td>1.190,08<\/td>\n<td>0,03%<\/td>\n<td>-5,61%<\/td>\n<td>222,03<\/td>\n<\/tr>\n<\/tbody>\n<\/table>\n<p><strong>PRE\u00c7O M\u00c9DIO DO TRIGO CEPEA\/ESALQ &#8211; RIO GRANDE DO SUL<\/strong><\/p>\n<\/p>\n<table id=\"imagenet-indicador2\">\n<thead>\n<tr>\n<th>DATA<\/th>\n<th>VALOR R$\/T*<\/th>\n<th>VAR.\/DIA<\/th>\n<th>VAR.\/M\u00caS<\/th>\n<th>VALOR US$\/T*<\/th>\n<\/tr>\n<\/thead>\n<tbody>\n<tr>\n<td>03\/11\/2025<\/td>\n<td>1.081,17<\/td>\n<td>0,12%<\/td>\n<td>0,12%<\/td>\n<td>201,86<\/td>\n<\/tr>\n<tr>\n<td>31\/10\/2025<\/td>\n<td>1.079,84<\/td>\n<td>-0,44%<\/td>\n<td>-11,91%<\/td>\n<td>200,68<\/td>\n<\/tr>\n<tr>\n<td>30\/10\/2025<\/td>\n<td>1.084,59<\/td>\n<td>0,21%<\/td>\n<td>-11,52%<\/td>\n<td>201,67<\/td>\n<\/tr>\n<tr>\n<td>29\/10\/2025<\/td>\n<td>1.082,27<\/td>\n<td>-0,35%<\/td>\n<td>-11,71%<\/td>\n<td>201,69<\/td>\n<\/tr>\n<tr>\n<td>28\/10\/2025<\/td>\n<td>1.086,04<\/td>\n<td>-1,22%<\/td>\n<td>-11,41%<\/td>\n<td>202,62<\/td>\n<\/tr>\n<\/tbody>\n<\/table>\n<p>Os valores s\u00e3o do <a href=\"http:\/\/www.cepea.org.br\" target=\"_blank\" rel=\"noopener\">Cepea<\/a>.<\/p>\n<h2>O que \u00e9 uma saca de soja ou de trigo? Entenda a unidade de medida no mercado de gr\u00e3os<\/h2>\n<p>A saca de soja e a saca de trigo s\u00e3o as principais unidades de comercializa\u00e7\u00e3o de gr\u00e3os no Brasil. Cada saca equivale a 60 quilos, padr\u00e3o adotado por \u00f3rg\u00e3os oficiais como a <strong>Companhia Nacional de Abastecimento (<a href=\"https:\/\/www.gov.br\/conab\/pt-br\" target=\"_blank\" rel=\"noopener\">Conab<\/a>)<\/strong>, o<strong> Minist\u00e9rio da Agricultura (<a href=\"http:\/\/www.gov.br\/agricultura\/pt-br\" target=\"_blank\" rel=\"noopener\">MAPA<\/a>)<\/strong> e o<strong> Centro de Estudos Avan\u00e7ados em Economia Aplicada (<a href=\"http:\/\/www.cepea.org.br\" target=\"_blank\" rel=\"noopener\">Cepea<\/a>)<\/strong>.<\/p>\n<p>Esse formato padronizado facilita o com\u00e9rcio da soja e do trigo, al\u00e9m de permitir um acompanhamento mais preciso das cota\u00e7\u00f5es e varia\u00e7\u00f5es de pre\u00e7os no mercado nacional.<\/p>\n<p>\t\t\t\t\t\t\t\t\t<img decoding=\"async\" src=\"https:\/\/brasil61.com\/api\/v1\/serve_pixel\/22254\/85676\" alt=\"Pixel Brasil 61\" class=\"b61_pixel\" width=\"0\" height=\"0\"><\/p>\n<div class=\"br61_backlink\">\n<p>\n\t\t\t\tFonte: <a href=\"https:\/\/brasil61.com\/soja-e-trigo-hoje-confira-as-cotacoes-para-esta-sexta-7-pagr255916\" title=\"Artigo Original: Soja e trigo hoje: confira as cota\u00e7\u00f5es para esta sexta (7)\" target=\"_blank\" rel=\"noopener\">Brasil 61<\/a>\n\t\t\t<\/p>\n<\/p><\/div>\n<input type=\"hidden\" id=\"baseurl\" value=\"https:\/\/noticiasregionais.com.br\"><input type=\"hidden\" id=\"audio_nonce\" value=\"5c13e0637f\">","protected":false},"excerpt":{"rendered":"<p>XXA soja apresenta alta no Paran\u00e1 e em Paranagu\u00e1; o trigo segue a tend\u00eancia<\/p>\n","protected":false},"author":1,"featured_media":10853,"comment_status":"","ping_status":"open","sticky":false,"template":"","format":"standard","meta":{"sfsi_plus_gutenberg_text_before_share":"","sfsi_plus_gutenberg_show_text_before_share":"","sfsi_plus_gutenberg_icon_type":"","sfsi_plus_gutenberg_icon_alignemt":"","sfsi_plus_gutenburg_max_per_row":"","footnotes":""},"categories":[8],"tags":[],"class_list":["post-10852","post","type-post","status-publish","format-standard","has-post-thumbnail","hentry","category-brasil"],"_links":{"self":[{"href":"https:\/\/noticiasregionais.com.br\/index.php?rest_route=\/wp\/v2\/posts\/10852","targetHints":{"allow":["GET"]}}],"collection":[{"href":"https:\/\/noticiasregionais.com.br\/index.php?rest_route=\/wp\/v2\/posts"}],"about":[{"href":"https:\/\/noticiasregionais.com.br\/index.php?rest_route=\/wp\/v2\/types\/post"}],"author":[{"embeddable":true,"href":"https:\/\/noticiasregionais.com.br\/index.php?rest_route=\/wp\/v2\/users\/1"}],"replies":[{"embeddable":true,"href":"https:\/\/noticiasregionais.com.br\/index.php?rest_route=%2Fwp%2Fv2%2Fcomments&post=10852"}],"version-history":[{"count":0,"href":"https:\/\/noticiasregionais.com.br\/index.php?rest_route=\/wp\/v2\/posts\/10852\/revisions"}],"wp:featuredmedia":[{"embeddable":true,"href":"https:\/\/noticiasregionais.com.br\/index.php?rest_route=\/wp\/v2\/media\/10853"}],"wp:attachment":[{"href":"https:\/\/noticiasregionais.com.br\/index.php?rest_route=%2Fwp%2Fv2%2Fmedia&parent=10852"}],"wp:term":[{"taxonomy":"category","embeddable":true,"href":"https:\/\/noticiasregionais.com.br\/index.php?rest_route=%2Fwp%2Fv2%2Fcategories&post=10852"},{"taxonomy":"post_tag","embeddable":true,"href":"https:\/\/noticiasregionais.com.br\/index.php?rest_route=%2Fwp%2Fv2%2Ftags&post=10852"}],"curies":[{"name":"wp","href":"https:\/\/api.w.org\/{rel}","templated":true}]}}