{"id":10854,"date":"2025-11-06T14:44:00","date_gmt":"2025-11-06T17:44:00","guid":{"rendered":"https:\/\/noticiasregionais.com.br\/?p=10854"},"modified":"2025-11-06T14:44:00","modified_gmt":"2025-11-06T17:44:00","slug":"municipios-criticam-falta-de-compensacao-financeira-na-reforma-do-imposto-de-renda-aprovada-pelo-senado","status":"publish","type":"post","link":"https:\/\/noticiasregionais.com.br\/?p=10854","title":{"rendered":"Munic\u00edpios criticam falta de compensa\u00e7\u00e3o financeira na reforma do Imposto de Renda aprovada pelo Senado"},"content":{"rendered":"<p>\u00a0<\/p>\n<\/p>\n<p dir=\"ltr\">A Confedera\u00e7\u00e3o Nacional de Munic\u00edpios (<a href=\"https:\/\/cnm.org.br\/comunicacao\/noticias\/cnm-critica-falta-de-compensacao-no-projeto-de-reforma-do-ir-e-fortalece-luta-para-evitar-perdas-aos-municipios\" target=\"_blank\" rel=\"noopener\">CNM<\/a>) critica a falta de responsabilidade fiscal e de coopera\u00e7\u00e3o federativa na aprova\u00e7\u00e3o do Projeto de Lei 1.087\/2025, que altera as regras de tributa\u00e7\u00e3o do Imposto de Renda sem prever compensa\u00e7\u00e3o financeira aos Entes locais.<\/p>\n<p dir=\"ltr\">Estimativas da CNM apontam que, sem a compensa\u00e7\u00e3o, os munic\u00edpios sofrer\u00e3o perdas anuais de R$ 5,1 bilh\u00f5es, valor correspondente \u00e0 arrecada\u00e7\u00e3o do Imposto de Renda sobre os sal\u00e1rios dos servidores municipais.<\/p>\n<p dir=\"ltr\">Durante a tramita\u00e7\u00e3o do projeto, a entidade defendeu a Emenda 8, que previa o ressarcimento integral das perdas municipais, apuradas anualmente, com base no ano de 2025 e corre\u00e7\u00e3o pelo IPCA. O texto, contudo, foi rejeitado no Senado.<\/p>\n<p dir=\"ltr\">A <a href=\"https:\/\/cnm.org.br\/comunicacao\/noticias\/cnm-critica-falta-de-compensacao-no-projeto-de-reforma-do-ir-e-fortalece-luta-para-evitar-perdas-aos-municipios\" target=\"_blank\" rel=\"noopener\">CNM<\/a> reconhece os m\u00e9ritos do projeto, como a amplia\u00e7\u00e3o da isen\u00e7\u00e3o do IR para quem ganha at\u00e9 R$ 5 mil, o desconto progressivo at\u00e9 R$ 7 mil e a tributa\u00e7\u00e3o m\u00ednima para rendimentos acima de R$ 600 mil por ano, mas refor\u00e7a que a compensa\u00e7\u00e3o prevista cobre apenas a queda de arrecada\u00e7\u00e3o da Uni\u00e3o, n\u00e3o garantindo neutralidade entre os Entes federados.<\/p>\n<p dir=\"ltr\">Para os munic\u00edpios, o impacto ocorre por dois canais: a redu\u00e7\u00e3o imediata do Fundo de Participa\u00e7\u00e3o dos Munic\u00edpios (<a href=\"https:\/\/www.gov.br\/pt-br\/servicos\/consultar-retencoes-do-fundo-de-participacao-de-estados-e-municipios\" target=\"_blank\" rel=\"noopener\">FPM<\/a>), estimada em R$ 4,6 bilh\u00f5es, e a perda direta de arrecada\u00e7\u00e3o pr\u00f3pria, de R$ 5,1 bilh\u00f5es, referente ao IR retido na fonte dos servidores. A institui\u00e7\u00e3o da tributa\u00e7\u00e3o m\u00ednima do IRPF compensaria apenas parcialmente essas perdas.<\/p>\n<p dir=\"ltr\">Diante da rejei\u00e7\u00e3o da emenda, o movimento municipalista deve refor\u00e7ar a luta pela Proposta de Emenda \u00e0 Constitui\u00e7\u00e3o (PEC) 25\/2022, que amplia o FPM em 1,5% no m\u00eas de mar\u00e7o. Segundo a <a href=\"https:\/\/cnm.org.br\/comunicacao\/noticias\/cnm-critica-falta-de-compensacao-no-projeto-de-reforma-do-ir-e-fortalece-luta-para-evitar-perdas-aos-municipios\" target=\"_blank\" rel=\"noopener\">CNM<\/a>, a proposta pode devolver cerca de R$ 6,6 bilh\u00f5es aos cofres municipais j\u00e1 no primeiro ano de vig\u00eancia.<\/p>\n<p dir=\"ltr\">O Senado aprovou o projeto que isenta do Imposto de Renda quem ganha at\u00e9 R$ 5 mil mensais e reduz as al\u00edquotas para sal\u00e1rios at\u00e9 R$ 7.350. Para compensar as perdas da Uni\u00e3o, a proposta aumenta a tributa\u00e7\u00e3o sobre rendimentos anuais acima de R$ 600 mil. O texto segue para a san\u00e7\u00e3o presidencial e deve entrar em vigor em janeiro de 2026.<\/p>\n<p dir=\"ltr\">As informa\u00e7\u00f5es s\u00e3o da <a href=\"https:\/\/www12.senado.leg.br\/noticias\/materias\/2025\/11\/05\/isencao-de-ir-para-quem-ganha-ate-r-5-mil-segue-para-sancao\" target=\"_blank\" rel=\"noopener\">Ag\u00eancia Senado<\/a> e da <a href=\"https:\/\/cnm.org.br\/comunicacao\/noticias\/cnm-critica-falta-de-compensacao-no-projeto-de-reforma-do-ir-e-fortalece-luta-para-evitar-perdas-aos-municipios\" target=\"_blank\" rel=\"noopener\">Confedera\u00e7\u00e3o Nacional de Munic\u00edpios<\/a>.<\/p>\n<p>\t\t\t\t\t\t\t\t\t<img decoding=\"async\" src=\"https:\/\/brasil61.com\/api\/v1\/serve_pixel\/22254\/85684\" alt=\"Pixel Brasil 61\" class=\"b61_pixel\" width=\"0\" height=\"0\"><\/p>\n<div class=\"br61_backlink\">\n<p>\n\t\t\t\tFonte: <a href=\"https:\/\/brasil61.com\/municipios-criticam-falta-de-compensacao-financeira-na-reforma-do-imposto-de-renda-aprovada-pelo-senado-bras2515094\" title=\"Artigo Original: Munic\u00edpios criticam falta de compensa\u00e7\u00e3o financeira na reforma do Imposto de Renda aprovada pelo Senado\" target=\"_blank\" rel=\"noopener\">Brasil 61<\/a>\n\t\t\t<\/p>\n<\/p><\/div>\n<input type=\"hidden\" id=\"baseurl\" value=\"https:\/\/noticiasregionais.com.br\"><input type=\"hidden\" id=\"audio_nonce\" value=\"5c13e0637f\">","protected":false},"excerpt":{"rendered":"<p>CNM alerta que munic\u00edpios podem perder mais de R$ 5 bilh\u00f5es por ano com a amplia\u00e7\u00e3o da faixa de isen\u00e7\u00e3o do IR sem medidas de ressarcimento aos Entes locais<\/p>\n","protected":false},"author":1,"featured_media":10855,"comment_status":"","ping_status":"open","sticky":false,"template":"","format":"standard","meta":{"sfsi_plus_gutenberg_text_before_share":"","sfsi_plus_gutenberg_show_text_before_share":"","sfsi_plus_gutenberg_icon_type":"","sfsi_plus_gutenberg_icon_alignemt":"","sfsi_plus_gutenburg_max_per_row":"","footnotes":""},"categories":[8],"tags":[],"class_list":["post-10854","post","type-post","status-publish","format-standard","has-post-thumbnail","hentry","category-brasil"],"_links":{"self":[{"href":"https:\/\/noticiasregionais.com.br\/index.php?rest_route=\/wp\/v2\/posts\/10854","targetHints":{"allow":["GET"]}}],"collection":[{"href":"https:\/\/noticiasregionais.com.br\/index.php?rest_route=\/wp\/v2\/posts"}],"about":[{"href":"https:\/\/noticiasregionais.com.br\/index.php?rest_route=\/wp\/v2\/types\/post"}],"author":[{"embeddable":true,"href":"https:\/\/noticiasregionais.com.br\/index.php?rest_route=\/wp\/v2\/users\/1"}],"replies":[{"embeddable":true,"href":"https:\/\/noticiasregionais.com.br\/index.php?rest_route=%2Fwp%2Fv2%2Fcomments&post=10854"}],"version-history":[{"count":0,"href":"https:\/\/noticiasregionais.com.br\/index.php?rest_route=\/wp\/v2\/posts\/10854\/revisions"}],"wp:featuredmedia":[{"embeddable":true,"href":"https:\/\/noticiasregionais.com.br\/index.php?rest_route=\/wp\/v2\/media\/10855"}],"wp:attachment":[{"href":"https:\/\/noticiasregionais.com.br\/index.php?rest_route=%2Fwp%2Fv2%2Fmedia&parent=10854"}],"wp:term":[{"taxonomy":"category","embeddable":true,"href":"https:\/\/noticiasregionais.com.br\/index.php?rest_route=%2Fwp%2Fv2%2Fcategories&post=10854"},{"taxonomy":"post_tag","embeddable":true,"href":"https:\/\/noticiasregionais.com.br\/index.php?rest_route=%2Fwp%2Fv2%2Ftags&post=10854"}],"curies":[{"name":"wp","href":"https:\/\/api.w.org\/{rel}","templated":true}]}}