{"id":10858,"date":"2025-11-06T18:41:00","date_gmt":"2025-11-06T21:41:00","guid":{"rendered":"https:\/\/noticiasregionais.com.br\/?p=10858"},"modified":"2025-11-06T18:41:00","modified_gmt":"2025-11-06T21:41:00","slug":"voto-distrital-misto-volta-a-pauta-da-camara-e-reacende-debate-sobre-reforma-eleitoral","status":"publish","type":"post","link":"https:\/\/noticiasregionais.com.br\/?p=10858","title":{"rendered":"Voto distrital misto volta \u00e0 pauta da C\u00e2mara e reacende debate sobre reforma eleitoral"},"content":{"rendered":"<p>\u00a0<\/p>\n<\/p>\n<p>O voto distrital misto voltou \u00e0 pauta da C\u00e2mara dos Deputados, impulsionado por uma articula\u00e7\u00e3o do presidente da Casa, Hugo Motta (Republicanos-PB). A proposta (<a href=\"https:\/\/www.camara.leg.br\/proposicoesWeb\/fichadetramitacao?idProposicao=2163674\" target=\"_blank\" rel=\"noopener\">PL 9212\/2017<\/a>) prev\u00ea a ado\u00e7\u00e3o do novo modelo eleitoral a partir de 2030 e reacende o debate sobre uma reforma pol\u00edtica mais ampla no pa\u00eds \u2014 tema que conta com o apoio da <a href=\"https:\/\/cacb.org.br\/\" target=\"_blank\" rel=\"noopener\">Confedera\u00e7\u00e3o das Associa\u00e7\u00f5es Comerciais do Brasil (CACB)<\/a>.<\/p>\n<p>Representando mais de 2.300 associa\u00e7\u00f5es comerciais em mais de dois mil munic\u00edpios,<a href=\"https:\/\/cacb.org.br\/wp-content\/uploads\/2025\/02\/LIVRETO-POCKET-REPENSANDO-O-VOTO-WEB.pdf\" target=\"_blank\" rel=\"noopener\"> a CACB defende que o sistema distrital misto pode aproximar eleitores e parlamentares, fortalecendo a rela\u00e7\u00e3o entre a sociedade e a classe pol\u00edtica<\/a>.<\/p>\n<p>O presidente da CACB, Alfredo Cotait Neto, afirma que o modelo \u201charmoniza e tranquiliza o ambiente pol\u00edtico\u201d. Ele refor\u00e7a que o engajamento dos associados junto aos deputados federais \u00e9 essencial para garantir que o texto avance no Congresso.<\/p>\n<p>Na avalia\u00e7\u00e3o da CACB, o voto distrital misto \u2014 que combina a representatividade distrital com a proporcional \u2014 oferece maior diversidade na composi\u00e7\u00e3o do Parlamento e pode contribuir para a constru\u00e7\u00e3o de uma representatividade pol\u00edtica mais respons\u00e1vel e eficaz. Entre os principais benef\u00edcios apontados pela entidade est\u00e3o:<\/p>\n<ul>\n<li>Fortalecimento do v\u00ednculo entre eleitor e representante;<\/li>\n<li>Aumento da responsabilidade pol\u00edtica com a base local;<\/li>\n<li>Redu\u00e7\u00e3o dos custos de campanha.<\/li>\n<\/ul>\n<p>O movimento de Hugo Motta, em parceria com o deputado Domingos Neto (PSD-CE), relator da mat\u00e9ria, marca a retomada do debate \u2013 interrompido desde 2017. Em entrevista \u00e0 CNN, Motta afirmou que pretende priorizar a tramita\u00e7\u00e3o da proposta ainda neste ano.<\/p>\n<h2>Diminui\u00e7\u00e3o de candidaturas<\/h2>\n<p>O relator, deputado Domingos Neto, tem defendido que o modelo promove a diminui\u00e7\u00e3o do n\u00famero de candidatos e um maior entrosamento destes com os eleitores.\u00a0\u00a0Domingos Neto (PSD-CE) destaca o papel da ado\u00e7\u00e3o do voto distrital na diminui\u00e7\u00e3o das candidaturas:<\/p>\n<p>&#8220;Quando voc\u00ea diminui isso para um distrito, onde cada partido s\u00f3 vai poder lan\u00e7ar um candidato a deputado federal naquele distrito, passa a ter uma rela\u00e7\u00e3o eleitoral como a de prefeito \u2013 onde vai ser cobrado, onde vai ser discutido quais s\u00e3o as propostas, onde vai poder ouvir a todos, diminui o n\u00famero de candidatos. Isso vai tamb\u00e9m permitir uma inova\u00e7\u00e3o, que ser\u00e1 ter debate para deputado federal&#8221;,\u00a0\u00a0diz o relator.\u00a0<\/p>\n<p>O <a href=\"https:\/\/www25.senado.leg.br\/web\/atividade\/materias\/-\/materia\/128554\" target=\"_blank\" rel=\"noopener\">texto-base \u00e9 um projeto de autoria do ex-senador Jos\u00e9 Serra (PSDB-SP), aprovado pelo Senado e enviado \u00e0 C\u00e2mara em 2017<\/a>. Na justificativa da mat\u00e9ria, Serra tamb\u00e9m defendeu o papel da mudan\u00e7a da redu\u00e7\u00e3o de candidaturas e, consequentemente, dos gastos com campanhas eleitorais.\u00a0<\/p>\n<p>O objetivo da mudan\u00e7a \u00e9 sanar problemas como o custo excessivo das campanhas e a falta de identifica\u00e7\u00e3o do eleitor com representantes e partidos.\u00a0<\/p>\n<p>Para a CACB, a redu\u00e7\u00e3o do n\u00famero de partidos no legislativo deve facilitar a governabilidade.<\/p>\n<h2>Entenda o voto distrital misto<\/h2>\n<p>A proposta (PL 9212\/2017) altera a forma de eleger deputados federais, distritais, estaduais e vereadores com a ado\u00e7\u00e3o do voto distrital misto.<\/p>\n<p>Cada distrito escolhe um \u00fanico representante, baseado na maioria dos votos. Na pr\u00e1tica, o eleitor vai fazer duas escolhas na urna: o candidato de seu respectivo distrito e o partido de sua prefer\u00eancia.<\/p>\n<p>A compet\u00eancia de delimitar os distritos \u2014 que dever\u00e3o ser geograficamente cont\u00edguos \u2014 ser\u00e1 da Justi\u00e7a Eleitoral. A divis\u00e3o deve seguir como crit\u00e9rio o n\u00famero de habitantes.<\/p>\n<p>O texto estabelece que cada partido poder\u00e1 registrar apenas um candidato e seu suplente por distrito eleitoral. Conforme a justificativa, em cada estado ou munic\u00edpio (a chamada circunscri\u00e7\u00e3o eleitoral), haver\u00e1 distritos em n\u00famero correspondente \u00e0 metade do n\u00famero de cadeiras da circunscri\u00e7\u00e3o \u2013 sendo arredondados para baixo no caso de n\u00fameros fracion\u00e1rios.\u00a0<\/p>\n<p>Por exemplo, caso um estado tenha nove cadeiras de deputado federal, quatro ser\u00e3o escolhidas na modalidade do voto distrital.<\/p>\n<p>Os candidatos ser\u00e3o eleitos, portanto, pelo voto distrital \u2013 sendo o que tenha obtido a maioria dos votos v\u00e1lidos; e pelo voto proporcional. O resultado das elei\u00e7\u00f5es deve refletir as propor\u00e7\u00f5es do voto partid\u00e1rio, obedecendo a Constitui\u00e7\u00e3o.<\/p>\n<p>As cadeiras do legislativo ser\u00e3o preenchidas primeiro pelos candidatos eleitos pelo voto distrital. Esgotadas essas vagas, as cadeiras remanescentes ser\u00e3o distribu\u00eddas entre os parlamentares dos partidos mais bem votados.<\/p>\n<h2>Debate no Congresso\u00a0<\/h2>\n<p>O debate atrelado ao Voto Distrital Misto se estende no Congresso h\u00e1 anos, com projeto tramitando desde 2017. No in\u00edcio de 2025, o presidente da C\u00e2mara Hugo Motta (Republicanos\/PB) anunciou que seria criada uma comiss\u00e3o especial destinada a discutir o tema.\u00a0<\/p>\n<p>Agora, o texto aguarda parecer do relator na Comiss\u00e3o de Constitui\u00e7\u00e3o e Justi\u00e7a e de Cidadania (CCJC).<\/p>\n<p>\t\t\t\t\t\t\t\t\t<img decoding=\"async\" src=\"https:\/\/brasil61.com\/api\/v1\/serve_pixel\/22254\/85688\" alt=\"Pixel Brasil 61\" class=\"b61_pixel\" width=\"0\" height=\"0\"><\/p>\n<div class=\"br61_backlink\">\n<p>\n\t\t\t\tFonte: <a href=\"https:\/\/brasil61.com\/voto-distrital-misto-volta-a-pauta-da-camara-e-reacende-debate-sobre-reforma-eleitoral-cacb250079\" title=\"Artigo Original: Voto distrital misto volta \u00e0 pauta da C\u00e2mara e reacende debate sobre reforma eleitoral\" target=\"_blank\" rel=\"noopener\">Brasil 61<\/a>\n\t\t\t<\/p>\n<\/p><\/div>\n<input type=\"hidden\" id=\"baseurl\" value=\"https:\/\/noticiasregionais.com.br\"><input type=\"hidden\" id=\"audio_nonce\" value=\"5c13e0637f\">","protected":false},"excerpt":{"rendered":"<p>Proposta prev\u00ea mudan\u00e7as nas elei\u00e7\u00f5es a partir de 2030 e \u00e9 defendida pela CACB como caminho para aproximar eleitores e representantes<\/p>\n","protected":false},"author":1,"featured_media":10859,"comment_status":"","ping_status":"open","sticky":false,"template":"","format":"standard","meta":{"sfsi_plus_gutenberg_text_before_share":"","sfsi_plus_gutenberg_show_text_before_share":"","sfsi_plus_gutenberg_icon_type":"","sfsi_plus_gutenberg_icon_alignemt":"","sfsi_plus_gutenburg_max_per_row":"","footnotes":""},"categories":[8],"tags":[],"class_list":["post-10858","post","type-post","status-publish","format-standard","has-post-thumbnail","hentry","category-brasil"],"_links":{"self":[{"href":"https:\/\/noticiasregionais.com.br\/index.php?rest_route=\/wp\/v2\/posts\/10858","targetHints":{"allow":["GET"]}}],"collection":[{"href":"https:\/\/noticiasregionais.com.br\/index.php?rest_route=\/wp\/v2\/posts"}],"about":[{"href":"https:\/\/noticiasregionais.com.br\/index.php?rest_route=\/wp\/v2\/types\/post"}],"author":[{"embeddable":true,"href":"https:\/\/noticiasregionais.com.br\/index.php?rest_route=\/wp\/v2\/users\/1"}],"replies":[{"embeddable":true,"href":"https:\/\/noticiasregionais.com.br\/index.php?rest_route=%2Fwp%2Fv2%2Fcomments&post=10858"}],"version-history":[{"count":0,"href":"https:\/\/noticiasregionais.com.br\/index.php?rest_route=\/wp\/v2\/posts\/10858\/revisions"}],"wp:featuredmedia":[{"embeddable":true,"href":"https:\/\/noticiasregionais.com.br\/index.php?rest_route=\/wp\/v2\/media\/10859"}],"wp:attachment":[{"href":"https:\/\/noticiasregionais.com.br\/index.php?rest_route=%2Fwp%2Fv2%2Fmedia&parent=10858"}],"wp:term":[{"taxonomy":"category","embeddable":true,"href":"https:\/\/noticiasregionais.com.br\/index.php?rest_route=%2Fwp%2Fv2%2Fcategories&post=10858"},{"taxonomy":"post_tag","embeddable":true,"href":"https:\/\/noticiasregionais.com.br\/index.php?rest_route=%2Fwp%2Fv2%2Ftags&post=10858"}],"curies":[{"name":"wp","href":"https:\/\/api.w.org\/{rel}","templated":true}]}}