{"id":10860,"date":"2025-11-06T19:44:00","date_gmt":"2025-11-06T22:44:00","guid":{"rendered":"https:\/\/noticiasregionais.com.br\/?p=10860"},"modified":"2025-11-06T19:44:00","modified_gmt":"2025-11-06T22:44:00","slug":"banco-da-amazonia-apresenta-agenda-estrategica-e-protagonismo-da-regiao-na-cop30-em-belem","status":"publish","type":"post","link":"https:\/\/noticiasregionais.com.br\/?p=10860","title":{"rendered":"Banco da Amaz\u00f4nia apresenta agenda estrat\u00e9gica e protagonismo da regi\u00e3o na COP30 em Bel\u00e9m"},"content":{"rendered":"<p>Principal institui\u00e7\u00e3o financeira de fomento da Pan-Amaz\u00f4nia, o <strong>Banco da Amaz\u00f4nia<\/strong>, marca <strong>presen\u00e7a<\/strong> na <strong>COP30<\/strong> com uma <strong>agenda voltada ao desenvolvimento sustent\u00e1vel da regi\u00e3o<\/strong>. O banco leva \u00e0 confer\u00eancia <strong>solu\u00e7\u00f5es de cr\u00e9dito verde<\/strong>, programas de <strong>bioeconomia<\/strong>, <strong>transi\u00e7\u00e3o energ\u00e9tica<\/strong> e <strong>modelos econ\u00f4micos<\/strong> que valorizam a <strong>floresta em p\u00e9<\/strong>.<\/p>\n<p>O <strong>Basa<\/strong> ter\u00e1 <strong>presen\u00e7a na C\u00fapula de L\u00edderes<\/strong> e uma extensa agenda institucional na <strong>Green Zone<\/strong>, incluindo <strong>estande pr\u00f3prio<\/strong> e <strong>programa\u00e7\u00e3o tem\u00e1tica<\/strong> ao longo do evento. O Basa ir\u00e1 apresentar <strong>instrumentos financeiros, parcerias estrat\u00e9gicas e programas de impacto que conectam capital p\u00fablico e privado ao desenvolvimento sustent\u00e1vel no territ\u00f3rio<\/strong>.<\/p>\n<p><b>\u00a0<\/b><\/p>\n<h2>Finan\u00e7as sustent\u00e1veis no centro da transforma\u00e7\u00e3o<\/h2>\n<p>Durante a COP30, o Banco apresentar\u00e1 solu\u00e7\u00f5es inovadoras que fortalecem cadeias produtivas sustent\u00e1veis, ampliam o acesso ao cr\u00e9dito e impulsionam modelos econ\u00f4micos que valorizam a floresta em p\u00e9. Entre os temas debatidos:<\/p>\n<ul>\n<li>Finan\u00e7as clim\u00e1ticas e\u00a0<i>blended finance<\/i><\/li>\n<li>Bioeconomia e sociobiodiversidade<\/li>\n<li>Infraestrutura e log\u00edstica sustent\u00e1vel<\/li>\n<li>Pecu\u00e1ria de baixa emiss\u00e3o e agricultura familiar<\/li>\n<li>Transi\u00e7\u00e3o energ\u00e9tica e gera\u00e7\u00e3o limpa descentralizada<\/li>\n<li>Instrumentos financeiros verdes e atra\u00e7\u00e3o de capital internacional<\/li>\n<\/ul>\n<p>A programa\u00e7\u00e3o re\u00fane representantes do governo federal, organismos multilaterais, setor privado, institui\u00e7\u00f5es financeiras, academia, organiza\u00e7\u00f5es da sociedade civil, empreendedores e comunidades tradicionais.\u00a0Confira ao final a programa\u00e7\u00e3o completa.<\/p>\n<p>\u00a0<\/p>\n<h2>Porta-vozes<\/h2>\n<p>O time de porta-vozes e especialistas do Banco da Amaz\u00f4nia estar\u00e1 \u00e0 disposi\u00e7\u00e3o da imprensa para comentar os temas mais importantes da COP 30.<\/p>\n<p>\u00a0<\/p>\n<p><b>Luiz Lessa<\/b><\/p>\n<p><b>Presidente (CEO) do Banco da Amaz\u00f4nia<\/b><\/p>\n<p>Com 39 anos de experi\u00eancia em grandes institui\u00e7\u00f5es financeiras no Brasil e no exterior (EUA, Portugal), Lessa traz uma vis\u00e3o de mercado de capitais global para a realidade amaz\u00f4nica. Ele n\u00e3o \u00e9 apenas um banqueiro de fomento; sua experi\u00eancia em fus\u00f5es e aquisi\u00e7\u00f5es, desenvolvimento de neg\u00f3cios e log\u00edstica o torna o interlocutor ideal para articular a tese de &#8220;Amaz\u00f4nia Inteligente&#8221; (grandes projetos de infraestrutura) com investidores internacionais.<\/p>\n<p><b>Especialista em temas como:<\/b>\u00a0Vis\u00e3o estrat\u00e9gica, finan\u00e7as sustent\u00e1veis, atra\u00e7\u00e3o de capital internacional, parcerias p\u00fablico-privadas (PPPs) em infraestrutura e log\u00edstica.<\/p>\n<p><b>\u00a0<\/b><\/p>\n<p><b>Joana Lima<\/b><\/p>\n<p><b>Diretora Comercial<\/b><\/p>\n<p>Com<b>\u00a0<\/b>24 anos de experi\u00eancia na linha de frente do setor banc\u00e1rio, \u00e9 a especialista que entende, na pr\u00e1tica, o desafio de levar o cr\u00e9dito \u00e0 ponta. Ela domina a segmenta\u00e7\u00e3o de clientes e a gest\u00e3o de carteiras, sendo a porta-voz ideal para falar sobre a execu\u00e7\u00e3o da &#8220;Amaz\u00f4nia Justa&#8221; \u2013 como o banco chega ao pequeno e m\u00e9dio produtor.<\/p>\n<p><b>Especialista em temas como:<\/b>\u00a0Estrat\u00e9gia comercial, bioeconomia na pr\u00e1tica, fomento a pequenos neg\u00f3cios, microcr\u00e9dito e agricultura familiar.<\/p>\n<p><b>\u00a0<\/b><\/p>\n<p><b>Roberto Schwartz<\/b><\/p>\n<p><b>Diretor de Cr\u00e9dito<\/b><\/p>\n<p>Funcion\u00e1rio<b>\u00a0<\/b>de carreira com 18 anos de banco, Schwartz \u00e9 o c\u00e9rebro por tr\u00e1s da estrutura\u00e7\u00e3o dos novos produtos de cr\u00e9dito verde. Ele liderou a reformula\u00e7\u00e3o dos modelos de risco do banco e pode explicar\u00a0<i>como<\/i>\u00a0o banco consegue financiar projetos complexos (como o Pecu\u00e1ria Verde ou a CPR Verde) com seguran\u00e7a, efici\u00eancia e baixa inadimpl\u00eancia.<\/p>\n<p><b>Especialista em temas como:<\/b>\u00a0Modelagem de risco socioambiental, estrutura\u00e7\u00e3o de cr\u00e9dito verde, CPR Verde, an\u00e1lise de\u00a0<i>pipeline<\/i>\u00a0de projetos (agro e infra) e inova\u00e7\u00e3o em concess\u00e3o de cr\u00e9dito.<\/p>\n<p>\u00a0<\/p>\n<p><b>F\u00e1bio Maeda<\/b><\/p>\n<p><b>Diretor de Controle e Risco e Rela\u00e7\u00f5es com Investidores<\/b><\/p>\n<p>Com um perfil 100% focado no mercado de capitais (graduado pela USP, com certifica\u00e7\u00f5es CVM e CNPI), Maeda \u00e9 a ponte entre a tese do banco e o investidor institucional. Ele fala a l\u00edngua do mercado e pode detalhar a arquitetura financeira dos novos Fundos ASG, do Amazon Bond e como o banco est\u00e1 se alinhando aos padr\u00f5es globais (ISSB, TNFD).<\/p>\n<p><b>Especialista em temas como:<\/b>\u00a0Rela\u00e7\u00f5es com Investidores (RI), estrutura\u00e7\u00e3o de Fundos ASG, Amazon Bond, governan\u00e7a (IFRS, TNFD) e mercado de capitais.<\/p>\n<p><b>\u00a0<\/b><\/p>\n<p><b>Diego Lima<\/b><\/p>\n<p>Diretor Corporativo<\/p>\n<p>Com<b>\u00a0<\/b>20 anos de carreira no banco, a maior parte em cargos de lideran\u00e7a comercial e de cr\u00e9dito em ag\u00eancias e superintend\u00eancias. Diego conhece a realidade do territ\u00f3rio como ningu\u00e9m. Ele \u00e9 o porta-voz que entende de gest\u00e3o de cr\u00e9dito, cobran\u00e7a e, crucialmente, de\u00a0<i>pessoas<\/i>, sendo a fonte ideal para falar sobre o pilar social e a transforma\u00e7\u00e3o digital interna (IA para neg\u00f3cios).<\/p>\n<p><b>Especialista em temas como:<\/b>\u00a0Gest\u00e3o de cr\u00e9dito na pr\u00e1tica, microcr\u00e9dito, agricultura familiar, transforma\u00e7\u00e3o digital (IA em neg\u00f3cios) e o impacto social do fomento.<\/p>\n<p><b>\u00a0<\/b><\/p>\n<p><b>Jos\u00e9 Maria Quinto<\/b><\/p>\n<p><b>Diretor de Tecnologia<\/b><\/p>\n<p>Um especialista\u00a0 que une dois mundos cruciais: finan\u00e7as e tecnologia. Com 17 anos de banco, Quinto foi gerente de riscos corporativos e controladoria. Ele n\u00e3o apenas entende a tecnologia por tr\u00e1s do &#8220;Banco Digital&#8221;, mas tamb\u00e9m\u00a0<i>como<\/i>\u00a0essa tecnologia impacta o resultado financeiro\u00a0 e o controle de riscos da opera\u00e7\u00e3o.<\/p>\n<p><b>Especialista em temas como:<\/b>\u00a0Transforma\u00e7\u00e3o digital, &#8220;Banco Digital&#8221;, seguran\u00e7a de dados, gest\u00e3o de risco tecnol\u00f3gico, inova\u00e7\u00e3o em tesouraria e controladoria.<\/p>\n<p>\u00a0<\/p>\n<h2>Confira a programa\u00e7\u00e3o<\/h2>\n<p>\u00a0<\/p>\n<p><b>Dia 10\/11: Abertura Institucional<\/b><\/p>\n<ul>\n<li><b>16:00:<\/b> Abertura Institucional\u00a0<\/li>\n<li>Encerramento Institucional<\/li>\n<\/ul>\n<p><b>Dia 11\/11: Dia da Bioeconomia<\/b><\/p>\n<ul>\n<li><b>10:00:<\/b> Painel: &#8220;Bioeconomia, conserva\u00e7\u00e3o da natureza e resili\u00eancia clim\u00e1tica: vetores de transforma\u00e7\u00e3o sustent\u00e1vel&#8221;<\/li>\n<li><b>11:00:<\/b> Mesa-Redonda: &#8220;Como escalar cadeias produtivas na Amaz\u00f4nia&#8221;\u00a0<\/li>\n<li><b>14:00:<\/b> Painel: BIOMASSA<\/li>\n<li><b>15:00:<\/b> Mesa-Redonda: &#8220;Vozes da Bioeconomia \u2013 produtores e investidores&#8221;\u00a0<\/li>\n<li><b>16:00:<\/b> &#8220;Desafios da bioeconomia na Amaz\u00f4nia&#8221;<\/li>\n<li><b>17:00:<\/b> Encerramento Institucional.<\/li>\n<\/ul>\n<p><b>Dia 12\/11: Espiral do Crescimento Sustent\u00e1vel<\/b><\/p>\n<ul>\n<li><b>10:30:<\/b> Abertura Institucional: Apresenta\u00e7\u00e3o da &#8220;Espiral do Crescimento&#8221;<\/li>\n<li><b>11:00:<\/b> Evento Principal: &#8220;Ra\u00edzes que Inspiram: do Local ao Global &#8211; Como os meios de pagamento ampliam a inclus\u00e3o financeira&#8221;\u00a0<\/li>\n<li><b>12:00 \u2013 18:00:<\/b> Atividades cont\u00ednuas, incluindo &#8220;Mulheres inspiradoras&#8221; e &#8220;Lan\u00e7amento Brasil \u2013 \u00c1frica&#8221;<\/li>\n<\/ul>\n<p><b>Dia 13\/11: Finan\u00e7as Sustent\u00e1veis<\/b><\/p>\n<ul>\n<li><b>10:00:<\/b> Painel &#8220;Padr\u00f5es Globais de Sustentabilidade e Governan\u00e7a&#8221;\u00a0<\/li>\n<li><b>11:00:<\/b> Mesa-Redonda: &#8220;Desafio dos reguladores&#8221;\u00a0<\/li>\n<li><b>14:00:<\/b> Painel: &#8220;Governan\u00e7a P\u00fablica como caminho para o desenvolvimento&#8221;<\/li>\n<li><b>15:00:<\/b> Painel: Apresenta\u00e7\u00e3o &#8220;CPR Verde, Amazon Bond, ETF Amaz\u00f4nia&#8221;\u00a0<\/li>\n<li><b>16:00:<\/b> Painel: &#8220;Finan\u00e7as para o Desenvolvimento Sustent\u00e1vel&#8221;\u00a0<\/li>\n<li><b>17:00:<\/b> Evento: &#8220;Rodada de Conex\u00e3o&#8221;\u00a0<\/li>\n<\/ul>\n<p><b>Dia 14\/11: Transi\u00e7\u00e3o Energ\u00e9tica<\/b><\/p>\n<ul>\n<li><b>10:00:<\/b> Palestra: &#8220;Desafios da Transforma\u00e7\u00e3o Energ\u00e9tica no Brasil&#8221;\u00a0<\/li>\n<li><b>11:00:<\/b> Estudos de Caso: &#8220;Investimentos em SANEAMENTO&#8221;<\/li>\n<li><b>14:00:<\/b> Mesa-Redonda: &#8220;Transi\u00e7\u00e3o Energ\u00e9tica na Amaz\u00f4nia&#8221;<\/li>\n<li><b>16:00:<\/b> Estudos de Caso: &#8220;Projetos de Infraestrutura e Benef\u00edcios Sociais&#8221;\u00a0<\/li>\n<li><b>17:00:<\/b> Encerramento: &#8220;Investimentos em Infraestrutura e Transi\u00e7\u00e3o Energ\u00e9tica&#8221;<\/li>\n<\/ul>\n<p><b>Dia 15\/11: Infraestrutura Verde<\/b><\/p>\n<ul>\n<li><b>10:00:<\/b> Palestra: &#8220;Desafios e Oportunidades para o Setor de Log\u00edstica&#8221;\u00a0<\/li>\n<li><b>11:00:<\/b> Mesa-Redonda: &#8220;Log\u00edstica Verde e sua Contribui\u00e7\u00e3o para uma Amaz\u00f4nia Sustent\u00e1vel&#8221;\u00a0<\/li>\n<li><b>14:00:<\/b> Palestra: &#8220;Investimentos em Infraestrutura e Log\u00edstica no Estado do Par\u00e1&#8221;\u00a0<\/li>\n<li><b>15:00:<\/b> Painel: &#8220;Futuro da Energia&#8221;\u00a0<\/li>\n<li><b>17:00:<\/b> Encerramento: &#8220;Oportunidades de Cr\u00e9dito para Infraestrutura Verde&#8221;\u00a0<\/li>\n<\/ul>\n<p><b>Dia 16\/11<\/b><\/p>\n<ul>\n<li>Sem atividades programadas na Green Zone.<\/li>\n<\/ul>\n<p><b>Dia 17\/11: Agropecu\u00e1ria Sustent\u00e1vel<\/b><\/p>\n<ul>\n<li><b>10:00:<\/b> Abertura Institucional.<\/li>\n<li><b>11:00:<\/b> Painel: &#8220;Agricultura regenerativa e Plano Clima: o desafio de contribuir para a NDC brasileira&#8221;<\/li>\n<li><b>14:00:<\/b> Painel: &#8220;Fomentando a Transi\u00e7\u00e3o Regenerativa na Agricultura Familiar&#8221;<\/li>\n<\/ul>\n<p><b>Dia 18\/11: Pecu\u00e1ria Verde e Financiamento Sustent\u00e1vel<\/b><\/p>\n<ul>\n<li><b>10:00:<\/b> Abertura Institucional: &#8220;Pecu\u00e1ria Sustent\u00e1vel como Pilar do Desenvolvimento Regional&#8221;<\/li>\n<li><b>10:30:<\/b> Painel: &#8220;Por que financiar a pecu\u00e1ria na Amaz\u00f4nia? \u00c9 muita ousadia?&#8221;\u00a0<\/li>\n<li><b>14:00:<\/b> Painel: &#8220;Quais as vantagens do Pecu\u00e1ria Verde e os principais desafios?&#8221;\u00a0<\/li>\n<li><b>15:00:<\/b> Painel &#8220;Que contribui\u00e7\u00f5es trazem os parceiros?&#8221;\u00a0<\/li>\n<\/ul>\n<p><b>16:00:<\/b> Encerramento<\/p>\n<p>\t\t\t\t\t\t\t\t\t<img decoding=\"async\" src=\"https:\/\/brasil61.com\/api\/v1\/serve_pixel\/22254\/85689\" alt=\"Pixel Brasil 61\" class=\"b61_pixel\" width=\"0\" height=\"0\"><\/p>\n<div class=\"br61_backlink\">\n<p>\n\t\t\t\tFonte: <a href=\"https:\/\/brasil61.com\/banco-da-amazonia-apresenta-agenda-estrategica-e-protagonismo-da-regiao-na-cop30-em-belem-basa250113\" title=\"Artigo Original: Banco da Amaz\u00f4nia apresenta agenda estrat\u00e9gica e protagonismo da regi\u00e3o na COP30 em Bel\u00e9m\" target=\"_blank\" rel=\"noopener\">Brasil 61<\/a>\n\t\t\t<\/p>\n<\/p><\/div>\n<input type=\"hidden\" id=\"baseurl\" value=\"https:\/\/noticiasregionais.com.br\"><input type=\"hidden\" id=\"audio_nonce\" value=\"5c13e0637f\">","protected":false},"excerpt":{"rendered":"<p>O Basa ter\u00e1 programa\u00e7\u00e3o repleta at\u00e9 o dia 18 de novembro na COP30<\/p>\n","protected":false},"author":1,"featured_media":10861,"comment_status":"","ping_status":"open","sticky":false,"template":"","format":"standard","meta":{"sfsi_plus_gutenberg_text_before_share":"","sfsi_plus_gutenberg_show_text_before_share":"","sfsi_plus_gutenberg_icon_type":"","sfsi_plus_gutenberg_icon_alignemt":"","sfsi_plus_gutenburg_max_per_row":"","footnotes":""},"categories":[8],"tags":[],"class_list":["post-10860","post","type-post","status-publish","format-standard","has-post-thumbnail","hentry","category-brasil"],"_links":{"self":[{"href":"https:\/\/noticiasregionais.com.br\/index.php?rest_route=\/wp\/v2\/posts\/10860","targetHints":{"allow":["GET"]}}],"collection":[{"href":"https:\/\/noticiasregionais.com.br\/index.php?rest_route=\/wp\/v2\/posts"}],"about":[{"href":"https:\/\/noticiasregionais.com.br\/index.php?rest_route=\/wp\/v2\/types\/post"}],"author":[{"embeddable":true,"href":"https:\/\/noticiasregionais.com.br\/index.php?rest_route=\/wp\/v2\/users\/1"}],"replies":[{"embeddable":true,"href":"https:\/\/noticiasregionais.com.br\/index.php?rest_route=%2Fwp%2Fv2%2Fcomments&post=10860"}],"version-history":[{"count":0,"href":"https:\/\/noticiasregionais.com.br\/index.php?rest_route=\/wp\/v2\/posts\/10860\/revisions"}],"wp:featuredmedia":[{"embeddable":true,"href":"https:\/\/noticiasregionais.com.br\/index.php?rest_route=\/wp\/v2\/media\/10861"}],"wp:attachment":[{"href":"https:\/\/noticiasregionais.com.br\/index.php?rest_route=%2Fwp%2Fv2%2Fmedia&parent=10860"}],"wp:term":[{"taxonomy":"category","embeddable":true,"href":"https:\/\/noticiasregionais.com.br\/index.php?rest_route=%2Fwp%2Fv2%2Fcategories&post=10860"},{"taxonomy":"post_tag","embeddable":true,"href":"https:\/\/noticiasregionais.com.br\/index.php?rest_route=%2Fwp%2Fv2%2Ftags&post=10860"}],"curies":[{"name":"wp","href":"https:\/\/api.w.org\/{rel}","templated":true}]}}