{"id":10862,"date":"2025-11-06T19:58:00","date_gmt":"2025-11-06T22:58:00","guid":{"rendered":"https:\/\/noticiasregionais.com.br\/?p=10862"},"modified":"2025-11-06T19:58:00","modified_gmt":"2025-11-06T22:58:00","slug":"banco-da-amazonia-lanca-medalha-da-cop-30-em-simbolo-de-compromisso-sustentavel","status":"publish","type":"post","link":"https:\/\/noticiasregionais.com.br\/?p=10862","title":{"rendered":"Banco da Amaz\u00f4nia lan\u00e7a medalha da COP 30 em s\u00edmbolo de compromisso sustent\u00e1vel"},"content":{"rendered":"<p>Em <strong>celebra\u00e7\u00e3o<\/strong> \u00e0 realiza\u00e7\u00e3o da <strong>30\u00aa Confer\u00eancia das Partes da Conven\u00e7\u00e3o das Na\u00e7\u00f5es Unidas sobre Mudan\u00e7a do Clima (COP 30) 2025<\/strong>, que ocorre em <strong>Bel\u00e9m (PA)<\/strong>, o <strong>Banco da Amaz\u00f4nia<\/strong> lan\u00e7a uma <strong>medalha comemorativa<\/strong> especialmente cunhada pela <strong>Casa da Moeda do Brasil<\/strong>.<\/p>\n<p>A pe\u00e7a <strong>simboliza o reconhecimento, o compromisso e a esperan\u00e7a em torno da pauta clim\u00e1tica global<\/strong>, destacando o <strong>protagonismo<\/strong> do Banco da Amaz\u00f4nia no <strong>fomento ao desenvolvimento sustent\u00e1vel <\/strong>da regi\u00e3o. A entrega da medalha <strong>marca um momento de valoriza\u00e7\u00e3o<\/strong> da Amaz\u00f4nia como <strong>centro estrat\u00e9gico da agenda ambiental mundial<\/strong> e refor\u00e7a a miss\u00e3o institucional de conciliar progresso econ\u00f4mico com a preserva\u00e7\u00e3o ambiental.<\/p>\n<p>Ser\u00e3o entregues <strong>150 unidades<\/strong> da edi\u00e7\u00e3o limitada da medalha, que ir\u00e3o compor os <strong>kits destinados aos chefes de Estado<\/strong> e autoridades presentes na COP 30, como gesto simb\u00f3lico de reconhecimento e compromisso com a agenda clim\u00e1tica e o futuro sustent\u00e1vel da Amaz\u00f4nia.<\/p>\n<p>\u201cEsta medalha representa o elo entre conhecimento, natureza e a\u00e7\u00e3o clim\u00e1tica. \u00c9 um tributo \u00e0 Amaz\u00f4nia, \u00e0 sua riqueza incompar\u00e1vel e ao papel do Brasil como guardi\u00e3o de um bioma essencial ao equil\u00edbrio do planeta\u201d, destaca <strong>Luiz Lessa, presidente do Banco da Amaz\u00f4nia<\/strong>.<\/p>\n<p>Desde a sua cria\u00e7\u00e3o, o Banco tem atuado como agente estrat\u00e9gico na promo\u00e7\u00e3o de cadeias produtivas sustent\u00e1veis, no fortalecimento das comunidades tradicionais, na bioeconomia e na transi\u00e7\u00e3o energ\u00e9tica limpa. Por meio de pol\u00edticas de cr\u00e9dito verde e inova\u00e7\u00e3o financeira, a institui\u00e7\u00e3o impulsiona projetos que unem desenvolvimento, justi\u00e7a social e respeito ao meio ambiente.<\/p>\n<p>\u00a0<\/p>\n<h2>CARACTER\u00cdSTICAS<\/h2>\n<p>A medalha comemorativa COP 30 apresenta, em seu anverso, as legendas \u201cCOP 30 Bel\u00e9m\/PA Brasil \u2013 2025\u201d e o logotipo do Banco da Amaz\u00f4nia em tampografia colorida, acompanhados por elementos decorativos inspirados na vit\u00f3ria-r\u00e9gia e nos grafismos ind\u00edgenas. No reverso, est\u00e3o as inscri\u00e7\u00f5es \u201cA maior riqueza do mundo \u2013 Amaz\u00f4nia\u201d, com ilustra\u00e7\u00f5es que simbolizam a integra\u00e7\u00e3o entre fauna, flora e humanidade.<\/p>\n<p>O design \u00e9 assinado por Monique Porto, com modelagens desenvolvidas pela mesma e por Luiz Henrique Peixoto, em uma cria\u00e7\u00e3o que celebra a diversidade cultural e natural da regi\u00e3o.<\/p>\n<p>Mais do que um objeto comemorativo, a medalha \u00e9 um convite \u00e0 responsabilidade compartilhada e um s\u00edmbolo duradouro do papel transformador que a Amaz\u00f4nia exerce nas discuss\u00f5es sobre o futuro do planeta.<\/p>\n<p>\t\t\t\t\t\t\t\t\t<img decoding=\"async\" src=\"https:\/\/brasil61.com\/api\/v1\/serve_pixel\/22254\/85692\" alt=\"Pixel Brasil 61\" class=\"b61_pixel\" width=\"0\" height=\"0\"><\/p>\n<div class=\"br61_backlink\">\n<p>\n\t\t\t\tFonte: <a href=\"https:\/\/brasil61.com\/banco-da-amazonia-lanca-medalha-da-cop-30-em-simbolo-de-compromisso-sustentavel-basa250114\" title=\"Artigo Original: Banco da Amaz\u00f4nia lan\u00e7a medalha da COP 30 em s\u00edmbolo de compromisso sustent\u00e1vel\" target=\"_blank\" rel=\"noopener\">Brasil 61<\/a>\n\t\t\t<\/p>\n<\/p><\/div>\n<input type=\"hidden\" id=\"baseurl\" value=\"https:\/\/noticiasregionais.com.br\"><input type=\"hidden\" id=\"audio_nonce\" value=\"5c13e0637f\">","protected":false},"excerpt":{"rendered":"<p>O Banco da Amaz\u00f4nia celebra a chegada da COP 30 com o lan\u00e7amento de uma medalha que traduz o elo entre natureza, conhecimento e a\u00e7\u00e3o clim\u00e1tica.<\/p>\n","protected":false},"author":1,"featured_media":10863,"comment_status":"","ping_status":"open","sticky":false,"template":"","format":"standard","meta":{"sfsi_plus_gutenberg_text_before_share":"","sfsi_plus_gutenberg_show_text_before_share":"","sfsi_plus_gutenberg_icon_type":"","sfsi_plus_gutenberg_icon_alignemt":"","sfsi_plus_gutenburg_max_per_row":"","footnotes":""},"categories":[8],"tags":[],"class_list":["post-10862","post","type-post","status-publish","format-standard","has-post-thumbnail","hentry","category-brasil"],"_links":{"self":[{"href":"https:\/\/noticiasregionais.com.br\/index.php?rest_route=\/wp\/v2\/posts\/10862","targetHints":{"allow":["GET"]}}],"collection":[{"href":"https:\/\/noticiasregionais.com.br\/index.php?rest_route=\/wp\/v2\/posts"}],"about":[{"href":"https:\/\/noticiasregionais.com.br\/index.php?rest_route=\/wp\/v2\/types\/post"}],"author":[{"embeddable":true,"href":"https:\/\/noticiasregionais.com.br\/index.php?rest_route=\/wp\/v2\/users\/1"}],"replies":[{"embeddable":true,"href":"https:\/\/noticiasregionais.com.br\/index.php?rest_route=%2Fwp%2Fv2%2Fcomments&post=10862"}],"version-history":[{"count":0,"href":"https:\/\/noticiasregionais.com.br\/index.php?rest_route=\/wp\/v2\/posts\/10862\/revisions"}],"wp:featuredmedia":[{"embeddable":true,"href":"https:\/\/noticiasregionais.com.br\/index.php?rest_route=\/wp\/v2\/media\/10863"}],"wp:attachment":[{"href":"https:\/\/noticiasregionais.com.br\/index.php?rest_route=%2Fwp%2Fv2%2Fmedia&parent=10862"}],"wp:term":[{"taxonomy":"category","embeddable":true,"href":"https:\/\/noticiasregionais.com.br\/index.php?rest_route=%2Fwp%2Fv2%2Fcategories&post=10862"},{"taxonomy":"post_tag","embeddable":true,"href":"https:\/\/noticiasregionais.com.br\/index.php?rest_route=%2Fwp%2Fv2%2Ftags&post=10862"}],"curies":[{"name":"wp","href":"https:\/\/api.w.org\/{rel}","templated":true}]}}