{"id":10868,"date":"2025-11-08T04:00:00","date_gmt":"2025-11-08T07:00:00","guid":{"rendered":"https:\/\/noticiasregionais.com.br\/?p=10868"},"modified":"2025-11-08T04:00:00","modified_gmt":"2025-11-08T07:00:00","slug":"dia-d-contra-o-aedes-aegypti-mobiliza-pais-neste-sabado-8","status":"publish","type":"post","link":"https:\/\/noticiasregionais.com.br\/?p=10868","title":{"rendered":"Dia D contra o Aedes aegypti mobiliza pa\u00eds neste s\u00e1bado (8)"},"content":{"rendered":"<p>\t\t\t\t\t\t\t\t\t\t\t<audio controls class=\"b61_audio_player\" data-noticia=\"85717\" src=\"https:\/\/brasil61.com\/rails\/active_storage\/blobs\/eyJfcmFpbHMiOnsibWVzc2FnZSI6IkJBaHBBODY3QXc9PSIsImV4cCI6bnVsbCwicHVyIjoiYmxvYl9pZCJ9fQ==--7314b206006acf64d11b5bfe45848d4e1766f10e\/BRAS2515103A\"><\/audio><\/p>\n<p>Neste s\u00e1bado (8), o <a href=\"https:\/\/www.gov.br\/saude\/pt-br\/assuntos\/noticias\/2025\/novembro\/dia-d-nacional-contra-a-dengue-zika-e-chikungunya-acontece-neste-sabado-8\" target=\"_blank\" rel=\"noopener\"><strong>Minist\u00e9rio da Sa\u00fade <\/strong><\/a>promove o <strong>Dia D nacional de combate ao mosquito Aedes aegypti, transmissor da dengue, Zika e chikungunya. <\/strong>A mobiliza\u00e7\u00e3o acontece simultaneamente em estados e munic\u00edpios, com previs\u00e3o de mutir\u00f5es de limpeza, visitas de agentes de sa\u00fade e a\u00e7\u00f5es de conscientiza\u00e7\u00e3o nas comunidades.<\/p>\n<p>O <strong>objetivo \u00e9 eliminar criadouros do mosquito antes do per\u00edodo de maior transmiss\u00e3o, que ocorre no primeiro semestre<\/strong>. O ministro da Sa\u00fade, Alexandre Padilha, explicou a a\u00e7\u00e3o pretende engajar a popula\u00e7\u00e3o e os munic\u00edpios para identificar os pontos cr\u00edticos e eliminar os criadouros do mosquito.<\/p>\n<p>Segundo o minist\u00e9rio, <strong>370 mil profissionais atuam na preven\u00e7\u00e3o das arboviroses em todo o pa\u00eds. <\/strong>Os agentes de sa\u00fade e de endemias visitam casas, orientam fam\u00edlias, aplicam larvicidas e coletam dados que ajudam no planejamento das a\u00e7\u00f5es.<\/p>\n<p>O <strong><a href=\"https:\/\/www.gov.br\/saude\/pt-br\/assuntos\/saude-de-a-a-z\/a\/arboviroses\/liraa\" target=\"_blank\" rel=\"noopener\">3\u00ba Levantamento de \u00cdndice R\u00e1pido do Aedes aegypti (LIRAa)<\/a>, realizado entre agosto e outubro, 30% dos munic\u00edpios brasileiros est\u00e3o em estado de alerta para a dengue. Em 3,2 mil cidades, mais de 80% das larvas estavam em recipientes como vasos de plantas, pneus, garrafas, caixas d\u2019\u00e1gua, calhas, ralos e at\u00e9 folhas de brom\u00e9lias e cavidades de \u00e1rvores.<\/strong> \u00a0<\/p>\n<p>O governo tamb\u00e9m aposta em tecnologias de controle do mosquito, como o m\u00e9todo Wolbachia, que reduz a capacidade de transmiss\u00e3o do v\u00edrus. O minist\u00e9rio informou que a iniciativa j\u00e1 \u00e9 aplicada em 11 munic\u00edpios e deve chegar a 70 at\u00e9 2026.<\/p>\n<h2>Exemplos de mobiliza\u00e7\u00e3o pelo pa\u00eds<\/h2>\n<p>Em<a href=\"https:\/\/dive.sc.gov.br\/index.php\/noticias-todas\/857-dengue-sc-santa-catarina-realiza-dia-d-de-mobilizacao-neste-sabado-e-acoes-seguem-ao-longo-do-mes\" target=\"_blank\" rel=\"noopener\">\u00a0Santa Catarina<\/a>, a Diretoria de Vigil\u00e2ncia Epidemiol\u00f3gica (DIVE) realiza o Dia D em parceria com munic\u00edpios, com visitas, mutir\u00f5es de limpeza e aplica\u00e7\u00e3o de inseticida em 195 munic\u00edpios.\u00a0<\/p>\n<p>Na ci<a href=\"https:\/\/prefeitura.rio\/saude\/rio-promove-dia-d-de-acoes-contra-a-dengue-no-sabado-8-11\/\" target=\"_blank\" rel=\"noopener\">dade do Rio de Janeiro<\/a>\u00a0(RJ), a Secretaria Municipal de Sa\u00fade do Rio de Janeiro vai promover inspe\u00e7\u00f5es ambientais, distribui\u00e7\u00e3o de materiais informativos, visitas domiciliares e mobiliza\u00e7\u00e3o digital em todas as regi\u00f5es da cidade.\u00a0<\/p>\n<p>No <a href=\"https:\/\/saude.rs.gov.br\/rio-grande-do-sul-reforca-dia-d-de-mobilizacao-nacional-de-combate-a-dengue\" target=\"_blank\" rel=\"noopener\">Rio Grande do Sul<\/a>, o governo estadual refor\u00e7a a mobiliza\u00e7\u00e3o pelo Dia D e combina conscientiza\u00e7\u00e3o junto \u00e0 popula\u00e7\u00e3o e gestores de sa\u00fade.\u00a0<\/p>\n<p>No <a href=\"https:\/\/agenciadenoticias.ms.gov.br\/contra-o-mosquito-todos-do-mesmo-lado-mato-grosso-do-sul-realiza-dia-d-de-combate-a-dengue\/\" target=\"_blank\" rel=\"noopener\">Mato Grosso do Sul<\/a>, o governo estadual realiza o Dia D estadual de combate \u00e0s arboviroses, com atividades em escolas e espa\u00e7os p\u00fablicos, como o Bioparque do Pantanal, reunindo crian\u00e7as e visitantes para conscientiza\u00e7\u00e3o ambiental.<\/p>\n<p>Em\u00a0<a href=\"https:\/\/saude.se.gov.br\/secretaria-de-estado-da-saude-mobiliza-municipios-para-o-dia-d-contra-a-dengue-neste-sabado-8\/\" target=\"_blank\" rel=\"noopener\">Sergipe<\/a>, os munic\u00edpios foram mobilizados para um Dia D estadual no s\u00e1bado 8 de novembro, com apoio estadual das secretarias municipais de sa\u00fade, com in\u00edcio oficial no munic\u00edpio de Nossa Senhora do Socorro (SE).<\/p>\n<h2>Preven\u00e7\u00e3o<\/h2>\n<p>A orienta\u00e7\u00e3o \u00e9 que cada morador fa\u00e7a a sua parte: eliminar \u00e1gua parada, manter caixas d\u2019\u00e1gua tampadas, descartar corretamente pneus e garrafas e permitir a entrada dos agentes de sa\u00fade nas resid\u00eancias.<\/p>\n<p>Em caso de febre, dor de cabe\u00e7a, dores no corpo, n\u00e1usea ou manchas na pele, a recomenda\u00e7\u00e3o dos gestores \u00e9 procurar uma Unidade B\u00e1sica de Sa\u00fade e n\u00e3o se automedicar.<\/p>\n<p>\t\t\t\t\t\t\t\t\t\t<img decoding=\"async\" src=\"https:\/\/brasil61.com\/api\/v1\/serve_pixel\/22254\/85717\" alt=\"Pixel Brasil 61\" class=\"b61_pixel\" width=\"0\" height=\"0\"><\/p>\n<div class=\"br61_backlink\">\n<p>\n\t\t\t\tFonte: <a href=\"https:\/\/brasil61.com\/dia-d-contra-o-aedes-aegypti-mobiliza-pais-neste-sabado-8-bras2515103\" title=\"Artigo Original: Dia D contra o Aedes aegypti mobiliza pa\u00eds neste s\u00e1bado (8)\" target=\"_blank\" rel=\"noopener\">Brasil 61<\/a>\n\t\t\t<\/p>\n<\/p><\/div>\n<input type=\"hidden\" id=\"baseurl\" value=\"https:\/\/noticiasregionais.com.br\"><input type=\"hidden\" id=\"audio_nonce\" value=\"3cdc555a10\">","protected":false},"excerpt":{"rendered":"<p>A\u00e7\u00e3o intensifica a\u00e7\u00f5es de preven\u00e7\u00e3o ao mosquito transmissor da dengue, Zika e chikungunya em estados e munic\u00edpios <\/p>\n","protected":false},"author":1,"featured_media":10869,"comment_status":"","ping_status":"open","sticky":false,"template":"","format":"standard","meta":{"sfsi_plus_gutenberg_text_before_share":"","sfsi_plus_gutenberg_show_text_before_share":"","sfsi_plus_gutenberg_icon_type":"","sfsi_plus_gutenberg_icon_alignemt":"","sfsi_plus_gutenburg_max_per_row":"","footnotes":""},"categories":[8],"tags":[],"class_list":["post-10868","post","type-post","status-publish","format-standard","has-post-thumbnail","hentry","category-brasil"],"_links":{"self":[{"href":"https:\/\/noticiasregionais.com.br\/index.php?rest_route=\/wp\/v2\/posts\/10868","targetHints":{"allow":["GET"]}}],"collection":[{"href":"https:\/\/noticiasregionais.com.br\/index.php?rest_route=\/wp\/v2\/posts"}],"about":[{"href":"https:\/\/noticiasregionais.com.br\/index.php?rest_route=\/wp\/v2\/types\/post"}],"author":[{"embeddable":true,"href":"https:\/\/noticiasregionais.com.br\/index.php?rest_route=\/wp\/v2\/users\/1"}],"replies":[{"embeddable":true,"href":"https:\/\/noticiasregionais.com.br\/index.php?rest_route=%2Fwp%2Fv2%2Fcomments&post=10868"}],"version-history":[{"count":0,"href":"https:\/\/noticiasregionais.com.br\/index.php?rest_route=\/wp\/v2\/posts\/10868\/revisions"}],"wp:featuredmedia":[{"embeddable":true,"href":"https:\/\/noticiasregionais.com.br\/index.php?rest_route=\/wp\/v2\/media\/10869"}],"wp:attachment":[{"href":"https:\/\/noticiasregionais.com.br\/index.php?rest_route=%2Fwp%2Fv2%2Fmedia&parent=10868"}],"wp:term":[{"taxonomy":"category","embeddable":true,"href":"https:\/\/noticiasregionais.com.br\/index.php?rest_route=%2Fwp%2Fv2%2Fcategories&post=10868"},{"taxonomy":"post_tag","embeddable":true,"href":"https:\/\/noticiasregionais.com.br\/index.php?rest_route=%2Fwp%2Fv2%2Ftags&post=10868"}],"curies":[{"name":"wp","href":"https:\/\/api.w.org\/{rel}","templated":true}]}}