{"id":10870,"date":"2025-11-08T04:05:00","date_gmt":"2025-11-08T07:05:00","guid":{"rendered":"https:\/\/noticiasregionais.com.br\/?p=10870"},"modified":"2025-11-08T04:05:00","modified_gmt":"2025-11-08T07:05:00","slug":"camara-aprova-projeto-que-dificulta-desapropriacao-de-terras-para-reforma-agraria","status":"publish","type":"post","link":"https:\/\/noticiasregionais.com.br\/?p=10870","title":{"rendered":"C\u00e2mara aprova projeto que dificulta desapropria\u00e7\u00e3o de terras para reforma agr\u00e1ria"},"content":{"rendered":"<p>\t\t\t\t\t\t\t\t\t\t\t<audio controls class=\"b61_audio_player\" data-noticia=\"85718\" src=\"https:\/\/brasil61.com\/rails\/active_storage\/blobs\/eyJfcmFpbHMiOnsibWVzc2FnZSI6IkJBaHBBOUM3QXc9PSIsImV4cCI6bnVsbCwicHVyIjoiYmxvYl9pZCJ9fQ==--986c6129e461b56469f033cc9fd0688041a8abe2\/BRAS2515104A\"><\/audio><\/p>\n<p>A <strong>C\u00e2mara dos Deputados aprovou<\/strong>, na \u00faltima quarta-feira (5), o <strong>Projeto de Lei <\/strong><strong>4357\/2023<\/strong>, que <strong>impede<\/strong> que o <strong>descumprimento da fun\u00e7\u00e3o social seja requisito suficiente<\/strong> para a <strong>desapropria\u00e7\u00e3o<\/strong> <strong>de terras<\/strong> para a reforma agr\u00e1ria. O texto foi aprovado por <strong>287<\/strong> votos a <strong>113<\/strong> e segue para aprecia\u00e7\u00e3o do Senado Federal.<\/p>\n<p>De <strong>autoria<\/strong> do presidente da Comiss\u00e3o de Agricultura, deputado <strong>Rodolfo Nogueira (PL-MS)<\/strong> e <strong>relatoria<\/strong> do presidente da Frente Parlamentar da Agropecu\u00e1ria (FPA), deputado <strong>Pedro Lupion (Republicanos-PR)<\/strong>, o projeto <strong>altera a legisla\u00e7\u00e3o vigente sobre reforma agr\u00e1ria<\/strong> e estabelece que <strong>propriedades que descumprem sua fun\u00e7\u00e3o social s\u00f3 poder\u00e3o ser desapropriadas para reforma agr\u00e1ria caso sejam consideradas improdutivas<\/strong>. Atualmente, o descumprimento da fun\u00e7\u00e3o social e a improdutividade s\u00e3o <strong>requisitos independentes e pass\u00edveis de desapropria\u00e7\u00e3o<\/strong>, de forma que uma propriedade que se encaixe em pelo menos um deles pode ser desapropriada.<\/p>\n<p>Na pr\u00e1tica, o PL aprovado na C\u00e2mara faz com que o descumprimento da fun\u00e7\u00e3o social da terra deixe de ser um requisito para a desapropria\u00e7\u00e3o \u2014 uma vez que a improdutividade passa a ser requisito obrigat\u00f3rio.<\/p>\n<h2>Fun\u00e7\u00e3o social de terras rurais<\/h2>\n<p>Segundo a <strong>Constitui\u00e7\u00e3o Federal<\/strong>, a <strong>fun\u00e7\u00e3o social de uma propriedade rural<\/strong> \u00e9 cumprida quando <strong>atende, simultaneamente, aos requisitos<\/strong> de: a<strong>proveitamento racional<\/strong> e adequado da terra, <strong>utiliza\u00e7\u00e3o adequada <\/strong>dos recursos naturais <strong>sem causar danos irrepar\u00e1veis ao meio ambiente<\/strong>, n\u00e3o degrada\u00e7\u00e3o da natureza e <strong>observ\u00e2ncia das rela\u00e7\u00f5es de trabalho<\/strong>, respeitando a <strong>legisla\u00e7\u00e3o trabalhista<\/strong> e o bem-estar dos trabalhadores.<\/p>\n<p>Al\u00e9m de anular o descumprimento da fun\u00e7\u00e3o social como requisito para a desapropria\u00e7\u00e3o de terras, o PL <strong>traz mais prote\u00e7\u00e3o para donos de terras<\/strong> que <strong>descumpram rela\u00e7\u00f5es de trabalho ou pratiquem crimes ambientais<\/strong>, estabelecendo que esses casos passam a <strong>s\u00f3 configurar o descumprimento da fun\u00e7\u00e3o social<\/strong> da propriedade <strong>ap\u00f3s condena\u00e7\u00e3o transitada em julgado<\/strong>. O texto ainda retira o trecho da lei de 1993 que diz que a \u201cexplora\u00e7\u00e3o que favorece o bem-estar dos propriet\u00e1rios e trabalhadores rurais\u201d \u00e9 aquela \u201cque n\u00e3o provoca conflitos e tens\u00f5es sociais no im\u00f3vel\u201d.<\/p>\n<p>Segundo o relator, deputado Pedro Lupion, o projeto \u201creafirma o mandamento constitucional ao garantir que propriedades que efetivamente produzem n\u00e3o sejam alvo de desapropria\u00e7\u00e3o, promovendo a estabilidade necess\u00e1ria ao setor produtivo rural brasileiro e assegurando proporcionalidade na aplica\u00e7\u00e3o do instituto expropriat\u00f3rio\u201d.<\/p>\n<p>Para o presidente da Comiss\u00e3o de Agricultura da C\u00e2mara e autor do projeto, deputado Rodolfo Nogueira, a aprova\u00e7\u00e3o representa \u201cuma vit\u00f3ria que dar\u00e1 seguran\u00e7a jur\u00eddica para o produtor rural do Brasil inteiro\u201d. Segundo ele, \u201co direito de propriedade produtiva j\u00e1 \u00e9 sagrado na Constitui\u00e7\u00e3o Federal. Desapropriar uma \u00e1rea que cumpre sua fun\u00e7\u00e3o social, gera empregos, produz alimentos e riqueza para o munic\u00edpio, o estado e o pa\u00eds \u00e9 rasgar o direito de propriedade no Brasil\u201d.<\/p>\n<p>Deputados contr\u00e1rios ao projeto alegam que o texto dificulta a puni\u00e7\u00e3o contra donos de terras que se beneficiam do uso de trabalho escravo em terras rurais e aumenta a\u00a0permissividade para a pr\u00e1tica de crimes ambientais, manejo insustent\u00e1vel dos recursos naturais e rela\u00e7\u00f5es abusivas de trabalho, sob o pretexto da produtividade.<\/p>\n<p>\u00a0<\/p>\n<p>\t\t\t\t\t\t\t\t\t\t<img decoding=\"async\" src=\"https:\/\/brasil61.com\/api\/v1\/serve_pixel\/22254\/85718\" alt=\"Pixel Brasil 61\" class=\"b61_pixel\" width=\"0\" height=\"0\"><\/p>\n<div class=\"br61_backlink\">\n<p>\n\t\t\t\tFonte: <a href=\"https:\/\/brasil61.com\/camara-aprova-projeto-que-dificulta-desapropriacao-de-terras-para-reforma-agraria-bras2515104\" title=\"Artigo Original: C\u00e2mara aprova projeto que dificulta desapropria\u00e7\u00e3o de terras para reforma agr\u00e1ria\" target=\"_blank\" rel=\"noopener\">Brasil 61<\/a>\n\t\t\t<\/p>\n<\/p><\/div>\n<input type=\"hidden\" id=\"baseurl\" value=\"https:\/\/noticiasregionais.com.br\"><input type=\"hidden\" id=\"audio_nonce\" value=\"3cdc555a10\">","protected":false},"excerpt":{"rendered":"<p>Texto estabelece que terras em descumprimento de sua fun\u00e7\u00e3o social s\u00f3 poder\u00e3o ser desapropriadas caso sejam, simultaneamente, improdutivas<\/p>\n","protected":false},"author":1,"featured_media":10871,"comment_status":"","ping_status":"open","sticky":false,"template":"","format":"standard","meta":{"sfsi_plus_gutenberg_text_before_share":"","sfsi_plus_gutenberg_show_text_before_share":"","sfsi_plus_gutenberg_icon_type":"","sfsi_plus_gutenberg_icon_alignemt":"","sfsi_plus_gutenburg_max_per_row":"","footnotes":""},"categories":[8],"tags":[],"class_list":["post-10870","post","type-post","status-publish","format-standard","has-post-thumbnail","hentry","category-brasil"],"_links":{"self":[{"href":"https:\/\/noticiasregionais.com.br\/index.php?rest_route=\/wp\/v2\/posts\/10870","targetHints":{"allow":["GET"]}}],"collection":[{"href":"https:\/\/noticiasregionais.com.br\/index.php?rest_route=\/wp\/v2\/posts"}],"about":[{"href":"https:\/\/noticiasregionais.com.br\/index.php?rest_route=\/wp\/v2\/types\/post"}],"author":[{"embeddable":true,"href":"https:\/\/noticiasregionais.com.br\/index.php?rest_route=\/wp\/v2\/users\/1"}],"replies":[{"embeddable":true,"href":"https:\/\/noticiasregionais.com.br\/index.php?rest_route=%2Fwp%2Fv2%2Fcomments&post=10870"}],"version-history":[{"count":0,"href":"https:\/\/noticiasregionais.com.br\/index.php?rest_route=\/wp\/v2\/posts\/10870\/revisions"}],"wp:featuredmedia":[{"embeddable":true,"href":"https:\/\/noticiasregionais.com.br\/index.php?rest_route=\/wp\/v2\/media\/10871"}],"wp:attachment":[{"href":"https:\/\/noticiasregionais.com.br\/index.php?rest_route=%2Fwp%2Fv2%2Fmedia&parent=10870"}],"wp:term":[{"taxonomy":"category","embeddable":true,"href":"https:\/\/noticiasregionais.com.br\/index.php?rest_route=%2Fwp%2Fv2%2Fcategories&post=10870"},{"taxonomy":"post_tag","embeddable":true,"href":"https:\/\/noticiasregionais.com.br\/index.php?rest_route=%2Fwp%2Fv2%2Ftags&post=10870"}],"curies":[{"name":"wp","href":"https:\/\/api.w.org\/{rel}","templated":true}]}}