{"id":10884,"date":"2025-11-09T04:05:00","date_gmt":"2025-11-09T07:05:00","guid":{"rendered":"https:\/\/noticiasregionais.com.br\/?p=10884"},"modified":"2025-11-11T21:02:12","modified_gmt":"2025-11-12T00:02:12","slug":"inss-prazo-para-contestar-descontos-indevidos-termina-em-14-de-novembro","status":"publish","type":"post","link":"https:\/\/noticiasregionais.com.br\/?p=10884","title":{"rendered":"INSS: prazo para contestar descontos indevidos termina em 14 de novembro"},"content":{"rendered":"<p>\t\t\t\t\t\t\t\t\t\t<audio controls class=\"b61_audio_player\" data-noticia=\"85701\" src=\"https:\/\/brasil61.com\/rails\/active_storage\/blobs\/eyJfcmFpbHMiOnsibWVzc2FnZSI6IkJBaHBBOHk3QXc9PSIsImV4cCI6bnVsbCwicHVyIjoiYmxvYl9pZCJ9fQ==--9e1a7d6cea2e73e7cc078ca796bfcf2f8872a0fb\/BRAS2515100A\"><\/audio><\/p>\n<p>O <strong>prazo para a contesta\u00e7\u00e3o de descontos indevidos<\/strong> em benef\u00edcios do INSS de aposentados e pensionistas <strong>termina em 14 de novembro<\/strong>,\u00a0 pr\u00f3xima sexta-feira. J\u00e1 <strong>s\u00e3o mais de<\/strong> <strong>5,9 milh\u00f5es de contesta\u00e7\u00f5es registradas <\/strong>desde a abertura do sistema em maio deste ano. Mesmo ap\u00f3s este prazo, a ades\u00e3o ao acordo de ressarcimento ir\u00e1 continuar dispon\u00edvel, tanto no <strong>aplicativo Meu INSS<\/strong> como tamb\u00e9m <strong>presencialmente nas ag\u00eancias dos Correios<\/strong>.\u00a0<\/p>\n<p>J\u00e1 s\u00e3o <strong>R$ 2,4 bilh\u00f5es devolvidos a 3,6 milh\u00f5es de aposentados e pensionistas<\/strong>, equivalente a <strong>73% do total de benefici\u00e1rios aptos a aderir ao acordo de ressarcimento<\/strong>. O valor \u00e9 transferido diretamente na conta do benefici\u00e1rio, com corre\u00e7\u00e3o pela infla\u00e7\u00e3o (IPCA), sem necessidade de a\u00e7\u00e3o judicial.\u00a0<\/p>\n<h2>Como aderir ao acordo<\/h2>\n<ul>\n<li>Contestar o desconto indevido pelo aplicativo Meu INSS, pela Central 135 ou nas ag\u00eancias dos Correios;<\/li>\n<li>Aguardar a resposta da entidade (prazo de at\u00e9 15 dias \u00fateis);<\/li>\n<li>Caso n\u00e3o haja resposta, o sistema libera automaticamente a ades\u00e3o;<\/li>\n<li>A ades\u00e3o pode ser feita pelo Meu INSS \u2013&gt; \u201cConsultar Pedidos\u201d \u2013&gt;\u00a0\u201cCumprir Exig\u00eancia\u201d \u2013&gt; selecionar \u201cSim\u201d em \u201cAceito receber\u201d \u2013&gt; clicar em &#8220;Enviar&#8221;.<\/li>\n<\/ul>\n<p>As informa\u00e7\u00f5es s\u00e3o do <a href=\"https:\/\/www.gov.br\/inss-inicia-atividades-do-prevbarco-em-manaus-para-atender-p\/pt-br\" target=\"_blank\" rel=\"noopener\">Instituto Nacional do Seguro Social<\/a>.<\/p>\n<p>\u00a0<\/p>\n<p>\t\t\t\t\t\t\t\t\t<img decoding=\"async\" src=\"https:\/\/brasil61.com\/api\/v1\/serve_pixel\/22254\/85701\" alt=\"Pixel Brasil 61\" class=\"b61_pixel\" width=\"0\" height=\"0\"><\/p>\n<div class=\"br61_backlink\">\n<p>\n\t\t\t\tFonte: <a href=\"https:\/\/brasil61.com\/inss-prazo-para-contestar-descontos-indevidos-termina-em-14-de-novembro-bras2515100\" title=\"Artigo Original: INSS: prazo para contestar descontos indevidos termina em 14 de novembro\" target=\"_blank\" rel=\"noopener\">Brasil 61<\/a>\n\t\t\t<\/p>\n<\/p><\/div>\n<input type=\"hidden\" id=\"baseurl\" value=\"https:\/\/noticiasregionais.com.br\"><input type=\"hidden\" id=\"audio_nonce\" value=\"5c13e0637f\">","protected":false},"excerpt":{"rendered":"<p>J\u00e1 s\u00e3o R$2,4 bilh\u00f5es devolvidos a 3,6 milh\u00f5es de aposentados e pensionistas <\/p>\n","protected":false},"author":1,"featured_media":10913,"comment_status":"closed","ping_status":"open","sticky":false,"template":"","format":"standard","meta":{"sfsi_plus_gutenberg_text_before_share":"","sfsi_plus_gutenberg_show_text_before_share":"","sfsi_plus_gutenberg_icon_type":"","sfsi_plus_gutenberg_icon_alignemt":"","sfsi_plus_gutenburg_max_per_row":"","footnotes":""},"categories":[8],"tags":[],"class_list":["post-10884","post","type-post","status-publish","format-standard","has-post-thumbnail","hentry","category-brasil"],"_links":{"self":[{"href":"https:\/\/noticiasregionais.com.br\/index.php?rest_route=\/wp\/v2\/posts\/10884","targetHints":{"allow":["GET"]}}],"collection":[{"href":"https:\/\/noticiasregionais.com.br\/index.php?rest_route=\/wp\/v2\/posts"}],"about":[{"href":"https:\/\/noticiasregionais.com.br\/index.php?rest_route=\/wp\/v2\/types\/post"}],"author":[{"embeddable":true,"href":"https:\/\/noticiasregionais.com.br\/index.php?rest_route=\/wp\/v2\/users\/1"}],"replies":[{"embeddable":true,"href":"https:\/\/noticiasregionais.com.br\/index.php?rest_route=%2Fwp%2Fv2%2Fcomments&post=10884"}],"version-history":[{"count":1,"href":"https:\/\/noticiasregionais.com.br\/index.php?rest_route=\/wp\/v2\/posts\/10884\/revisions"}],"predecessor-version":[{"id":10912,"href":"https:\/\/noticiasregionais.com.br\/index.php?rest_route=\/wp\/v2\/posts\/10884\/revisions\/10912"}],"wp:featuredmedia":[{"embeddable":true,"href":"https:\/\/noticiasregionais.com.br\/index.php?rest_route=\/wp\/v2\/media\/10913"}],"wp:attachment":[{"href":"https:\/\/noticiasregionais.com.br\/index.php?rest_route=%2Fwp%2Fv2%2Fmedia&parent=10884"}],"wp:term":[{"taxonomy":"category","embeddable":true,"href":"https:\/\/noticiasregionais.com.br\/index.php?rest_route=%2Fwp%2Fv2%2Fcategories&post=10884"},{"taxonomy":"post_tag","embeddable":true,"href":"https:\/\/noticiasregionais.com.br\/index.php?rest_route=%2Fwp%2Fv2%2Ftags&post=10884"}],"curies":[{"name":"wp","href":"https:\/\/api.w.org\/{rel}","templated":true}]}}