{"id":10888,"date":"2025-11-10T04:15:00","date_gmt":"2025-11-10T07:15:00","guid":{"rendered":"https:\/\/noticiasregionais.com.br\/?p=10888"},"modified":"2025-11-11T21:02:44","modified_gmt":"2025-11-12T00:02:44","slug":"competencia-das-guardas-municipais-e-avancos-no-ploa-2026-movimentam-o-congresso-nacional-nesta-semana","status":"publish","type":"post","link":"https:\/\/noticiasregionais.com.br\/?p=10888","title":{"rendered":"Compet\u00eancia das guardas municipais e avan\u00e7os no PLOA 2026 movimentam o Congresso Nacional nesta semana"},"content":{"rendered":"<p>\t\t\t\t\t\t\t\t\t\t<audio controls class=\"b61_audio_player\" data-noticia=\"85707\" src=\"https:\/\/brasil61.com\/rails\/active_storage\/blobs\/eyJfcmFpbHMiOnsibWVzc2FnZSI6IkJBaHBBNzI3QXc9PSIsImV4cCI6bnVsbCwicHVyIjoiYmxvYl9pZCJ9fQ==--523b4ea44f1d5b6bcc0c8dc8fb362a70c148a336\/BRAS2515101A\"><\/audio><\/p>\n<p>As movimenta\u00e7\u00f5es no Congresso Nacional, ao longo desta semana, incluem an\u00e1lises de propostas que tratam dos mais variados temas. Entre eles, quest\u00f5es relacionadas \u00e0 seguran\u00e7a p\u00fablica. Na <a href=\"https:\/\/www.camara.leg.br\/\" target=\"_blank\" rel=\"noopener\">C\u00e2mara dos Deputados<\/a>, a <a href=\"https:\/\/www2.camara.leg.br\/atividade-legislativa\/comissoes\/comissoes-temporarias\/especiais\/57a-legislatura\/comissao-especial-sobre-as-competencias-federativas-em-seguranca-publica\" target=\"_blank\" rel=\"noopener\">Comiss\u00e3o Especial Sobre Compet\u00eancias Federativas em Seguran\u00e7a P\u00fablica<\/a> deve analisar a <a href=\"https:\/\/www.camara.leg.br\/proposicoesWeb\/fichadetramitacao?idProposicao=2500080\" target=\"_blank\" rel=\"noopener\">Proposta de Emenda \u00e0 Constitui\u00e7\u00e3o 18\/2025<\/a>.\u00a0<\/p>\n<p>A medida, que ser\u00e1 apreciada a partir desta ter\u00e7a-feira (11), trata das compet\u00eancias do policiamento comunit\u00e1rio e das guardas municipais. Entre outros pontos, a PEC prev\u00ea que as guardas municipais exer\u00e7am a\u00e7\u00f5es de seguran\u00e7a urbana, inclusive o policiamento ostensivo e comunit\u00e1rio, respeitadas as compet\u00eancias dos demais \u00f3rg\u00e3os, especialmente as de pol\u00edcia judici\u00e1ria.<\/p>\n<h2>PLOA 2026<\/h2>\n<p>Ao longo da semana, os parlamentares tamb\u00e9m devem definir as emendas ao Projeto de Lei Or\u00e7ament\u00e1ria Anual para 2026. A proposta, que consta no <a href=\"https:\/\/www.congressonacional.leg.br\/web\/orcamento\/acompanhe\/orcamento-anual\/-\/loa\/2026\" target=\"_blank\" rel=\"noopener\">PLN 15\/2025<\/a>, estima a receita e fixa a despesa da Uni\u00e3o para o exerc\u00edcio financeiro do pr\u00f3ximo ano. A mat\u00e9ria \u00e9 relatada pelo Senador Marcelo Castro.<\/p>\n<p>Em setembro, as consultorias de Or\u00e7amento das duas Casas do Congresso Nacional divulgaram um <a href=\"https:\/\/www25.senado.leg.br\/documents\/150599582\/150854397\/Informativo_conjunto.pdf\/340d6b82-1ff5-43c1-b61a-444e553a6cb9\" target=\"_blank\" rel=\"noopener\">informativo sobre o projeto<\/a>. Pelos termos do documento, a proposta reflete a pol\u00edtica de valoriza\u00e7\u00e3o do sal\u00e1rio m\u00ednimo estabelecida desde 2023. O sal\u00e1rio m\u00ednimo deve subir dos atuais R$ 1.518 para R$ 1.631 a partir de janeiro, um reajuste nominal de 7,44%.<\/p>\n<p><a href=\"https:\/\/brasil61.com\/n\/fpm-1-parcela-de-novembro-no-valor-de-r-9-3-bi-sera-repassada-aos-municipios-nesta-segunda-feira-10-bras2515093\" target=\"_blank\" rel=\"noopener\">FPM: 1\u00aa parcela de novembro, no valor de R$ 9,3 bi, ser\u00e1 repassada aos munic\u00edpios nesta segunda-feira (10)<\/a><\/p>\n<p><a href=\"https:\/\/brasil61.com\/n\/cni-selic-em-15-impede-crescimento-da-economia-e-deixa-brasil-isolado-no-contexto-internacional-de-juros-reais-pind254671\" target=\"_blank\" rel=\"noopener\">CNI: Selic em 15% impede crescimento da economia e deixa Brasil isolado no contexto internacional de juros reais<\/a><\/p>\n<p>O documento tamb\u00e9m d\u00e1 destaque ao comportamento da infla\u00e7\u00e3o. H\u00e1 uma proje\u00e7\u00e3o de redu\u00e7\u00e3o gradual dos indicadores mensais. No geral, o Poder Executivo estima um crescimento de 2,54% do Produto Interno Bruto (PIB) em 2025 e de 2,44% no pr\u00f3ximo ano.\u00a0<\/p>\n<h2>CPI do INSS<\/h2>\n<p>No Senado, os congressistas seguem com as atividades na Comiss\u00e3o Parlamentar Mista de Inqu\u00e9rito do INSS. O colegiado busca investigar fraudes no Instituto Nacional do Seguro Social, envolvendo descontos irregulares em benef\u00edcios de aposentados e pensionistas.<\/p>\n<h2>Sabatinas<\/h2>\n<p>Ainda entre os senadores, est\u00e1 prevista para a quarta-feira (12) a sabatina e vota\u00e7\u00e3o de nove autoridades. Entre os nomes est\u00e3o os de dois ministros do Superior Tribunal Militar <a href=\"https:\/\/www.stm.jus.br\/\" target=\"_blank\" rel=\"noopener\">(STM)<\/a>, tr\u00eas integrantes para o Conselho Nacional de Justi\u00e7a <a href=\"https:\/\/www.cnj.jus.br\/\" target=\"_blank\" rel=\"noopener\">(CNJ)<\/a> e outros tr\u00eas para o Conselho Nacional do Minist\u00e9rio P\u00fablico <a href=\"https:\/\/www.cnmp.mp.br\/portal\/\" target=\"_blank\" rel=\"noopener\">(CNMP)<\/a>.<\/p>\n<p>No STM, a indica\u00e7\u00e3o do general de Ex\u00e9rcito An\u00edsio David de Oliveira Junior (MSF 76\/2025) tem como relator o senador Hamilton Mour\u00e3o (Republicanos\u2013RS). A do general Fl\u00e1vio Marcus Lancia Barbosa MSF 77\/2025 \u00e9 relatada pelo senador Jaques Wagner (PT\u2013BA).<\/p>\n<p>Quando ao CNMP, os nomes indicados s\u00e3o os seguintes:<\/p>\n<ul>\n<li>Gustavo Afonso Sab\u00f3ia Vieira, em vaga reservada ao Senado (OFS 10\/2025). O relator \u00e9 o senador Marcos Rog\u00e9rio;<\/li>\n<li>Thiago Roberto Morais Diaz, em vaga da Ordem dos Advogados do Brasil (OAB) (OFS 13\/2025). O relator \u00e9 o senador Weverton Rocha (PDT\u2013MA);<\/li>\n<li>Edvaldo Nilo de Almeida, em vaga destinada \u00e0 C\u00e2mara dos Deputados (OFS 15\/2025). O relator \u00e9 o senador Angelo Coronel (PSD\u2013BA).<\/li>\n<\/ul>\n<p>Em rela\u00e7\u00e3o ao CNJ, as indica\u00e7\u00f5es s\u00e3o:\u00a0<\/p>\n<ul>\n<li>Jaceguara Dantas da Silva, para compor o CNJ na vaga destinada ao Supremo Tribunal Federal (OFS 11\/2025). A relatoria \u00e9 da senadora Tereza Cristina (PP-MS).<\/li>\n<li>Fabio Francisco Esteves, tamb\u00e9m indicado pelo STF (OFS 12\/2025). Tereza Cristina \u00e9 a relatora.<\/li>\n<li>Daiane Nogueira de Lira, na vaga destinada \u00e0 C\u00e2mara dos Deputados (OFS 14\/2025). O relator \u00e9 o senador Mecias de Jesus (Republicanos\u2013RR).<\/li>\n<\/ul>\n<p>A agenda tamb\u00e9m conta com a sabatina na Comiss\u00e3o de Constitui\u00e7\u00e3o e Justi\u00e7a (CCJ) do procurador-geral da Rep\u00fablica, Paulo Gonet, cuja recondu\u00e7\u00e3o ao cargo foi sugerida ao Senado pelo presidente Luiz In\u00e1cio Lula da Silva.\u00a0<\/p>\n<p>\t\t\t\t\t\t\t\t\t<img decoding=\"async\" src=\"https:\/\/brasil61.com\/api\/v1\/serve_pixel\/22254\/85707\" alt=\"Pixel Brasil 61\" class=\"b61_pixel\" width=\"0\" height=\"0\"><\/p>\n<div class=\"br61_backlink\">\n<p>\n\t\t\t\tFonte: <a href=\"https:\/\/brasil61.com\/competencia-das-guardas-municipais-e-avancos-no-ploa-2026-movimentam-o-congresso-nacional-nesta-semana-bras2515101\" title=\"Artigo Original: Compet\u00eancia das guardas municipais e avan\u00e7os no PLOA 2026 movimentam o Congresso Nacional nesta semana\" target=\"_blank\" rel=\"noopener\">Brasil 61<\/a>\n\t\t\t<\/p>\n<\/p><\/div>\n<input type=\"hidden\" id=\"baseurl\" value=\"https:\/\/noticiasregionais.com.br\"><input type=\"hidden\" id=\"audio_nonce\" value=\"296231ceac\">","protected":false},"excerpt":{"rendered":"<p>No Senado, os parlamentares seguem com as atividades na Comiss\u00e3o Parlamentar Mista de Inqu\u00e9rito do INSS<\/p>\n","protected":false},"author":1,"featured_media":10915,"comment_status":"closed","ping_status":"open","sticky":false,"template":"","format":"standard","meta":{"sfsi_plus_gutenberg_text_before_share":"","sfsi_plus_gutenberg_show_text_before_share":"","sfsi_plus_gutenberg_icon_type":"","sfsi_plus_gutenberg_icon_alignemt":"","sfsi_plus_gutenburg_max_per_row":"","footnotes":""},"categories":[8],"tags":[],"class_list":["post-10888","post","type-post","status-publish","format-standard","has-post-thumbnail","hentry","category-brasil"],"_links":{"self":[{"href":"https:\/\/noticiasregionais.com.br\/index.php?rest_route=\/wp\/v2\/posts\/10888","targetHints":{"allow":["GET"]}}],"collection":[{"href":"https:\/\/noticiasregionais.com.br\/index.php?rest_route=\/wp\/v2\/posts"}],"about":[{"href":"https:\/\/noticiasregionais.com.br\/index.php?rest_route=\/wp\/v2\/types\/post"}],"author":[{"embeddable":true,"href":"https:\/\/noticiasregionais.com.br\/index.php?rest_route=\/wp\/v2\/users\/1"}],"replies":[{"embeddable":true,"href":"https:\/\/noticiasregionais.com.br\/index.php?rest_route=%2Fwp%2Fv2%2Fcomments&post=10888"}],"version-history":[{"count":1,"href":"https:\/\/noticiasregionais.com.br\/index.php?rest_route=\/wp\/v2\/posts\/10888\/revisions"}],"predecessor-version":[{"id":10914,"href":"https:\/\/noticiasregionais.com.br\/index.php?rest_route=\/wp\/v2\/posts\/10888\/revisions\/10914"}],"wp:featuredmedia":[{"embeddable":true,"href":"https:\/\/noticiasregionais.com.br\/index.php?rest_route=\/wp\/v2\/media\/10915"}],"wp:attachment":[{"href":"https:\/\/noticiasregionais.com.br\/index.php?rest_route=%2Fwp%2Fv2%2Fmedia&parent=10888"}],"wp:term":[{"taxonomy":"category","embeddable":true,"href":"https:\/\/noticiasregionais.com.br\/index.php?rest_route=%2Fwp%2Fv2%2Fcategories&post=10888"},{"taxonomy":"post_tag","embeddable":true,"href":"https:\/\/noticiasregionais.com.br\/index.php?rest_route=%2Fwp%2Fv2%2Ftags&post=10888"}],"curies":[{"name":"wp","href":"https:\/\/api.w.org\/{rel}","templated":true}]}}