{"id":10898,"date":"2025-11-11T04:30:00","date_gmt":"2025-11-11T07:30:00","guid":{"rendered":"https:\/\/noticiasregionais.com.br\/?p=10898"},"modified":"2025-11-11T04:30:00","modified_gmt":"2025-11-11T07:30:00","slug":"casos-de-sindrome-respiratoria-grave-avancam-no-sudeste-e-ligam-alerta-em-novos-estados","status":"publish","type":"post","link":"https:\/\/noticiasregionais.com.br\/?p=10898","title":{"rendered":"Casos de s\u00edndrome respirat\u00f3ria grave avan\u00e7am no Sudeste e ligam alerta em novos estados"},"content":{"rendered":"<p>\t\t\t\t\t\t\t\t\t\t\t<audio controls class=\"b61_audio_player\" data-noticia=\"85739\" src=\"https:\/\/brasil61.com\/rails\/active_storage\/blobs\/eyJfcmFpbHMiOnsibWVzc2FnZSI6IkJBaHBBNzI4QXc9PSIsImV4cCI6bnVsbCwicHVyIjoiYmxvYl9pZCJ9fQ==--0a66f7f57c4d3ff1e88df6fae7cc14d2267f77ba\/BRAS2515113A\"><\/audio><\/p>\n<p>A mais recente edi\u00e7\u00e3o do Boletim InfoGripe, da Fiocruz, divulgada nesta quinta-feira (6), aponta a manuten\u00e7\u00e3o do aumento dos casos de S\u00edndrome Respirat\u00f3ria Aguda Grave (SRAG) provocados pela influenza A em S\u00e3o Paulo, Esp\u00edrito Santo e Rio de Janeiro. O boletim tamb\u00e9m alerta para o in\u00edcio de crescimento na Bahia.<\/p>\n<\/p>\n<p>O levantamento, referente \u00e0 semana epidemiol\u00f3gica 44 (de 26 de outubro a 1\u00ba de novembro), integra o sistema de vigil\u00e2ncia do SUS e monitora a evolu\u00e7\u00e3o dos casos graves de infec\u00e7\u00f5es respirat\u00f3rias no pa\u00eds.<\/p>\n<h2>V\u00edrus em circula\u00e7\u00e3o e estados em alerta<\/h2>\n<p>Al\u00e9m da influenza A, a covid-19 apresenta tend\u00eancia de crescimento no Paran\u00e1, Santa Catarina e S\u00e3o Paulo, embora ainda em n\u00edveis baixos de incid\u00eancia. Em Sergipe, houve aumento at\u00edpico de casos de SRAG por v\u00edrus sincicial respirat\u00f3rio (VSR) em crian\u00e7as pequenas.<\/p>\n<p>Tr\u00eas estados est\u00e3o em n\u00edvel de alerta, risco ou alto risco para SRAG com tend\u00eancia de crescimento: Mato Grosso do Sul, Para\u00edba e Tocantins. Em Mato Grosso do Sul e na Para\u00edba, o aumento est\u00e1 concentrado em crian\u00e7as pequenas e tem sido impulsionado pelo rinov\u00edrus.<\/p>\n<p>No Tocantins, os casos crescem principalmente entre pessoas com mais de 50 anos, possivelmente por influ\u00eancia da influenza A.<br \/>\nEntre as capitais, Florian\u00f3polis (SC), Jo\u00e3o Pessoa (PB) e Palmas (TO) tamb\u00e9m apresentam aumento de casos e n\u00edvel de alerta.<\/p>\n<h2>Dados epidemiol\u00f3gicos<\/h2>\n<p>Em 2025, o Brasil j\u00e1 registrou 204.086 casos de SRAG, sendo:<\/p>\n<ul>\n<li>52,6% com resultado positivo para algum v\u00edrus respirat\u00f3rio;<\/li>\n<li>36,4% negativos;<\/li>\n<li>4,5% ainda aguardando resultado.<\/li>\n<\/ul>\n<p>Entre os casos positivos, 23,2% foram por influenza A, 1,2% por influenza B, 40,1% por v\u00edrus sincicial respirat\u00f3rio, 28,2% por rinov\u00edrus e 8,2% por Sars-CoV-2 (Covid-19).<\/p>\n<p>Neste ano, j\u00e1 foram confirmados 12.151 \u00f3bitos por SRAG, sendo 49,4% causados por influenza A e 23,4% por covid-19.<\/p>\n<h2>Vacina\u00e7\u00e3o e preven\u00e7\u00e3o<\/h2>\n<p>A Fiocruz refor\u00e7a a import\u00e2ncia de manter as vacinas contra gripe e covid-19 em dia, especialmente entre idosos, crian\u00e7as pequenas, pessoas com comorbidades e profissionais da sa\u00fade.<\/p>\n<p>A cobertura vacinal contra a gripe est\u00e1 abaixo do ideal, com m\u00e9dia nacional de cerca de 41% entre os grupos priorit\u00e1rios, quando o recomendado \u00e9 de 90%.<\/p>\n<p>Com a chegada do fim de ano e o aumento da circula\u00e7\u00e3o viral, a institui\u00e7\u00e3o recomenda:<\/p>\n<ul>\n<li>Ventilar ambientes;<\/li>\n<li>Lavar as m\u00e3os com frequ\u00eancia;<\/li>\n<li>Cobrir a boca ao tossir ou espirrar;<\/li>\n<li>Usar m\u00e1scara em caso de sintomas gripais;<\/li>\n<li>Evitar contato pr\u00f3ximo com pessoas vulner\u00e1veis.<\/li>\n<\/ul>\n<p>Esses cuidados e a vacina\u00e7\u00e3o ajudam a reduzir o risco de agravamentos e interna\u00e7\u00f5es durante o per\u00edodo de maior incid\u00eancia de doen\u00e7as respirat\u00f3rias no pa\u00eds.<\/p>\n<p>As informa\u00e7\u00f5es s\u00e3o da FioCruz.<br \/>\n\u00a0<\/p>\n<p>\t\t\t\t\t\t\t\t\t\t<img decoding=\"async\" src=\"https:\/\/brasil61.com\/api\/v1\/serve_pixel\/22254\/85739\" alt=\"Pixel Brasil 61\" class=\"b61_pixel\" width=\"0\" height=\"0\"><\/p>\n<div class=\"br61_backlink\">\n<p>\n\t\t\t\tFonte: <a href=\"https:\/\/brasil61.com\/casos-de-sindrome-respiratoria-grave-avancam-no-sudeste-e-ligam-alerta-em-novos-estados-bras2515113\" title=\"Artigo Original: Casos de s\u00edndrome respirat\u00f3ria grave avan\u00e7am no Sudeste e ligam alerta em novos estados\" target=\"_blank\" rel=\"noopener\">Brasil 61<\/a>\n\t\t\t<\/p>\n<\/p><\/div>\n<input type=\"hidden\" id=\"baseurl\" value=\"https:\/\/noticiasregionais.com.br\"><input type=\"hidden\" id=\"audio_nonce\" value=\"5c13e0637f\">","protected":false},"excerpt":{"rendered":"<p>Boletim InfoGripe da Fiocruz aponta aumento de infec\u00e7\u00f5es por influenza A em S\u00e3o Paulo, Esp\u00edrito Santo, Rio de Janeiro e in\u00edcio de crescimento na Bahia; tr\u00eas estados est\u00e3o em n\u00edvel de alerta para SRAG<\/p>\n","protected":false},"author":1,"featured_media":10899,"comment_status":"","ping_status":"open","sticky":false,"template":"","format":"standard","meta":{"sfsi_plus_gutenberg_text_before_share":"","sfsi_plus_gutenberg_show_text_before_share":"","sfsi_plus_gutenberg_icon_type":"","sfsi_plus_gutenberg_icon_alignemt":"","sfsi_plus_gutenburg_max_per_row":"","footnotes":""},"categories":[8],"tags":[],"class_list":["post-10898","post","type-post","status-publish","format-standard","has-post-thumbnail","hentry","category-brasil"],"_links":{"self":[{"href":"https:\/\/noticiasregionais.com.br\/index.php?rest_route=\/wp\/v2\/posts\/10898","targetHints":{"allow":["GET"]}}],"collection":[{"href":"https:\/\/noticiasregionais.com.br\/index.php?rest_route=\/wp\/v2\/posts"}],"about":[{"href":"https:\/\/noticiasregionais.com.br\/index.php?rest_route=\/wp\/v2\/types\/post"}],"author":[{"embeddable":true,"href":"https:\/\/noticiasregionais.com.br\/index.php?rest_route=\/wp\/v2\/users\/1"}],"replies":[{"embeddable":true,"href":"https:\/\/noticiasregionais.com.br\/index.php?rest_route=%2Fwp%2Fv2%2Fcomments&post=10898"}],"version-history":[{"count":0,"href":"https:\/\/noticiasregionais.com.br\/index.php?rest_route=\/wp\/v2\/posts\/10898\/revisions"}],"wp:featuredmedia":[{"embeddable":true,"href":"https:\/\/noticiasregionais.com.br\/index.php?rest_route=\/wp\/v2\/media\/10899"}],"wp:attachment":[{"href":"https:\/\/noticiasregionais.com.br\/index.php?rest_route=%2Fwp%2Fv2%2Fmedia&parent=10898"}],"wp:term":[{"taxonomy":"category","embeddable":true,"href":"https:\/\/noticiasregionais.com.br\/index.php?rest_route=%2Fwp%2Fv2%2Fcategories&post=10898"},{"taxonomy":"post_tag","embeddable":true,"href":"https:\/\/noticiasregionais.com.br\/index.php?rest_route=%2Fwp%2Fv2%2Ftags&post=10898"}],"curies":[{"name":"wp","href":"https:\/\/api.w.org\/{rel}","templated":true}]}}