{"id":10900,"date":"2025-11-11T04:50:00","date_gmt":"2025-11-11T07:50:00","guid":{"rendered":"https:\/\/noticiasregionais.com.br\/?p=10900"},"modified":"2025-11-11T04:50:00","modified_gmt":"2025-11-11T07:50:00","slug":"worldskills-americas-brasil-e-o-grande-campeao-do-maior-torneio-de-educacao-profissional-do-continente","status":"publish","type":"post","link":"https:\/\/noticiasregionais.com.br\/?p=10900","title":{"rendered":"WorldSkills Am\u00e9ricas: Brasil \u00e9 o grande campe\u00e3o do maior torneio de educa\u00e7\u00e3o profissional do continente"},"content":{"rendered":"<p>\t\t\t\t\t\t\t\t\t\t\t<audio controls class=\"b61_audio_player\" data-noticia=\"85747\" src=\"https:\/\/brasil61.com\/rails\/active_storage\/blobs\/eyJfcmFpbHMiOnsibWVzc2FnZSI6IkJBaHBBN3U4QXc9PSIsImV4cCI6bnVsbCwicHVyIjoiYmxvYl9pZCJ9fQ==--7bd4799908a1b5d95f1fafda03327a867fb3bac1\/PIND254673A\"><\/audio><\/p>\n<p>Com um total de 18 medalhas conquistadas na 6\u00aa edi\u00e7\u00e3o da <a href=\"https:\/\/worldskillsamericas.org\/\" target=\"_blank\" rel=\"noopener\">WorldSkills Am\u00e9ricas<\/a>, o Brasil se consagrou como o grande campe\u00e3o do maior torneio de educa\u00e7\u00e3o profissional do continente. A competi\u00e7\u00e3o foi realizada entre os dias 3 e 8 de novembro, em Santiago, no Chile.<\/p>\n<p>No total, a delega\u00e7\u00e3o brasileira conquistou 15 medalhas de ouro, uma de prata e duas de bronze. A equipe foi representada por competidores dos estados de S\u00e3o Paulo, Pernambuco, Minas Gerais, Paran\u00e1 e Rio Grande do Norte.<\/p>\n<p>O coordenador T\u00e9cnico da WorldSkills Brasil, Anderson Scarlassara, explica que essas competi\u00e7\u00f5es visam aprimorar a qualidade da educa\u00e7\u00e3o profissional, ao expor os competidores a desafios pr\u00e1ticos alinhados a normas e tecnologias atuais.<\/p>\n<p>\u201cEste \u00e9 um momento estrat\u00e9gico para identificar oportunidades de melhoria, tanto nas compet\u00eancias t\u00e9cnicas, quanto nas compet\u00eancias interpessoais, contribuindo para o permanente desenvolvimento da educa\u00e7\u00e3o profissional no Brasil\u201d, afirma.<\/p>\n<p>Segundo Scarlassara, al\u00e9m de permitir a demonstra\u00e7\u00e3o das compet\u00eancias t\u00e9cnicas dos alunos, a participa\u00e7\u00e3o da delega\u00e7\u00e3o brasileira na WorldSkills Am\u00e9ricas possibilita comparar a qualidade do ensino nacional com a de outros pa\u00edses. Na avalia\u00e7\u00e3o dele, devido ao desempenho dos brasileiros em outras edi\u00e7\u00f5es, j\u00e1 h\u00e1 uma expectativa positiva em rela\u00e7\u00e3o \u00e0 premia\u00e7\u00e3o.<\/p>\n<p>\u201cA expectativa do <a href=\"https:\/\/www.senai.portaldaindustria.com.br\/\" target=\"_blank\" rel=\"noopener\">SENAI<\/a> em rela\u00e7\u00e3o aos competidores \u00e9 sempre alta no que diz respeito a conquistas de medalhas, refletindo a qualidade da nossa educa\u00e7\u00e3o profissional e o hist\u00f3rico positivo do Brasil nas competi\u00e7\u00f5es internacionais. No entanto, n\u00e3o \u00e9 poss\u00edvel prever a quantidade de premia\u00e7\u00f5es, j\u00e1 que outros pa\u00edses tamb\u00e9m est\u00e3o sempre inovando e podem apresentar melhores pr\u00e1ticas\u201d, afirma o coordenador.<\/p>\n<h2>Confira as ocupa\u00e7\u00f5es e os respectivos medalhistas premiados:<\/h2>\n<p><strong>Medalhas de ouro<\/strong><\/p>\n<ul>\n<li>Cabeamento de Redes: Luiz Fernando Barbosa Santos<\/li>\n<li>Mecatr\u00f4nica: Arthur Maia e Daniele Oliveira<\/li>\n<li>Desenho Mec\u00e2nico CAD: Welinton Mendon\u00e7a<\/li>\n<li>Solu\u00e7\u00f5es de Software para Neg\u00f3cios: Artur Fiorentino<\/li>\n<li>Soldagem: Felipe de Souza Rocha<\/li>\n<li>Controle Industrial: Kawan Costa Alves de Souza<\/li>\n<li>Constru\u00e7\u00e3o em Alvenaria: Davi da Silva Aleixo Ignacio<\/li>\n<li>Rob\u00f3tica M\u00f3vel Aut\u00f4noma: Arthur Barud e Gustavo Alves<\/li>\n<li>Confeitaria: Maria Alves<\/li>\n<li>Tecnologia Automotiva: Kauan Henrique Martinello Nazario<\/li>\n<li>Gest\u00e3o de Redes PC: Luan Batista<\/li>\n<li>Ind\u00fastria 4.0: Jo\u00e3o Victor Caliaro e Gustavo de Sousa<\/li>\n<li>Seguran\u00e7a Cibern\u00e9tica: Arthur Abreu e Jo\u00e3o Farias<\/li>\n<li>Sistema de Energia Fotovoltaica: Leandro Lavezo Jr. e Eduardo Urbatan<\/li>\n<li>Usinagem CNC: Alisson Genova<\/li>\n<\/ul>\n<p><strong>Medalha de prata<\/strong><\/p>\n<ul>\n<li>Tecnologia Web: Andr\u00e9 Bas\u00edlio<\/li>\n<\/ul>\n<p><strong>Medalhas de bronze<\/strong><\/p>\n<ul>\n<li>Instala\u00e7\u00f5es El\u00e9tricas Prediais: Rhuan Ferreira Barra<\/li>\n<li>Irriga\u00e7\u00e3o T\u00e9cnica: Gabriel R. de Souza e Heitor Freitas Castro<\/li>\n<\/ul>\n<p>Ao todo, mais de 300 participantes estiveram presentes no evento. Entre eles estavam competidores, especialistas e delegados t\u00e9cnicos de 12 pa\u00edses, al\u00e9m do Brasil, que competiu em 19 das 20 modalidades da competi\u00e7\u00e3o.<\/p>\n<h2>Sobre a WorldSkills Am\u00e9ricas<\/h2>\n<p>A WorldSkills Americas promove um evento competitivo a cada dois anos. A competi\u00e7\u00e3o re\u00fane 26 pa\u00edses membros. Cada na\u00e7\u00e3o envia uma delega\u00e7\u00e3o de estudantes competidores com idades entre 15 e 24 anos.<\/p>\n<p><a href=\"https:\/\/brasil61.com\/n\/faturamento-da-industria-recua-1-3-em-setembro-revela-estudo-da-cni-pind254672\" target=\"_blank\" rel=\"noopener\">Faturamento da ind\u00fastria recua 1,3% em setembro, revela estudo da CNI<\/a><\/p>\n<p><a href=\"https:\/\/brasil61.com\/n\/cni-selic-em-15-impede-crescimento-da-economia-e-deixa-brasil-isolado-no-contexto-internacional-de-juros-reais-pind254671\" target=\"_blank\" rel=\"noopener\">CNI: Selic em 15% impede crescimento da economia e deixa Brasil isolado no contexto internacional de juros reais<\/a><\/p>\n<p>O prop\u00f3sito do evento \u00e9 apresentar testes t\u00e9cnicos com altos padr\u00f5es competitivos, possibilitando que os participantes enfrentem os mesmos desafios que seus colegas em eventos regionais na Europa, \u00c1sia e \u00c1frica.<\/p>\n<p>A ideia \u00e9 inspirar os jovens a desenvolver uma paix\u00e3o por habilidades e a buscar a excel\u00eancia por meio de treinamentos e competi\u00e7\u00f5es. Os organizadores tamb\u00e9m desenvolvem compet\u00eancias por meio de padr\u00f5es globais de forma\u00e7\u00e3o, sistemas de avalia\u00e7\u00e3o comparativa e um m\u00e9todo eficaz de consulta ao setor da ind\u00fastria.<br \/>\n\u00a0<\/p>\n<p>\t\t\t\t\t\t\t\t\t\t<img decoding=\"async\" src=\"https:\/\/brasil61.com\/api\/v1\/serve_pixel\/22254\/85747\" alt=\"Pixel Brasil 61\" class=\"b61_pixel\" width=\"0\" height=\"0\"><\/p>\n<div class=\"br61_backlink\">\n<p>\n\t\t\t\tFonte: <a href=\"https:\/\/brasil61.com\/worldskills-americas-brasil-e-o-grande-campeao-do-maior-torneio-de-educacao-profissional-do-continente-pind254673\" title=\"Artigo Original: WorldSkills Am\u00e9ricas: Brasil \u00e9 o grande campe\u00e3o do maior torneio de educa\u00e7\u00e3o profissional do continente\" target=\"_blank\" rel=\"noopener\">Brasil 61<\/a>\n\t\t\t<\/p>\n<\/p><\/div>\n<input type=\"hidden\" id=\"baseurl\" value=\"https:\/\/noticiasregionais.com.br\"><input type=\"hidden\" id=\"audio_nonce\" value=\"5c13e0637f\">","protected":false},"excerpt":{"rendered":"<p>Ao todo, a delega\u00e7\u00e3o brasileira conquistou 18 medalhas; foram 15 de ouro, uma de prata e duas de bronze<\/p>\n","protected":false},"author":1,"featured_media":10901,"comment_status":"","ping_status":"open","sticky":false,"template":"","format":"standard","meta":{"sfsi_plus_gutenberg_text_before_share":"","sfsi_plus_gutenberg_show_text_before_share":"","sfsi_plus_gutenberg_icon_type":"","sfsi_plus_gutenberg_icon_alignemt":"","sfsi_plus_gutenburg_max_per_row":"","footnotes":""},"categories":[8],"tags":[],"class_list":["post-10900","post","type-post","status-publish","format-standard","has-post-thumbnail","hentry","category-brasil"],"_links":{"self":[{"href":"https:\/\/noticiasregionais.com.br\/index.php?rest_route=\/wp\/v2\/posts\/10900","targetHints":{"allow":["GET"]}}],"collection":[{"href":"https:\/\/noticiasregionais.com.br\/index.php?rest_route=\/wp\/v2\/posts"}],"about":[{"href":"https:\/\/noticiasregionais.com.br\/index.php?rest_route=\/wp\/v2\/types\/post"}],"author":[{"embeddable":true,"href":"https:\/\/noticiasregionais.com.br\/index.php?rest_route=\/wp\/v2\/users\/1"}],"replies":[{"embeddable":true,"href":"https:\/\/noticiasregionais.com.br\/index.php?rest_route=%2Fwp%2Fv2%2Fcomments&post=10900"}],"version-history":[{"count":0,"href":"https:\/\/noticiasregionais.com.br\/index.php?rest_route=\/wp\/v2\/posts\/10900\/revisions"}],"wp:featuredmedia":[{"embeddable":true,"href":"https:\/\/noticiasregionais.com.br\/index.php?rest_route=\/wp\/v2\/media\/10901"}],"wp:attachment":[{"href":"https:\/\/noticiasregionais.com.br\/index.php?rest_route=%2Fwp%2Fv2%2Fmedia&parent=10900"}],"wp:term":[{"taxonomy":"category","embeddable":true,"href":"https:\/\/noticiasregionais.com.br\/index.php?rest_route=%2Fwp%2Fv2%2Fcategories&post=10900"},{"taxonomy":"post_tag","embeddable":true,"href":"https:\/\/noticiasregionais.com.br\/index.php?rest_route=%2Fwp%2Fv2%2Ftags&post=10900"}],"curies":[{"name":"wp","href":"https:\/\/api.w.org\/{rel}","templated":true}]}}