{"id":10902,"date":"2025-11-11T11:15:00","date_gmt":"2025-11-11T14:15:00","guid":{"rendered":"https:\/\/noticiasregionais.com.br\/?p=10902"},"modified":"2025-11-11T11:15:00","modified_gmt":"2025-11-11T14:15:00","slug":"cop-30-estudo-mapeia-dificuldades-e-oportunidades-no-financiamento-da-bioeconomia-na-regiao-amazonica","status":"publish","type":"post","link":"https:\/\/noticiasregionais.com.br\/?p=10902","title":{"rendered":"COP 30: Estudo mapeia dificuldades e oportunidades no financiamento da bioeconomia na regi\u00e3o Amaz\u00f4nica"},"content":{"rendered":"<p>\t\t\t\t\t\t\t\t\t\t\t<audio controls class=\"b61_audio_player\" data-noticia=\"85754\" src=\"https:\/\/brasil61.com\/rails\/active_storage\/blobs\/eyJfcmFpbHMiOnsibWVzc2FnZSI6IkJBaHBBOHk4QXc9PSIsImV4cCI6bnVsbCwicHVyIjoiYmxvYl9pZCJ9fQ==--c74809e13138b761128e9f2788e8439eea2c41aa\/BASA250116A\"><\/audio><\/p>\n<p>\u00a0<\/p>\n<\/p>\n<p>Um<strong> estudo in\u00e9dito que mapeou as dificuldades e oportunidades no financiamento da bioeconomia na Regi\u00e3o Amaz\u00f4nica foi lan\u00e7ado na segunda-feira (10), na abertura do pavilh\u00e3o do Banco da Amaz\u00f4nia, na Green Zone da COP30, em Bel\u00e9m (PA).<\/strong> O levantamento identifica que a<strong> Amaz\u00f4nia Legal concentra 159 mecanismos de financiamento voltados \u00e0 bioeconomia<\/strong>, mas que a maioria dos recursos ainda n\u00e3o chega \u00e0s comunidades locais que vivem da sociobiodiversidade.\u00a0<\/p>\n<p>O lan\u00e7amento ocorreu na \u00faltima segunda-feira (10), na abertura do pavilh\u00e3o do <a href=\"https:\/\/www.bancoamazonia.com.br\/\" target=\"_blank\" rel=\"noopener\">Banco da Amaz\u00f4nia<\/a>, na Green Zone da COP30, em Bel\u00e9m (PA).<\/p>\n<p>O presidente do Banco da Amaz\u00f4nia, Luiz Lessa, destacou uma<strong> a\u00e7\u00e3o do banco ligada ao Pronaf Alimentos <\/strong>que segue os princ\u00edpios da socioeconomia. Segundo ele, <strong>a institui\u00e7\u00e3o atua n\u00e3o apenas com cr\u00e9dito e assist\u00eancia t\u00e9cnica, mas com acompanhamento do produtor no longo prazo.<\/strong><\/p>\n<p>\u201cE para isso n\u00f3s criamos uma solu\u00e7\u00e3o de integrar a produ\u00e7\u00e3o de algumas cadeias do PRONAF dentro de ind\u00fastrias. E com isso a gente tem uma estabilidade de venda e uma estabilidade de renda para o produtor. E com isso a gente realmente consegue gerar um diferencial de renda para essas pessoas e isso muda a qualidade de vida delas\u201d, disse.<\/p>\n<p>Lessa acrescentou que o<strong> estudo\u00a0\u00a0tamb\u00e9m traz exemplos do Banco do Brasil e do Banpar\u00e1 com o mesmo enfoque.<\/strong><\/p>\n<p>A pesquisa foi desenvolvida pela rede Uma Concerta\u00e7\u00e3o pela Amaz\u00f4nia em parceria com a Associa\u00e7\u00e3o Brasileira de Desenvolvimento (ABDE) e a Frankfurt School of Finance and Management, com apoio da Ag\u00eancia Francesa de Desenvolvimento (AFD).<\/p>\n<h2>Gargalos e oportunidades\u00a0<\/h2>\n<p>A publica\u00e7\u00e3o, intitulada \u201cEcossistema de financiamento da bioeconomia na Amaz\u00f4nia Legal: Diagn\u00f3stico, experi\u00eancias e recomenda\u00e7\u00f5es para a\u00e7\u00f5es integradas\u201d, mapeou e analisou a diversidade de mecanismos financeiros voltados \u00e0 bioeconomia na Amaz\u00f4nia Legal. O documento identificou formatos de atua\u00e7\u00e3o; lacunas de cobertura e oportunidades de financiamento.<\/p>\n<p><strong>Foram mapeados 159 mecanismos de financiamento com atua\u00e7\u00e3o na Amaz\u00f4nia Legal, de diversos tipos. Confira:<\/strong><\/p>\n<ul>\n<li>Exclusivos para bioeconomia;<\/li>\n<li>Dispon\u00edveis \u00e0 sociobioeconomia;<\/li>\n<li>Os que incluem cr\u00e9dito p\u00fablico, capital empreendedor, filantropia e outros tipos de mecanismos do mercado de capitais;<\/li>\n<li>Mecanismos com foco na diversidade e desenho dos instrumentos, n\u00e3o no volume desembolsado.<\/li>\n<\/ul>\n<p>Os dados apontam que<strong> 23% dos mecanismos pesquisados s\u00e3o dedicados \u00e0 bioeconomia. J\u00e1 outros 77% s\u00e3o multissetoriais, ou seja, possuem aplica\u00e7\u00e3o mais abrangente e envolvem outros tipos de segmentos econ\u00f4micos. Al\u00e9m disso, 61% tamb\u00e9m n\u00e3o s\u00e3o destinados \u00e0s comunidades.<\/strong><\/p>\n<p>J\u00e1 em rela\u00e7\u00e3o \u00e0 sociobieconomia \u2013 que envolve n\u00e3o apenas a produ\u00e7\u00e3o econ\u00f4mica, mas as pessoas da regi\u00e3o \u2013 um total de<strong> 28% dos mecanismos de financiamento s\u00e3o voltados \u00e0s comunidades locais (mesmo sem foco exclusivo em bioeconomia).<\/strong><\/p>\n<p>Quando considerados os casos exclusivos de bioeconomia,<strong> apenas\u00a0\u00a013% s\u00e3o destinados \u00e0s popula\u00e7\u00f5es que ali vivem.<\/strong><\/p>\n<h2>Formas de financiamento<\/h2>\n<p>Tamb\u00e9m ligado \u00e0 socioeconomia, <strong>a maioria dos financiamentos vem de a\u00e7\u00f5es de filantropia nacional (46%) e parcerias h\u00edbridas (40%). J\u00e1 33% vem de bancos p\u00fablicos e ag\u00eancias de fomento. Por fim aparecem os fundos de investimento (11%) e filantropia internacional (10%).<\/strong><\/p>\n<p>Pelo estudo, quando trata-se da bioeconomia como um todo, <strong>os bancos p\u00fablicos lideram e concentram 26% dos mecanismos.\u00a0<\/strong><\/p>\n<p>Os resultados da publica\u00e7\u00e3o evidenciam, contudo, gargalos no acesso a cr\u00e9dito e na articula\u00e7\u00e3o entre bancos p\u00fablicos, fundos filantr\u00f3picos e investidores privados.<\/p>\n<h2>Economia verde e transi\u00e7\u00e3o energ\u00e9tica<\/h2>\n<p>O lan\u00e7amento marcou a abertura da programa\u00e7\u00e3o do Banco da Amaz\u00f4nia na Green Zone da COP30, em Bel\u00e9m (PA). A institui\u00e7\u00e3o prepara uma s\u00e9rie de debates e mesas-redondas sobre bioeconomia, infraestrutura verde, financiamento sustent\u00e1vel e inclus\u00e3o.<\/p>\n<p>\u201cAssuntos que fazem parte do debate para dar suporte aos projetos que n\u00f3s financiamos para, definitivamente, gerarmos um espiral de desenvolvimento na Amaz\u00f4nia, em que possamos gerar emprego e renda e melhoria da qualidade de vida das pessoas\u201d, afirmou Luiz Lessa.<\/p>\n<p>Segundo a institui\u00e7\u00e3o,<strong> o encontro marcou o in\u00edcio da participa\u00e7\u00e3o e serviu para refor\u00e7ar o papel do Banco da Amaz\u00f4nia como articulador regional da transi\u00e7\u00e3o ecol\u00f3gica, em di\u00e1logo com o Governo Federal e organismos de fomento nacionais e internacionais.\u00a0<\/strong><\/p>\n<p>Conforme Lessa, o Banco da Amaz\u00f4nia marca presen\u00e7a na COP para cumprir o seu papel institucional na promo\u00e7\u00e3o do desenvolvimento sustent\u00e1vel da Amaz\u00f4nia.\u00a0\u00a0<\/p>\n<p>\t\t\t\t\t\t\t\t\t\t<img decoding=\"async\" src=\"https:\/\/brasil61.com\/api\/v1\/serve_pixel\/22254\/85754\" alt=\"Pixel Brasil 61\" class=\"b61_pixel\" width=\"0\" height=\"0\"><\/p>\n<div class=\"br61_backlink\">\n<p>\n\t\t\t\tFonte: <a href=\"https:\/\/brasil61.com\/cop-30-estudo-mapeia-dificuldades-e-oportunidades-no-financiamento-da-bioeconomia-na-regiao-amazonica-basa250116\" title=\"Artigo Original: COP 30: Estudo mapeia dificuldades e oportunidades no financiamento da bioeconomia na regi\u00e3o Amaz\u00f4nica\" target=\"_blank\" rel=\"noopener\">Brasil 61<\/a>\n\t\t\t<\/p>\n<\/p><\/div>\n<input type=\"hidden\" id=\"baseurl\" value=\"https:\/\/noticiasregionais.com.br\"><input type=\"hidden\" id=\"audio_nonce\" value=\"5c13e0637f\">","protected":false},"excerpt":{"rendered":"<p>Levantamento in\u00e9dito foi lan\u00e7ado durante a COP 30, no pavilh\u00e3o do Banco da Amaz\u00f4nia na Green Zone, em Bel\u00e9m (PA); publica\u00e7\u00e3o analisa diversidade de mecanismos financeiros voltados \u00e0 bioeconomia na Amaz\u00f4nia Legal<\/p>\n","protected":false},"author":1,"featured_media":10903,"comment_status":"","ping_status":"open","sticky":false,"template":"","format":"standard","meta":{"sfsi_plus_gutenberg_text_before_share":"","sfsi_plus_gutenberg_show_text_before_share":"","sfsi_plus_gutenberg_icon_type":"","sfsi_plus_gutenberg_icon_alignemt":"","sfsi_plus_gutenburg_max_per_row":"","footnotes":""},"categories":[8],"tags":[],"class_list":["post-10902","post","type-post","status-publish","format-standard","has-post-thumbnail","hentry","category-brasil"],"_links":{"self":[{"href":"https:\/\/noticiasregionais.com.br\/index.php?rest_route=\/wp\/v2\/posts\/10902","targetHints":{"allow":["GET"]}}],"collection":[{"href":"https:\/\/noticiasregionais.com.br\/index.php?rest_route=\/wp\/v2\/posts"}],"about":[{"href":"https:\/\/noticiasregionais.com.br\/index.php?rest_route=\/wp\/v2\/types\/post"}],"author":[{"embeddable":true,"href":"https:\/\/noticiasregionais.com.br\/index.php?rest_route=\/wp\/v2\/users\/1"}],"replies":[{"embeddable":true,"href":"https:\/\/noticiasregionais.com.br\/index.php?rest_route=%2Fwp%2Fv2%2Fcomments&post=10902"}],"version-history":[{"count":0,"href":"https:\/\/noticiasregionais.com.br\/index.php?rest_route=\/wp\/v2\/posts\/10902\/revisions"}],"wp:featuredmedia":[{"embeddable":true,"href":"https:\/\/noticiasregionais.com.br\/index.php?rest_route=\/wp\/v2\/media\/10903"}],"wp:attachment":[{"href":"https:\/\/noticiasregionais.com.br\/index.php?rest_route=%2Fwp%2Fv2%2Fmedia&parent=10902"}],"wp:term":[{"taxonomy":"category","embeddable":true,"href":"https:\/\/noticiasregionais.com.br\/index.php?rest_route=%2Fwp%2Fv2%2Fcategories&post=10902"},{"taxonomy":"post_tag","embeddable":true,"href":"https:\/\/noticiasregionais.com.br\/index.php?rest_route=%2Fwp%2Fv2%2Ftags&post=10902"}],"curies":[{"name":"wp","href":"https:\/\/api.w.org\/{rel}","templated":true}]}}