{"id":10904,"date":"2025-11-11T16:00:00","date_gmt":"2025-11-11T19:00:00","guid":{"rendered":"https:\/\/noticiasregionais.com.br\/?p=10904"},"modified":"2025-11-11T16:00:00","modified_gmt":"2025-11-11T19:00:00","slug":"mapa-lidera-agenda-do-agro-sustentavel-na-cop-30","status":"publish","type":"post","link":"https:\/\/noticiasregionais.com.br\/?p=10904","title":{"rendered":"Mapa lidera agenda do agro sustent\u00e1vel na COP 30"},"content":{"rendered":"<p>\t\t\t\t\t\t\t\t\t\t\t<audio controls class=\"b61_audio_player\" data-noticia=\"85756\" src=\"https:\/\/brasil61.com\/rails\/active_storage\/blobs\/eyJfcmFpbHMiOnsibWVzc2FnZSI6IkJBaHBBeVM5QXc9PSIsImV4cCI6bnVsbCwicHVyIjoiYmxvYl9pZCJ9fQ==--bbb86eb35ee544bc124e55c938cb315b280ab331\/MAPA250016A\"><\/audio><\/p>\n<p>A <strong>30\u00aa Confer\u00eancia das Na\u00e7\u00f5es Unidas sobre Mudan\u00e7a do Clima<\/strong> (<a href=\"https:\/\/cop30.br\/pt-br\" target=\"_blank\" rel=\"noopener\">COP30<\/a>) teve in\u00edcio nesta segunda-feira (10), em Bel\u00e9m (<a href=\"https:\/\/www.pa.gov.br\/\" target=\"_blank\" rel=\"noopener\">PA<\/a>). O evento re\u00fane l\u00edderes globais, especialistas e representantes de diversos setores para o debate sobre solu\u00e7\u00f5es clim\u00e1ticas. O <strong>Minist\u00e9rio da Agricultura e Pecu\u00e1ria<\/strong> (<a href=\"https:\/\/www.gov.br\/agricultura\/pt-br\" target=\"_blank\" rel=\"noopener\">Mapa<\/a>)<strong> integra a programa\u00e7\u00e3o em tr\u00eas \u00e1reas principais<\/strong>: Blue Zone, Green Zone e AgriZone.<\/p>\n<p><strong>O ministro Carlos F\u00e1varo comparece a eventos estrat\u00e9gicos que refor\u00e7am o compromisso do Brasil com pr\u00e1ticas agr\u00edcolas sustent\u00e1veis<\/strong>. Entre os destaques, est\u00e1 a <strong>assinatura de um conv\u00eanio de coopera\u00e7\u00e3o t\u00e9cnica<\/strong> entre o Mapa, a Embrapa e a Ag\u00eancia de Coopera\u00e7\u00e3o Internacional do Jap\u00e3o (<a href=\"https:\/\/www.jica.go.jp\/portuguese\/overseas\/brazil\/index.html\" target=\"_blank\" rel=\"noopener\">JICA<\/a>), voltado ao <a href=\"https:\/\/www.gov.br\/agricultura\/pt-br\/campanhas\/caminho-verde\" target=\"_blank\" rel=\"noopener\">Programa Caminho Verde Brasil<\/a>. A cerim\u00f4nia ocorrer\u00e1 no dia 18 de novembro, na AgriZone.<\/p>\n<p>Outro momento relevante ser\u00e1 o<strong> lan\u00e7amento da iniciativa RAIZ<\/strong> (<a href=\"https:\/\/www.fao.org\/climate-change\/fao-at-cop30\/raiz\/en\" target=\"_blank\" rel=\"noopener\">Resilient Agriculture Investment for Net Zero Land Degradation<\/a>), marcado para o dia 19 de novembro, na Blue Zone. Inspirada no Programa Caminho Verde Brasil, a RAIZ prop\u00f5e acelerar o financiamento para recupera\u00e7\u00e3o de \u00e1reas agr\u00edcolas degradadas, ampliar a coopera\u00e7\u00e3o internacional e viabilizar solu\u00e7\u00f5es inovadoras.<\/p>\n<h2>Pain\u00e9is e debates internacionais<\/h2>\n<p>Durante a COP30, o <strong>Mapa participa de pain\u00e9is tem\u00e1ticos<\/strong> que abordam desafios globais e solu\u00e7\u00f5es intersetoriais:<\/p>\n<ul>\n<li><strong>Impulsionando a A\u00e7\u00e3o Clim\u00e1tica Coordenada nos Sistemas Agroalimentares (19\/11): <\/strong>organizado pela Plataforma Regional dos Minist\u00e9rios da Agricultura da Am\u00e9rica Latina e do Caribe (<a href=\"https:\/\/accionclimaticaplaca.org\/es\/\" target=\"_blank\" rel=\"noopener\">PLACA<\/a>), pelo Mapa e pelo <a href=\"https:\/\/www.fao.org\/americas\/pt\" target=\"_blank\" rel=\"noopener\">Escrit\u00f3rio Regional da FAO<\/a>, o painel apresenta iniciativas conjuntas voltadas aos sistemas agroalimentares da regi\u00e3o, com foco na a\u00e7\u00e3o clim\u00e1tica coordenada entre os pa\u00edses latino-americanos e caribenhos;<\/li>\n<li><strong>Sa\u00fade \u00danica para a Resili\u00eancia Clim\u00e1tica (20\/11): <\/strong>promovido pela Organiza\u00e7\u00e3o Mundial de Sa\u00fade Animal (<a href=\"https:\/\/www.woah.org\/en\/home\/\" target=\"_blank\" rel=\"noopener\">OMSA<\/a>) e pelo Mapa, a apresenta\u00e7\u00e3o destaca estrat\u00e9gias integradas voltadas \u00e0 prote\u00e7\u00e3o da sa\u00fade humana, animal e ambiental frente aos desafios clim\u00e1ticos. A diretora-geral da OMSA, Emmanuelle Soubeyran, tamb\u00e9m participa do evento;<\/li>\n<li><strong>Di\u00e1logo de Alto N\u00edvel sobre Com\u00e9rcio Agr\u00edcola Sustent\u00e1vel (20\/11):<\/strong> realizado pela Organiza\u00e7\u00e3o para a Coopera\u00e7\u00e3o e Desenvolvimento Econ\u00f4mico (<a href=\"https:\/\/www.gov.br\/cade\/pt-br\/centrais-de-conteudo\/internacional\/cooperacao-multilateral\/organizacao-para-a-cooperacao-e-desenvolvimento-economico-ocde-1\" target=\"_blank\" rel=\"noopener\">OCDE<\/a>), o encontro re\u00fane autoridades e especialistas para tratar dos desafios e oportunidades do com\u00e9rcio agropecu\u00e1rio em um cen\u00e1rio de transi\u00e7\u00e3o verde.<\/li>\n<\/ul>\n<h2>AgriZone: vitrine da agricultura sustent\u00e1vel<\/h2>\n<p>A <strong>Casa da Agricultura Sustent\u00e1vel<\/strong>, instalada na Embrapa Amaz\u00f4nia Oriental, <strong>oferece 378 atividades t\u00e9cnicas ao longo de 11 dia<\/strong>s. O espa\u00e7o tamb\u00e9m apresenta exposi\u00e7\u00e3o de 45 cultivares, 30 sistemas agropecu\u00e1rios sustent\u00e1veis, vitrines tecnol\u00f3gicas voltadas \u00e0 agricultura familiar e gastronomia regional.<\/p>\n<p>O espa\u00e7o <strong>integra a rota oficial de transporte da COP30<\/strong>, conectada \u00e0 Blue Zone pela linha 11. Entre 1\u00ba e 23 de novembro, 15 linhas de \u00f4nibus, com ve\u00edculos el\u00e9tricos e modelos de baixa emiss\u00e3o, garantem o acesso aos espa\u00e7os da confer\u00eancia a partir de hot\u00e9is, navios e pontos estrat\u00e9gicos da cidade.<\/p>\n<p>A <strong>AgriZone<\/strong> foi organizada pela Embrapa e pelo Mapa, em parceria com os Minist\u00e9rios do Desenvolvimento Agr\u00e1rio e Agricultura Familiar (<a href=\"https:\/\/www.gov.br\/mda\/pt-br\" target=\"_blank\" rel=\"noopener\">MDA<\/a>), do Desenvolvimento e Assist\u00eancia Social, Fam\u00edlia e Combate \u00e0 Fome (<a href=\"https:\/\/www.gov.br\/mds\/pt-br\" target=\"_blank\" rel=\"noopener\">MDS<\/a>) e da Pesca e Aquicultura (<a href=\"https:\/\/www.gov.br\/mpa\/pt-br\" target=\"_blank\" rel=\"noopener\">MPA<\/a>).<\/p>\n<p><strong>VEJA MAIS:<\/strong><\/p>\n<ul>\n<li><a href=\"https:\/\/brasil61.com\/n\/brasil-e-argentina-fortalecem-cooperacao-sanitaria-para-o-comercio-avicola-mapa250015\" target=\"_blank\" rel=\"noopener\">Brasil e Argentina fortalecem coopera\u00e7\u00e3o sanit\u00e1ria para o com\u00e9rcio av\u00edcola<\/a><\/li>\n<li><a href=\"https:\/\/brasil61.com\/n\/cop-30-estudo-mapeia-dificuldades-e-oportunidades-no-financiamento-da-bioeconomia-na-regiao-amazonica-basa250116\" target=\"_blank\" rel=\"noopener\">COP 30: Estudo mapeia dificuldades e oportunidades no financiamento da bioeconomia na regi\u00e3o Amaz\u00f4nica<\/a><\/li>\n<\/ul>\n<p>\t\t\t\t\t\t\t\t\t\t<img decoding=\"async\" src=\"https:\/\/brasil61.com\/api\/v1\/serve_pixel\/22254\/85756\" alt=\"Pixel Brasil 61\" class=\"b61_pixel\" width=\"0\" height=\"0\"><\/p>\n<div class=\"br61_backlink\">\n<p>\n\t\t\t\tFonte: <a href=\"https:\/\/brasil61.com\/mapa-lidera-agenda-do-agro-sustentavel-na-cop-30-mapa250016\" title=\"Artigo Original: Mapa lidera agenda do agro sustent\u00e1vel na COP 30\" target=\"_blank\" rel=\"noopener\">Brasil 61<\/a>\n\t\t\t<\/p>\n<\/p><\/div>\n<input type=\"hidden\" id=\"baseurl\" value=\"https:\/\/noticiasregionais.com.br\"><input type=\"hidden\" id=\"audio_nonce\" value=\"533fbb67b1\">","protected":false},"excerpt":{"rendered":"<p>Minist\u00e9rio apresenta iniciativas sustent\u00e1veis, coopera\u00e7\u00e3o internacional e solu\u00e7\u00f5es clim\u00e1ticas em tr\u00eas frentes da confer\u00eancia<\/p>\n","protected":false},"author":1,"featured_media":10905,"comment_status":"","ping_status":"open","sticky":false,"template":"","format":"standard","meta":{"sfsi_plus_gutenberg_text_before_share":"","sfsi_plus_gutenberg_show_text_before_share":"","sfsi_plus_gutenberg_icon_type":"","sfsi_plus_gutenberg_icon_alignemt":"","sfsi_plus_gutenburg_max_per_row":"","footnotes":""},"categories":[8],"tags":[],"class_list":["post-10904","post","type-post","status-publish","format-standard","has-post-thumbnail","hentry","category-brasil"],"_links":{"self":[{"href":"https:\/\/noticiasregionais.com.br\/index.php?rest_route=\/wp\/v2\/posts\/10904","targetHints":{"allow":["GET"]}}],"collection":[{"href":"https:\/\/noticiasregionais.com.br\/index.php?rest_route=\/wp\/v2\/posts"}],"about":[{"href":"https:\/\/noticiasregionais.com.br\/index.php?rest_route=\/wp\/v2\/types\/post"}],"author":[{"embeddable":true,"href":"https:\/\/noticiasregionais.com.br\/index.php?rest_route=\/wp\/v2\/users\/1"}],"replies":[{"embeddable":true,"href":"https:\/\/noticiasregionais.com.br\/index.php?rest_route=%2Fwp%2Fv2%2Fcomments&post=10904"}],"version-history":[{"count":0,"href":"https:\/\/noticiasregionais.com.br\/index.php?rest_route=\/wp\/v2\/posts\/10904\/revisions"}],"wp:featuredmedia":[{"embeddable":true,"href":"https:\/\/noticiasregionais.com.br\/index.php?rest_route=\/wp\/v2\/media\/10905"}],"wp:attachment":[{"href":"https:\/\/noticiasregionais.com.br\/index.php?rest_route=%2Fwp%2Fv2%2Fmedia&parent=10904"}],"wp:term":[{"taxonomy":"category","embeddable":true,"href":"https:\/\/noticiasregionais.com.br\/index.php?rest_route=%2Fwp%2Fv2%2Fcategories&post=10904"},{"taxonomy":"post_tag","embeddable":true,"href":"https:\/\/noticiasregionais.com.br\/index.php?rest_route=%2Fwp%2Fv2%2Ftags&post=10904"}],"curies":[{"name":"wp","href":"https:\/\/api.w.org\/{rel}","templated":true}]}}