{"id":1091,"date":"2023-11-08T06:54:28","date_gmt":"2023-11-08T09:54:28","guid":{"rendered":"https:\/\/noticiasregionais.com.br\/?p=1091"},"modified":"2023-11-08T06:54:32","modified_gmt":"2023-11-08T09:54:32","slug":"retirada-de-poste-que-caiu-sobre-muro-de-escola-durante-chuva-suspende-aulas-por-uma-semana-em-ourinhos","status":"publish","type":"post","link":"https:\/\/noticiasregionais.com.br\/?p=1091","title":{"rendered":"Retirada de poste que caiu sobre muro de escola durante chuva suspende aulas por uma semana em Ourinhos"},"content":{"rendered":"\n<p class=\"has-text-align-center\"><strong>Tempestades com ventos de 100 km\/h atingiram a cidade na sexta-feira (3). Atividades foram suspensas nesta segunda-feira em quatro unidades e em uma delas, os trabalhos de recupera\u00e7\u00e3o s\u00f3 ser\u00e3o finalizados no fim de semana.<\/strong><\/p>\n\n\n\n<p>Uma das<a class=\"\" href=\"https:\/\/g1.globo.com\/sp\/bauru-marilia\/noticia\/2023\/11\/06\/escolas-tem-aulas-suspensas-para-retirada-de-arvores-e-postes-que-cairam-durante-chuva-em-ourinhos.ghtml\" target=\"_blank\" rel=\"noopener\">&nbsp;quatro escolas que tiveram as atividades suspensas<\/a>&nbsp;por causa dos&nbsp;<a class=\"\" href=\"https:\/\/g1.globo.com\/sp\/itapetininga-regiao\/noticia\/2023\/11\/05\/temporal-deixou-mais-de-20-cidades-sem-internet-e-telefone-no-interior-de-sp.ghtml\" target=\"_blank\" rel=\"noopener\">estragos causados pelo temporal de sexta-feira (3)<\/a>&nbsp;deve ficar sem aulas at\u00e9 a pr\u00f3xima semana em&nbsp;<a class=\"\" href=\"https:\/\/g1.globo.com\/sp\/bauru-marilia\/cidade\/ourinhos\/\" target=\"_blank\" rel=\"noopener\">Ourinhos<\/a>. Na Escola Municipal de Educa\u00e7\u00e3o Fundamental Nilse de Freitas estudam cerca de 400 alunos.<\/p>\n\n\n\n<p>No local houve a queda de um poste que foi antes atingido por uma \u00e1rvore, que tamb\u00e9m caiu. O poste acabou atingindo o muro da escola tamb\u00e9m e houve ainda destelhamento em partes do pr\u00e9dio.<\/p>\n\n\n\n<p>Tr\u00eas das quatro escolas que tiveram aulas suspensas pela chuva s\u00e3o reabertas em Ourinhos<\/p>\n\n\n\n<p>Os trabalhos para retirada do poste e instala\u00e7\u00e3o de um novo devem seguir at\u00e9 o fim de semana, portanto, as aulas durante esta semana est\u00e3o suspensas.<\/p>\n\n\n\n<p>Na segunda-feira, a prefeitura suspendeu tamb\u00e9m as aulas na Creche Ayrton Senna, que funciona no mesmo espa\u00e7o do Caic e na Emef Adelaide Racanello para retirada de \u00e1rvores que ca\u00edram nos locais. As atividades nessas tr\u00eas unidades foram retomadas nesta ter\u00e7a-feira.<\/p>\n\n\n\n<h2 class=\"wp-block-heading\">Estragos<\/h2>\n\n\n\n<figure class=\"wp-block-image\"><img decoding=\"async\" src=\"https:\/\/s2-g1.glbimg.com\/sklxju_7tE-_MdoEzQHdW-GFI7k=\/0x0:1364x767\/984x0\/smart\/filters:strip_icc()\/i.s3.glbimg.com\/v1\/AUTH_59edd422c0c84a879bd37670ae4f538a\/internal_photos\/bs\/2023\/w\/n\/sulzwXQ26Tg5ePPAJGIg\/chuva-escola.jpg\" alt=\"\u00c1rvore caiu em escola de Ourinhos; quatro unidades foram afetadas pelo temporal \u2014 Foto: Heytor Campezzi \/ TV TEM\"\/><\/figure>\n\n\n\n<p><sub>\u00c1rvore caiu em escola de Ourinhos; quatro unidades foram afetadas pelo temporal \u2014 Foto: Heytor Campezzi \/ TV TEM<\/sub><\/p>\n\n\n\n<p>Os maiores estragos foram na Nilse de Freitas e no Caic, nesta \u00faltima v\u00e1rias \u00e1rvores ca\u00edram em uma \u00e1rea externa entre os pr\u00e9dios, onde funciona a cozinha. Duas delas ca\u00edram em cima de dois muros do im\u00f3vel.<\/p>\n\n\n\n<p>Um poste de ilumina\u00e7\u00e3o e internet que fica dentro da escola tamb\u00e9m caiu e a unidade ficou sem internet por causa disso.<\/p>\n\n\n\n<p>A Creche Ayrton Senna, que funciona de maneira anexa ao Caic, tamb\u00e9m teve as atividades canceladas para conserto dos estragos causados pela chuva.<\/p>\n\n\n\n<p>Na Nilse de Freitas, algumas \u00e1rvores ca\u00edram na entrada da escola, mas o problema maior foi o destelhamento. V\u00e1rias partes do telhado da unidade foram danificadas. Um poste caiu em cima do port\u00e3o da escola, que ficou sem energia el\u00e9trica.<\/p>\n\n\n\n<p>Na Emef Adelaide Racanello, que tamb\u00e9m foi danificada pelo temporal, uma \u00e1rvore caiu em cima do muro da escola.<\/p>\n\n\n\n<p>As quatro escolas atendem cerca de 2.600 alunos. S\u00e3o 2.300 no ensino fundamental e 300 no ensino infantil. Ningu\u00e9m se feriu, segundo a prefeitura.<\/p>\n\n\n\n<figure class=\"wp-block-image\"><img decoding=\"async\" src=\"https:\/\/s2-g1.glbimg.com\/dItEVfe9KSuy3ulL5oMQtEcBwi0=\/0x0:1314x767\/984x0\/smart\/filters:strip_icc()\/i.s3.glbimg.com\/v1\/AUTH_59edd422c0c84a879bd37670ae4f538a\/internal_photos\/bs\/2023\/j\/n\/3jvgggQQAXZj1gakLVKA\/chuva-escola-3.jpg\" alt=\"Trabalho de retirada das \u00e1rvores \u00e9 feito nesta segunda-feira em Ourinhos \u2014 Foto: Heytor Campezzi \/ TV TEM\"\/><\/figure>\n\n\n\n<p><sub>Trabalho de retirada das \u00e1rvores \u00e9 feito nesta segunda-feira em Ourinhos \u2014 Foto: Heytor Campezzi \/ TV TEM<\/sub><\/p>\n\n\n\n<p><sub><strong>fonte: G1 Bauru e Mar\u00edlia<\/strong><\/sub><\/p>\n<input type=\"hidden\" id=\"baseurl\" value=\"https:\/\/noticiasregionais.com.br\"><input type=\"hidden\" id=\"audio_nonce\" value=\"533fbb67b1\">","protected":false},"excerpt":{"rendered":"<p>Tempestades com ventos de 100 km\/h atingiram a cidade na sexta-feira (3). Atividades foram suspensas nesta segunda-feira em quatro unidades&hellip;<\/p>\n","protected":false},"author":1,"featured_media":1092,"comment_status":"closed","ping_status":"open","sticky":false,"template":"","format":"standard","meta":{"sfsi_plus_gutenberg_text_before_share":"","sfsi_plus_gutenberg_show_text_before_share":"","sfsi_plus_gutenberg_icon_type":"","sfsi_plus_gutenberg_icon_alignemt":"","sfsi_plus_gutenburg_max_per_row":"","footnotes":""},"categories":[5,10,1],"tags":[],"class_list":["post-1091","post","type-post","status-publish","format-standard","has-post-thumbnail","hentry","category-ourinhos","category-destaques","category-noticias"],"_links":{"self":[{"href":"https:\/\/noticiasregionais.com.br\/index.php?rest_route=\/wp\/v2\/posts\/1091","targetHints":{"allow":["GET"]}}],"collection":[{"href":"https:\/\/noticiasregionais.com.br\/index.php?rest_route=\/wp\/v2\/posts"}],"about":[{"href":"https:\/\/noticiasregionais.com.br\/index.php?rest_route=\/wp\/v2\/types\/post"}],"author":[{"embeddable":true,"href":"https:\/\/noticiasregionais.com.br\/index.php?rest_route=\/wp\/v2\/users\/1"}],"replies":[{"embeddable":true,"href":"https:\/\/noticiasregionais.com.br\/index.php?rest_route=%2Fwp%2Fv2%2Fcomments&post=1091"}],"version-history":[{"count":1,"href":"https:\/\/noticiasregionais.com.br\/index.php?rest_route=\/wp\/v2\/posts\/1091\/revisions"}],"predecessor-version":[{"id":1093,"href":"https:\/\/noticiasregionais.com.br\/index.php?rest_route=\/wp\/v2\/posts\/1091\/revisions\/1093"}],"wp:featuredmedia":[{"embeddable":true,"href":"https:\/\/noticiasregionais.com.br\/index.php?rest_route=\/wp\/v2\/media\/1092"}],"wp:attachment":[{"href":"https:\/\/noticiasregionais.com.br\/index.php?rest_route=%2Fwp%2Fv2%2Fmedia&parent=1091"}],"wp:term":[{"taxonomy":"category","embeddable":true,"href":"https:\/\/noticiasregionais.com.br\/index.php?rest_route=%2Fwp%2Fv2%2Fcategories&post=1091"},{"taxonomy":"post_tag","embeddable":true,"href":"https:\/\/noticiasregionais.com.br\/index.php?rest_route=%2Fwp%2Fv2%2Ftags&post=1091"}],"curies":[{"name":"wp","href":"https:\/\/api.w.org\/{rel}","templated":true}]}}