{"id":10924,"date":"2025-11-12T04:15:00","date_gmt":"2025-11-12T07:15:00","guid":{"rendered":"https:\/\/noticiasregionais.com.br\/?p=10924"},"modified":"2025-11-13T21:31:21","modified_gmt":"2025-11-14T00:31:21","slug":"municipios-podem-contribuir-com-avaliacao-da-norma-que-define-distribuicao-da-cfem","status":"publish","type":"post","link":"https:\/\/noticiasregionais.com.br\/?p=10924","title":{"rendered":"Munic\u00edpios podem contribuir com avalia\u00e7\u00e3o da norma que define distribui\u00e7\u00e3o da CFEM"},"content":{"rendered":"<p>\t\t\t\t\t\t\t\t\t\t<audio controls class=\"b61_audio_player\" data-noticia=\"85762\" src=\"https:\/\/brasil61.com\/rails\/active_storage\/blobs\/eyJfcmFpbHMiOnsibWVzc2FnZSI6IkJBaHBBemE5QXc9PSIsImV4cCI6bnVsbCwicHVyIjoiYmxvYl9pZCJ9fQ==--b1655a7828be095ac97ee9b2750ee25f5b317361\/BRAS2515120A\"><\/audio><\/p>\n<p>\u00a0A <strong><a href=\"https:\/\/www.gov.br\/anm\/pt-br\/assuntos\/noticias\/como-a-mineracao-ajuda-o-seu-municipio-a-crescer\" target=\"_blank\" rel=\"noopener\">Ag\u00eancia Nacional de Minera\u00e7\u00e3o<\/a> (ANM) abriu a Tomada de Subs\u00eddios n\u00ba 01\/2025,<\/strong> que trata da Avalia\u00e7\u00e3o de Resultado Regulat\u00f3rio (ARR) da Resolu\u00e7\u00e3o ANM n\u00ba 143\/2023, <strong>norma que disciplina a distribui\u00e7\u00e3o da <a href=\"https:\/\/www.gov.br\/anm\/pt-br\/acesso-a-informacao\/perguntas-frequentes\/contribuicao-financeira-pela-exploracao-mineral-2013-cfem\" target=\"_blank\" rel=\"noopener\">Compensa\u00e7\u00e3o Financeira pela Explora\u00e7\u00e3o de Recursos Minerais<\/a> (CFEM) <\/strong>entre o <strong>Distrito Federal e os munic\u00edpios afetados pela atividade de minera\u00e7\u00e3o<\/strong>.<\/p>\n<\/p>\n<p dir=\"ltr\">A <a href=\"https:\/\/cnm.org.br\/comunicacao\/noticias\/municipios-podem-contribuir-com-avaliacao-da-norma-que-define-distribuicao-da-cfem\" target=\"_blank\" rel=\"noopener\">Confedera\u00e7\u00e3o Nacional de Munic\u00edpios<\/a> <strong>(CNM) destaca a import\u00e2ncia da participa\u00e7\u00e3o dos munic\u00edpios mineradores e afetados<\/strong>, j\u00e1 que <strong>as informa\u00e7\u00f5es coletadas ser\u00e3o consideradas na elabora\u00e7\u00e3o do relat\u00f3rio da avalia\u00e7\u00e3o<\/strong>. O documento poder\u00e1 contribuir para o aprimoramento da resolu\u00e7\u00e3o e, consequentemente, da forma como os recursos da CFEM s\u00e3o distribu\u00eddos.<\/p>\n<p dir=\"ltr\">Segundo a ANM, o <strong>processo busca coletar contribui\u00e7\u00f5es e sugest\u00f5es para avaliar os impactos e melhorar a norma<\/strong>. A iniciativa integra a Agenda de Avalia\u00e7\u00e3o de Resultado Regulat\u00f3rio da ANM (2023\u20132026), prevista no Decreto 10.411\/2020, com o objetivo de verificar se os fundamentos da resolu\u00e7\u00e3o permanecem adequados, fortalecendo a governan\u00e7a e a transpar\u00eancia na gest\u00e3o da CFEM, uma das principais receitas para os munic\u00edpios mineradores.<\/p>\n<h2 dir=\"ltr\">A consulta est\u00e1 organizada em quatro eixos tem\u00e1ticos:<\/h2>\n<ul dir=\"ltr\">\n<li>\u00a0Eixo 1: Clareza e Compreens\u00e3o da Norma<\/li>\n<li>\u00a0Eixo 2: Justi\u00e7a e Adequa\u00e7\u00e3o dos Crit\u00e9rios de Distribui\u00e7\u00e3o<\/li>\n<li>\u00a0Eixo 3: Processos, Prazos e Capacidade Institucional<\/li>\n<li>\u00a0Eixo 4: Impacto, Efetividade e Propostas de Melhoria<\/li>\n<\/ul>\n<p dir=\"ltr\">Os participantes devem indicar o grau de concord\u00e2ncia em cada eixo (de \u201cDiscordo totalmente\u201d a \u201cConcordo totalmente\u201d) e podem apresentar contribui\u00e7\u00f5es livres ao final da consulta.<\/p>\n<p dir=\"ltr\"><strong>Mais de 90% dos munic\u00edpios brasileiros recebem parte da arrecada\u00e7\u00e3o da <a href=\"https:\/\/www.gov.br\/anm\/pt-br\/acesso-a-informacao\/perguntas-frequentes\/contribuicao-financeira-pela-exploracao-mineral-2013-cfem\" target=\"_blank\" rel=\"noopener\">CFEM<\/a>, que \u00e9 distribu\u00edda entre Uni\u00e3o, estados e munic\u00edpios<\/strong>. A Resolu\u00e7\u00e3o ANM n\u00ba 143\/2023 define essa distribui\u00e7\u00e3o e est\u00e1 sendo debatida publicamente por meio da Tomada de Subs\u00eddios n\u00ba 01\/2025, dispon\u00edvel na plataforma Participa + Brasil.<\/p>\n<p dir=\"ltr\">A Avalia\u00e7\u00e3o de Resultado Regulat\u00f3rio representa um passo importante para aprimorar pol\u00edticas p\u00fablicas e promover uma regula\u00e7\u00e3o mais transparente e participativa. Ao envolver gestores locais, o setor mineral e a sociedade, a ANM busca fortalecer a boa governan\u00e7a e o compromisso com o interesse p\u00fablico.<\/p>\n<p dir=\"ltr\">Para participar, basta acessar o formul\u00e1rio eletr\u00f4nico na plataforma Participa + Brasil. O Manual de Participa\u00e7\u00e3o Social da ANM tamb\u00e9m est\u00e1 dispon\u00edvel para auxiliar os interessados.<\/p>\n<p dir=\"ltr\">As informa\u00e7\u00f5es s\u00e3o da <a href=\"https:\/\/cnm.org.br\/comunicacao\/noticias\/municipios-podem-contribuir-com-avaliacao-da-norma-que-define-distribuicao-da-cfem\" target=\"_blank\" rel=\"noopener\">Confedera\u00e7\u00e3o Nacional de Munic\u00edpios<\/a> e da <a href=\"https:\/\/www.gov.br\/anm\/pt-br\/assuntos\/noticias\/como-a-mineracao-ajuda-o-seu-municipio-a-crescer\" target=\"_blank\" rel=\"noopener\">Ag\u00eancia Nacional de Minera\u00e7\u00e3o<\/a>.<\/p>\n<p>\t\t\t\t\t\t\t\t\t<img decoding=\"async\" src=\"https:\/\/brasil61.com\/api\/v1\/serve_pixel\/22254\/85762\" alt=\"Pixel Brasil 61\" class=\"b61_pixel\" width=\"0\" height=\"0\"><\/p>\n<div class=\"br61_backlink\">\n<p>\n\t\t\t\tFonte: <a href=\"https:\/\/brasil61.com\/municipios-podem-contribuir-com-avaliacao-da-norma-que-define-distribuicao-da-cfem-bras2515120\" title=\"Artigo Original: Munic\u00edpios podem contribuir com avalia\u00e7\u00e3o da norma que define distribui\u00e7\u00e3o da CFEM\" target=\"_blank\" rel=\"noopener\">Brasil 61<\/a>\n\t\t\t<\/p>\n<\/p><\/div>\n<input type=\"hidden\" id=\"baseurl\" value=\"https:\/\/noticiasregionais.com.br\"><input type=\"hidden\" id=\"audio_nonce\" value=\"5c13e0637f\">","protected":false},"excerpt":{"rendered":"<p>Mais de 90% dos munic\u00edpios brasileiros recebem parte da arrecada\u00e7\u00e3o da Compensa\u00e7\u00e3o Financeira pela Explora\u00e7\u00e3o de Recursos Minerais, que \u00e9 distribu\u00edda entre Uni\u00e3o, estados e munic\u00edpios<\/p>\n","protected":false},"author":1,"featured_media":10975,"comment_status":"closed","ping_status":"open","sticky":false,"template":"","format":"standard","meta":{"sfsi_plus_gutenberg_text_before_share":"","sfsi_plus_gutenberg_show_text_before_share":"","sfsi_plus_gutenberg_icon_type":"","sfsi_plus_gutenberg_icon_alignemt":"","sfsi_plus_gutenburg_max_per_row":"","footnotes":""},"categories":[8],"tags":[],"class_list":["post-10924","post","type-post","status-publish","format-standard","has-post-thumbnail","hentry","category-brasil"],"_links":{"self":[{"href":"https:\/\/noticiasregionais.com.br\/index.php?rest_route=\/wp\/v2\/posts\/10924","targetHints":{"allow":["GET"]}}],"collection":[{"href":"https:\/\/noticiasregionais.com.br\/index.php?rest_route=\/wp\/v2\/posts"}],"about":[{"href":"https:\/\/noticiasregionais.com.br\/index.php?rest_route=\/wp\/v2\/types\/post"}],"author":[{"embeddable":true,"href":"https:\/\/noticiasregionais.com.br\/index.php?rest_route=\/wp\/v2\/users\/1"}],"replies":[{"embeddable":true,"href":"https:\/\/noticiasregionais.com.br\/index.php?rest_route=%2Fwp%2Fv2%2Fcomments&post=10924"}],"version-history":[{"count":1,"href":"https:\/\/noticiasregionais.com.br\/index.php?rest_route=\/wp\/v2\/posts\/10924\/revisions"}],"predecessor-version":[{"id":10974,"href":"https:\/\/noticiasregionais.com.br\/index.php?rest_route=\/wp\/v2\/posts\/10924\/revisions\/10974"}],"wp:featuredmedia":[{"embeddable":true,"href":"https:\/\/noticiasregionais.com.br\/index.php?rest_route=\/wp\/v2\/media\/10975"}],"wp:attachment":[{"href":"https:\/\/noticiasregionais.com.br\/index.php?rest_route=%2Fwp%2Fv2%2Fmedia&parent=10924"}],"wp:term":[{"taxonomy":"category","embeddable":true,"href":"https:\/\/noticiasregionais.com.br\/index.php?rest_route=%2Fwp%2Fv2%2Fcategories&post=10924"},{"taxonomy":"post_tag","embeddable":true,"href":"https:\/\/noticiasregionais.com.br\/index.php?rest_route=%2Fwp%2Fv2%2Ftags&post=10924"}],"curies":[{"name":"wp","href":"https:\/\/api.w.org\/{rel}","templated":true}]}}