{"id":10926,"date":"2025-11-12T04:20:00","date_gmt":"2025-11-12T07:20:00","guid":{"rendered":"https:\/\/noticiasregionais.com.br\/?p=10926"},"modified":"2025-11-13T21:31:25","modified_gmt":"2025-11-14T00:31:25","slug":"goias-e-o-primeiro-estado-do-brasil-com-carbono-positivo-no-uso-da-terra-revela-pesquisa","status":"publish","type":"post","link":"https:\/\/noticiasregionais.com.br\/?p=10926","title":{"rendered":"Goi\u00e1s \u00e9 o primeiro estado do Brasil com \u201ccarbono positivo\u201d no uso da terra, revela pesquisa"},"content":{"rendered":"<p>\t\t\t\t\t\t\t\t\t\t<audio controls class=\"b61_audio_player\" data-noticia=\"85769\" src=\"https:\/\/brasil61.com\/rails\/active_storage\/blobs\/eyJfcmFpbHMiOnsibWVzc2FnZSI6IkJBaHBBMkc5QXc9PSIsImV4cCI6bnVsbCwicHVyIjoiYmxvYl9pZCJ9fQ==--5f2fd40c39965eca0cc226a00ee04bbc42746e5b\/BRAS2515124A\"><\/audio><\/p>\n<p>Um <strong>estudo in\u00e9dito<\/strong> realizado pelo <strong>Earth Innovation Institute<\/strong> (EII), de Berkeley (EUA), mostrou que o estado de <strong>Goi\u00e1s \u00e9 o primeiro do Brasil a alcan\u00e7ar balan\u00e7o \u201ccarbono positivo\u201d no uso da terra<\/strong>, tendo <strong>compensado<\/strong> integralmente suas <strong>emiss\u00f5es florestais de carbono<\/strong> desde <strong>2006<\/strong>. O estado apresentou um <strong>ganho l\u00edquido estimado de 513 milh\u00f5es de toneladas<\/strong> de di\u00f3xido de carbono (<strong>CO\u2082<\/strong>) \u2014 popularmente conhecido como g\u00e1s carb\u00f4nico \u2014 equivalente entre <strong>2000 e 2024<\/strong>.<\/p>\n<p>Segundo a <strong>pesquisa<\/strong> \u2014 que utilizou dados de sensoriamento remoto de alta precis\u00e3o da empresa Chloris Geospatial Inc., com tecnologia LiDAR e imagens de sat\u00e9lite \u2014, a <strong>vegeta\u00e7\u00e3o goiana<\/strong> tem <strong>removido mais g\u00e1s carb\u00f4nico da atmosfera do que tem emitido<\/strong>, o que \u00e9 <strong>resultado da redu\u00e7\u00e3o do desmatamento<\/strong> e do avan\u00e7o da <strong>regenera\u00e7\u00e3o da vegeta\u00e7\u00e3o nativa<\/strong>. Em <strong>2024<\/strong>, o estado registrou a <strong>menor taxa de desmatamento de sua hist\u00f3ria<\/strong>.\u00a0<\/p>\n<p>O resultado <strong>consolida<\/strong> Goi\u00e1s como <strong>refer\u00eancia nacional em conserva\u00e7\u00e3o do Cerrado<\/strong> e levou \u00e0 <strong>aprova\u00e7\u00e3o<\/strong>, por parte do Minist\u00e9rio do Meio Ambiente e Mudan\u00e7a do Clima (MMA), da <strong>elegibilidade do estado para acessar recursos de REDD+<\/strong> \u2014 mecanismo financeiro de recompensa pela redu\u00e7\u00e3o da emiss\u00e3o de gases estufa \u2014, equivalentes a <strong>182 milh\u00f5es de toneladas de CO\u2082<\/strong> n\u00e3o emitidas entre 2011 e 2020.<\/p>\n<p>O <strong>objetivo<\/strong> do <strong>governo<\/strong> do estado \u00e9 <strong>estruturar um programa jurisdicional de REDD+,<\/strong> voltado \u00e0 <strong>gera\u00e7\u00e3o<\/strong> de <strong>cr\u00e9ditos<\/strong> de carbono e \u00e0 <strong>atra\u00e7\u00e3o<\/strong> de novos <strong>financiamentos<\/strong> clim\u00e1ticos internacionais.<\/p>\n<p>\u00a0<\/p>\n<h2>REDD+<\/h2>\n<p>\u00a0<\/p>\n<p>O <strong>REDD+<\/strong> \u00e9 um <strong>mecanismo<\/strong> de <strong>incentivo<\/strong> <strong>financeiro<\/strong> <strong>desenvolvido<\/strong> pela Organiza\u00e7\u00e3o das Na\u00e7\u00f5es Unidas (<strong>ONU<\/strong>) visando <strong>recompensar<\/strong> <strong>pa\u00edses<\/strong> emergentes e em desenvolvimento pela <strong>redu\u00e7\u00e3o das emiss\u00f5es de gases<\/strong> do efeito estufa por meio da <strong>conserva\u00e7\u00e3o de florestas<\/strong>.<\/p>\n<p>A sigla significa &#8220;<strong>Redu\u00e7\u00e3o de Emiss\u00f5es por Desmatamento e Degrada\u00e7\u00e3o Florestal<\/strong>&#8220;, e o sinal de \u201c<strong>+<\/strong>\u201d representa a <strong>conserva\u00e7\u00e3o<\/strong>, o <strong>manejo sustent\u00e1vel<\/strong> e o <strong>aumento do estoque<\/strong> de carbono florestal.<\/p>\n<p>\t\t\t\t\t\t\t\t\t<img decoding=\"async\" src=\"https:\/\/brasil61.com\/api\/v1\/serve_pixel\/22254\/85769\" alt=\"Pixel Brasil 61\" class=\"b61_pixel\" width=\"0\" height=\"0\"><\/p>\n<div class=\"br61_backlink\">\n<p>\n\t\t\t\tFonte: <a href=\"https:\/\/brasil61.com\/goias-e-o-primeiro-estado-do-brasil-com-carbono-positivo-no-uso-da-terra-revela-pesquisa-bras2515124\" title=\"Artigo Original: Goi\u00e1s \u00e9 o primeiro estado do Brasil com \u201ccarbono positivo\u201d no uso da terra, revela pesquisa\" target=\"_blank\" rel=\"noopener\">Brasil 61<\/a>\n\t\t\t<\/p>\n<\/p><\/div>\n<input type=\"hidden\" id=\"baseurl\" value=\"https:\/\/noticiasregionais.com.br\"><input type=\"hidden\" id=\"audio_nonce\" value=\"533fbb67b1\">","protected":false},"excerpt":{"rendered":"<p>Estudo realizado pelo Earth Innovation Institute (EII) mostrou que o estado \u00e9 o primeiro do Brasil cuja vegeta\u00e7\u00e3o remove mais CO\u2082 da atmosfera do que emite<\/p>\n","protected":false},"author":1,"featured_media":10977,"comment_status":"closed","ping_status":"open","sticky":false,"template":"","format":"standard","meta":{"sfsi_plus_gutenberg_text_before_share":"","sfsi_plus_gutenberg_show_text_before_share":"","sfsi_plus_gutenberg_icon_type":"","sfsi_plus_gutenberg_icon_alignemt":"","sfsi_plus_gutenburg_max_per_row":"","footnotes":""},"categories":[8],"tags":[],"class_list":["post-10926","post","type-post","status-publish","format-standard","has-post-thumbnail","hentry","category-brasil"],"_links":{"self":[{"href":"https:\/\/noticiasregionais.com.br\/index.php?rest_route=\/wp\/v2\/posts\/10926","targetHints":{"allow":["GET"]}}],"collection":[{"href":"https:\/\/noticiasregionais.com.br\/index.php?rest_route=\/wp\/v2\/posts"}],"about":[{"href":"https:\/\/noticiasregionais.com.br\/index.php?rest_route=\/wp\/v2\/types\/post"}],"author":[{"embeddable":true,"href":"https:\/\/noticiasregionais.com.br\/index.php?rest_route=\/wp\/v2\/users\/1"}],"replies":[{"embeddable":true,"href":"https:\/\/noticiasregionais.com.br\/index.php?rest_route=%2Fwp%2Fv2%2Fcomments&post=10926"}],"version-history":[{"count":1,"href":"https:\/\/noticiasregionais.com.br\/index.php?rest_route=\/wp\/v2\/posts\/10926\/revisions"}],"predecessor-version":[{"id":10976,"href":"https:\/\/noticiasregionais.com.br\/index.php?rest_route=\/wp\/v2\/posts\/10926\/revisions\/10976"}],"wp:featuredmedia":[{"embeddable":true,"href":"https:\/\/noticiasregionais.com.br\/index.php?rest_route=\/wp\/v2\/media\/10977"}],"wp:attachment":[{"href":"https:\/\/noticiasregionais.com.br\/index.php?rest_route=%2Fwp%2Fv2%2Fmedia&parent=10926"}],"wp:term":[{"taxonomy":"category","embeddable":true,"href":"https:\/\/noticiasregionais.com.br\/index.php?rest_route=%2Fwp%2Fv2%2Fcategories&post=10926"},{"taxonomy":"post_tag","embeddable":true,"href":"https:\/\/noticiasregionais.com.br\/index.php?rest_route=%2Fwp%2Fv2%2Ftags&post=10926"}],"curies":[{"name":"wp","href":"https:\/\/api.w.org\/{rel}","templated":true}]}}